{"id":73820,"date":"2026-08-31T11:29:16","date_gmt":"2026-08-31T14:29:16","guid":{"rendered":"https:\/\/blogdafeira.com.br\/home\/?p=73820"},"modified":"2026-08-31T11:29:16","modified_gmt":"2026-08-31T14:29:16","slug":"prefeitura-de-feira-e-senar-divergem-sobre-area-doada-para-o-centro-de-zootecnia-no-parque-de-exposicoes","status":"publish","type":"post","link":"https:\/\/blogdafeira.com.br\/home\/2026\/08\/31\/prefeitura-de-feira-e-senar-divergem-sobre-area-doada-para-o-centro-de-zootecnia-no-parque-de-exposicoes\/","title":{"rendered":"Prefeitura de Feira e Senar divergem sobre \u00e1rea doada para o Centro de Zootecnia no Parque de Exposi\u00e7\u00f5es"},"content":{"rendered":"<div id=\"blogd-3900010201\" class=\"blogd-fim-do-post-mobile blogd-entity-placement\" style=\"margin-left: auto;margin-right: auto;text-align: center;\"><a href=\"https:\/\/expofeira.ba.gov.br\/\" target=_blank><picture>\r\n  <source media=\"(min-width: 768px)\" srcset=\"https:\/\/blogdafeira.com.br\/home\/wp-content\/uploads\/2026\/08\/980x1503.gif\">\r\n  \r\n  <img decoding=\"async\" src=\"https:\/\/blogdafeira.com.br\/home\/wp-content\/uploads\/2026\/08\/350x2005.gif\" alt=\"Publicidade\" style=\"width: 100%; max-width: 100%; height: auto; display: block; margin: 0 auto;\">\r\n\t<\/picture><\/a><\/div><p>Uma pequena \u00e1rea de terra no Parque de Exposi\u00e7\u00f5es \u00e9 motivo de uma diverg\u00eancia entre a Prefeitura de Feira e o Centro de Zootecnia do Senar, constru\u00eddo no Parque de Exposi\u00e7\u00f5es Jo\u00e3o Martins, onde acontecer\u00e1 a Expofeira, a partir do pr\u00f3ximo dia 6.<\/p>\n<p>Para a constru\u00e7\u00e3o do Centro, inaugurado em 26 de setembro do ano passado, o Munic\u00edpio, atrav\u00e9s da Prefeitura, doou 20 mil metros quadrados da \u00e1rea total do Parque, que \u00e9 em torno de 180 mil.<\/p>\n<p><img loading=\"lazy\" decoding=\"async\" class=\"aligncenter size-medium wp-image-73821\" src=\"https:\/\/blogdafeira.com.br\/home\/wp-content\/uploads\/2026\/08\/IMG_20260831_0804233912-346x259.jpg\" alt=\"\" width=\"346\" height=\"259\" srcset=\"https:\/\/blogdafeira.com.br\/home\/wp-content\/uploads\/2026\/08\/IMG_20260831_0804233912-346x259.jpg 346w, https:\/\/blogdafeira.com.br\/home\/wp-content\/uploads\/2026\/08\/IMG_20260831_0804233912-1024x766.jpg 1024w, https:\/\/blogdafeira.com.br\/home\/wp-content\/uploads\/2026\/08\/IMG_20260831_0804233912-170x127.jpg 170w, https:\/\/blogdafeira.com.br\/home\/wp-content\/uploads\/2026\/08\/IMG_20260831_0804233912-768x575.jpg 768w, https:\/\/blogdafeira.com.br\/home\/wp-content\/uploads\/2026\/08\/IMG_20260831_0804233912-1536x1149.jpg 1536w, https:\/\/blogdafeira.com.br\/home\/wp-content\/uploads\/2026\/08\/IMG_20260831_0804233912-2048x1532.jpg 2048w, https:\/\/blogdafeira.com.br\/home\/wp-content\/uploads\/2026\/08\/IMG_20260831_0804233912-250x187.jpg 250w, https:\/\/blogdafeira.com.br\/home\/wp-content\/uploads\/2026\/08\/IMG_20260831_0804233912-1170x875.jpg 1170w\" sizes=\"auto, (max-width: 346px) 100vw, 346px\" \/><\/p>\n<p>A \u00e1rea fica junta ao muro que separa os m\u00f3dulos e audit\u00f3rio (foto) do restante do Parque. O Senar j\u00e1 come\u00e7ou\u00a0 a murar \u00a0para incorpora\u00e7\u00e3o ao restante do terreno. T\u00e9cnicos da Prefeitura asseguram que a medi\u00e7\u00e3o feita n\u00e3o abrange essa parte.<\/p>\n<div id=\"blogd-903493517\" class=\"blogd-final-post blogd-entity-placement\"><a href=\"https:\/\/www.feiradesantana.ba.leg.br\/\" target=\"_blank\" aria-label=\"BANNER-SITE_CA\u0302MARA_AGOSTO_728x90px\"><img loading=\"lazy\" decoding=\"async\" src=\"https:\/\/blogdafeira.com.br\/home\/wp-content\/uploads\/2026\/03\/BANNER-SITE_CAMARA_AGOSTO_728x90px.gif\" alt=\"\"  class=\"no-lazyload\" width=\"728\" height=\"90\"   \/><\/a><\/div><p>O assunto ainda n\u00e3o est\u00e1 sendo tratado formalmente.\u00a0 Mas j\u00e1 chegou ao conhecimento do prefeito Z\u00e9 Ronaldo. Os preparativos para a ExpoFeira trouxe o assunto \u00e0 tona.<\/p>\n<p>&nbsp;<\/p>\n","protected":false},"excerpt":{"rendered":"<p>Uma pequena \u00e1rea de terra no Parque de Exposi\u00e7\u00f5es \u00e9 motivo de uma diverg\u00eancia entre a Prefeitura de Feira e o Centro de Zootecnia do Senar, constru\u00eddo no Parque de Exposi\u00e7\u00f5es Jo\u00e3o Martins, onde acontecer\u00e1 a Expofeira, a partir do pr\u00f3ximo dia 6. Para a constru\u00e7\u00e3o do Centro, inaugurado em 26 de setembro do ano<\/p>\n","protected":false},"author":1,"featured_media":73822,"comment_status":"open","ping_status":"open","sticky":false,"template":"","format":"standard","meta":{"cybocfi_hide_featured_image":"","_jetpack_newsletter_access":"","_jetpack_dont_email_post_to_subs":false,"_jetpack_newsletter_tier_id":0,"_jetpack_memberships_contains_paywalled_content":false,"_jetpack_memberships_contains_paid_content":false,"footnotes":"","jetpack_publicize_message":"","jetpack_publicize_feature_enabled":true,"jetpack_social_post_already_shared":true,"jetpack_social_options":{"image_generator_settings":{"template":"highway","default_image_id":0,"font":"","enabled":false},"version":2},"jetpack_post_was_ever_published":false},"categories":[3,603,751],"tags":[],"class_list":["post-73820","post","type-post","status-publish","format-standard","has-post-thumbnail","hentry","category-cidade","category-destaques","category-geral"],"jetpack_publicize_connections":[],"jetpack_featured_media_url":"https:\/\/blogdafeira.com.br\/home\/wp-content\/uploads\/2026\/08\/IMG_20260831_075705109_HDR2-scaled.jpg","jetpack_shortlink":"https:\/\/wp.me\/p3niVf-jcE","jetpack_sharing_enabled":true,"jetpack-related-posts":[{"id":63562,"url":"https:\/\/blogdafeira.com.br\/home\/2024\/09\/02\/cna-mostra-maquete-virtual-do-centro-de-zootecnia-em-mega-estande-na-expofeira\/","url_meta":{"origin":73820,"position":0},"title":"CNA mostra maquete virtual do Centro de Zootecnia em mega estande na ExpoFeira","author":"Blog da Feira","date":"02\/09\/2024","format":false,"excerpt":"Maquetes virtuais exibem como ser\u00e1 o futuro Centro de Excel\u00eancia em Zootecnia do Senar, que est\u00e1 em constru\u00e7\u00e3o no Parque de Exposi\u00e7\u00f5es Jo\u00e3o Martins, onde acontece, at\u00e9 domingo,8, a Expofeira,\u00a0 Exposi\u00e7\u00e3o Agropecu\u00e1ria de Feira de Santana.. O mega estande da Confedera\u00e7\u00e3o Nacional da Agricultura (CNA), na ExpoFeira, al\u00e9m da maquete,\u2026","rel":"","context":"Em &quot;Economia&quot;","block_context":{"text":"Economia","link":"https:\/\/blogdafeira.com.br\/home\/categoria\/economia\/"},"img":{"alt_text":"","src":"https:\/\/i0.wp.com\/blogdafeira.com.br\/home\/wp-content\/uploads\/2024\/09\/IMG-20240902-WA0009.jpg?resize=350%2C200&ssl=1","width":350,"height":200,"srcset":"https:\/\/i0.wp.com\/blogdafeira.com.br\/home\/wp-content\/uploads\/2024\/09\/IMG-20240902-WA0009.jpg?resize=350%2C200&ssl=1 1x, https:\/\/i0.wp.com\/blogdafeira.com.br\/home\/wp-content\/uploads\/2024\/09\/IMG-20240902-WA0009.jpg?resize=525%2C300&ssl=1 1.5x, https:\/\/i0.wp.com\/blogdafeira.com.br\/home\/wp-content\/uploads\/2024\/09\/IMG-20240902-WA0009.jpg?resize=700%2C400&ssl=1 2x"},"classes":[]},{"id":63717,"url":"https:\/\/blogdafeira.com.br\/home\/2024\/09\/11\/expofeira-gerou-17-milhoes-em-negocios-diz-a-prefeitura-em-balanco-sobre-o-evento\/","url_meta":{"origin":73820,"position":1},"title":"ExpoFeira gerou 17 milh\u00f5es em neg\u00f3cios, diz a Prefeitura em balan\u00e7o sobre o evento","author":"Blog da Feira","date":"11\/09\/2024","format":false,"excerpt":"A 45* ExpoFeira, que terminou domingo, gerou. neg\u00f3cios que envolveram cerca de 17 milh\u00f5es de reais, disse a Prefeitura de Feira, em balan\u00e7o sobre o evento, apresentado, hoje, \u00e0 imprensa e autoridades pelo prefeito Colbert Filho e o secret\u00e1rio estadual da Agricultura, Alexandre Monteiro.Os n\u00fameros e dados apresentados mostraram uma\u2026","rel":"","context":"Em &quot;Geral&quot;","block_context":{"text":"Geral","link":"https:\/\/blogdafeira.com.br\/home\/categoria\/geral\/"},"img":{"alt_text":"","src":"https:\/\/i0.wp.com\/blogdafeira.com.br\/home\/wp-content\/uploads\/2024\/09\/IMG_20240911_111609661_HDR-scaled.jpg?resize=350%2C200&ssl=1","width":350,"height":200,"srcset":"https:\/\/i0.wp.com\/blogdafeira.com.br\/home\/wp-content\/uploads\/2024\/09\/IMG_20240911_111609661_HDR-scaled.jpg?resize=350%2C200&ssl=1 1x, https:\/\/i0.wp.com\/blogdafeira.com.br\/home\/wp-content\/uploads\/2024\/09\/IMG_20240911_111609661_HDR-scaled.jpg?resize=525%2C300&ssl=1 1.5x, https:\/\/i0.wp.com\/blogdafeira.com.br\/home\/wp-content\/uploads\/2024\/09\/IMG_20240911_111609661_HDR-scaled.jpg?resize=700%2C400&ssl=1 2x, https:\/\/i0.wp.com\/blogdafeira.com.br\/home\/wp-content\/uploads\/2024\/09\/IMG_20240911_111609661_HDR-scaled.jpg?resize=1050%2C600&ssl=1 3x, https:\/\/i0.wp.com\/blogdafeira.com.br\/home\/wp-content\/uploads\/2024\/09\/IMG_20240911_111609661_HDR-scaled.jpg?resize=1400%2C800&ssl=1 4x"},"classes":[]},{"id":57917,"url":"https:\/\/blogdafeira.com.br\/home\/2023\/06\/01\/camara-de-vereadores-de-feira-aprova-cessao-de-area-publica-ao-senar\/","url_meta":{"origin":73820,"position":2},"title":"C\u00e2mara de Vereadores de Feira aprova cess\u00e3o de \u00e1rea p\u00fablica ao Senar","author":"Blog da Feira","date":"01\/06\/2023","format":false,"excerpt":"A C\u00e2mara de Feira de Santana aprovou em primeira e segunda vota\u00e7\u00f5es, esta quinta (1), autoriza\u00e7\u00e3o legislativa para que o Governo Municipal possa ceder, ao Senar (Servi\u00e7o Nacional de Aprendizagem Rural) uma \u00e1rea de 20 mil metros quadrados no Parque de Exposi\u00e7\u00f5es Jo\u00e3o Martins da Silva. O projeto, que teve\u2026","rel":"","context":"Em &quot;Home&quot;","block_context":{"text":"Home","link":"https:\/\/blogdafeira.com.br\/home\/categoria\/raiz\/"},"img":{"alt_text":"","src":"https:\/\/i0.wp.com\/blogdafeira.com.br\/home\/wp-content\/uploads\/2023\/06\/6478f23ebadcb.jpg?resize=350%2C200&ssl=1","width":350,"height":200,"srcset":"https:\/\/i0.wp.com\/blogdafeira.com.br\/home\/wp-content\/uploads\/2023\/06\/6478f23ebadcb.jpg?resize=350%2C200&ssl=1 1x, https:\/\/i0.wp.com\/blogdafeira.com.br\/home\/wp-content\/uploads\/2023\/06\/6478f23ebadcb.jpg?resize=525%2C300&ssl=1 1.5x, https:\/\/i0.wp.com\/blogdafeira.com.br\/home\/wp-content\/uploads\/2023\/06\/6478f23ebadcb.jpg?resize=700%2C400&ssl=1 2x, https:\/\/i0.wp.com\/blogdafeira.com.br\/home\/wp-content\/uploads\/2023\/06\/6478f23ebadcb.jpg?resize=1050%2C600&ssl=1 3x"},"classes":[]},{"id":57901,"url":"https:\/\/blogdafeira.com.br\/home\/2023\/05\/31\/vereadores-apresentam-quatro-emendas-ao-projeto-senar-parque-de-exposicoes\/","url_meta":{"origin":73820,"position":3},"title":"Vereadores apresentam quatro emendas ao &#8216;Projeto Senar\/Parque de Exposi\u00e7\u00f5es&#8217;","author":"Blog da Feira","date":"31\/05\/2023","format":false,"excerpt":"Entra na pauta da sess\u00e3o desta quinta-feira,1, na\u00a0 C\u00e2mara de Vereadores Feira de Santana, o projeto do Executivo que cede uma \u00e1rea de terra do Parque de Exposi\u00e7\u00f5es Jo\u00e3o Martins da Silva para a implanta\u00e7\u00e3o de uma unidade do Senar. Dois vereadores deram entrada em quatro emendas ao projeto -\u2026","rel":"","context":"Em &quot;Geral&quot;","block_context":{"text":"Geral","link":"https:\/\/blogdafeira.com.br\/home\/categoria\/geral\/"},"img":{"alt_text":"","src":"https:\/\/i0.wp.com\/blogdafeira.com.br\/home\/wp-content\/uploads\/2023\/05\/images-8.jpeg?resize=350%2C200&ssl=1","width":350,"height":200},"classes":[]},{"id":57945,"url":"https:\/\/blogdafeira.com.br\/home\/2023\/06\/04\/o-sonho-de-leninha-do-mst-e-a-escola-do-senar-no-parque-de-exposicoes\/","url_meta":{"origin":73820,"position":4},"title":"O sonho de Leninha do MST e a escola do Senar no Parque de Exposi\u00e7\u00f5es","author":"J\u00e2nio R\u00eago","date":"04\/06\/2023","format":false,"excerpt":"H\u00e1 tr\u00eas anos, em mat\u00e9ria publicada aqui no BF, a l\u00edder da ocupa\u00e7\u00e3o do MST em terras da Fazenda Moc\u00f3 em Feira de Santana, Maria Helena Ramos, sonhava\u00a0 com a instala\u00e7\u00e3o de uma \"escola t\u00e9cnica\" em \u00e1rea da fazenda que est\u00e1 em desuso para atender n\u00e3o apenas as crian\u00e7as da\u2026","rel":"","context":"Em &quot;Home&quot;","block_context":{"text":"Home","link":"https:\/\/blogdafeira.com.br\/home\/categoria\/raiz\/"},"img":{"alt_text":"","src":"https:\/\/i0.wp.com\/blogdafeira.com.br\/home\/wp-content\/uploads\/2023\/06\/leninha.jpg?resize=350%2C200&ssl=1","width":350,"height":200,"srcset":"https:\/\/i0.wp.com\/blogdafeira.com.br\/home\/wp-content\/uploads\/2023\/06\/leninha.jpg?resize=350%2C200&ssl=1 1x, https:\/\/i0.wp.com\/blogdafeira.com.br\/home\/wp-content\/uploads\/2023\/06\/leninha.jpg?resize=525%2C300&ssl=1 1.5x, https:\/\/i0.wp.com\/blogdafeira.com.br\/home\/wp-content\/uploads\/2023\/06\/leninha.jpg?resize=700%2C400&ssl=1 2x, https:\/\/i0.wp.com\/blogdafeira.com.br\/home\/wp-content\/uploads\/2023\/06\/leninha.jpg?resize=1050%2C600&ssl=1 3x, https:\/\/i0.wp.com\/blogdafeira.com.br\/home\/wp-content\/uploads\/2023\/06\/leninha.jpg?resize=1400%2C800&ssl=1 4x"},"classes":[]},{"id":57638,"url":"https:\/\/blogdafeira.com.br\/home\/2023\/05\/15\/camara-faz-audiencia-publica-antes-de-cede-hectares-do-parque-de-exposicao-para-o-senarira\/","url_meta":{"origin":73820,"position":5},"title":"C\u00e2mara faz &#8220;audi\u00eancia p\u00fablica&#8221; antes de ceder hectares do Parque de Exposi\u00e7\u00e3o para o SENAR","author":"Blog da Feira","date":"15\/05\/2023","format":false,"excerpt":"Tr\u00eas hectares da \u00e1rea do Parque de Exposi\u00e7\u00e3o de Feira de Santana, um im\u00f3vel p\u00fablico com mais de 40 anos de exist\u00eancia poder\u00e1 ser ocupado por um Centro voltado para a forma\u00e7\u00e3o rural administrado pelo Senar, \u00f3rgt\u00e3o vinculado \u00e0 Confedera\u00e7\u00e3o Nacional da Agricultura (CNA) hoje presidida pelo pecuarista feirense Jo\u00e3o\u2026","rel":"","context":"Em &quot;Home&quot;","block_context":{"text":"Home","link":"https:\/\/blogdafeira.com.br\/home\/categoria\/raiz\/"},"img":{"alt_text":"","src":"https:\/\/i0.wp.com\/blogdafeira.com.br\/home\/wp-content\/uploads\/2023\/05\/f892de9fb0dcf1425d15d9815ae6bc42.jpg?resize=350%2C200&ssl=1","width":350,"height":200,"srcset":"https:\/\/i0.wp.com\/blogdafeira.com.br\/home\/wp-content\/uploads\/2023\/05\/f892de9fb0dcf1425d15d9815ae6bc42.jpg?resize=350%2C200&ssl=1 1x, https:\/\/i0.wp.com\/blogdafeira.com.br\/home\/wp-content\/uploads\/2023\/05\/f892de9fb0dcf1425d15d9815ae6bc42.jpg?resize=525%2C300&ssl=1 1.5x"},"classes":[]}],"_links":{"self":[{"href":"https:\/\/blogdafeira.com.br\/home\/wp-json\/wp\/v2\/posts\/73820","targetHints":{"allow":["GET"]}}],"collection":[{"href":"https:\/\/blogdafeira.com.br\/home\/wp-json\/wp\/v2\/posts"}],"about":[{"href":"https:\/\/blogdafeira.com.br\/home\/wp-json\/wp\/v2\/types\/post"}],"author":[{"embeddable":true,"href":"https:\/\/blogdafeira.com.br\/home\/wp-json\/wp\/v2\/users\/1"}],"replies":[{"embeddable":true,"href":"https:\/\/blogdafeira.com.br\/home\/wp-json\/wp\/v2\/comments?post=73820"}],"version-history":[{"count":1,"href":"https:\/\/blogdafeira.com.br\/home\/wp-json\/wp\/v2\/posts\/73820\/revisions"}],"predecessor-version":[{"id":73823,"href":"https:\/\/blogdafeira.com.br\/home\/wp-json\/wp\/v2\/posts\/73820\/revisions\/73823"}],"wp:featuredmedia":[{"embeddable":true,"href":"https:\/\/blogdafeira.com.br\/home\/wp-json\/wp\/v2\/media\/73822"}],"wp:attachment":[{"href":"https:\/\/blogdafeira.com.br\/home\/wp-json\/wp\/v2\/media?parent=73820"}],"wp:term":[{"taxonomy":"category","embeddable":true,"href":"https:\/\/blogdafeira.com.br\/home\/wp-json\/wp\/v2\/categories?post=73820"},{"taxonomy":"post_tag","embeddable":true,"href":"https:\/\/blogdafeira.com.br\/home\/wp-json\/wp\/v2\/tags?post=73820"}],"curies":[{"name":"wp","href":"https:\/\/api.w.org\/{rel}","templated":true}]}}