{"id":73824,"date":"2026-08-31T11:36:20","date_gmt":"2026-08-31T14:36:20","guid":{"rendered":"https:\/\/blogdafeira.com.br\/home\/?p=73824"},"modified":"2026-08-31T11:36:20","modified_gmt":"2026-08-31T14:36:20","slug":"o-voto-no-candidato-da-terra","status":"publish","type":"post","link":"https:\/\/blogdafeira.com.br\/home\/2026\/08\/31\/o-voto-no-candidato-da-terra\/","title":{"rendered":"O voto no candidato \u201cda terra\u201d"},"content":{"rendered":"<div id=\"blogd-3340041669\" class=\"blogd-fim-do-post-mobile blogd-entity-placement\" style=\"margin-left: auto;margin-right: auto;text-align: center;\"><a href=\"https:\/\/expofeira.ba.gov.br\/\" target=_blank><picture>\r\n  <source media=\"(min-width: 768px)\" srcset=\"https:\/\/blogdafeira.com.br\/home\/wp-content\/uploads\/2026\/08\/980x1503.gif\">\r\n  \r\n  <img decoding=\"async\" src=\"https:\/\/blogdafeira.com.br\/home\/wp-content\/uploads\/2026\/08\/350x2005.gif\" alt=\"Publicidade\" style=\"width: 100%; max-width: 100%; height: auto; display: block; margin: 0 auto;\">\r\n\t<\/picture><\/a><\/div><p>H\u00e1 d\u00e9cadas, na Feira de Santana, fala-se na elei\u00e7\u00e3o de candidatos locais para representar a cidade nos parlamentos. Segundo o entendimento corrente, caso eleitos, estes pol\u00edticos representariam melhor a Princesa do Sert\u00e3o por conhecer suas mazelas, pela possibilidade de direcionar emendas, pela maior disposi\u00e7\u00e3o de defender os interesses feirenses. Ent\u00e3o, s\u00e3o comuns campanhas recomendando o voto nos pol\u00edticos locais na imprensa, em out door, etc.<\/p>\n<p>As regras eleitorais vigentes no Brasil, por\u00e9m, n\u00e3o preveem o voto distrital. Ao contr\u00e1rio: os candidatos mais bem sucedidos costumam ser aqueles que disp\u00f5em de m\u00faltiplas bases, amealhando votos em munic\u00edpios diversos. Em grande medida, as emendas parlamentares ajudam a convencer pol\u00edticos locais \u2013 prefeitos e vereadores \u2013 e a pr\u00f3pria popula\u00e7\u00e3o.<\/p>\n<p>Candidatos que representam institui\u00e7\u00f5es \u2013 como sindicatos, entidades patronais e associa\u00e7\u00f5es \u2013 tamb\u00e9m costumam contar com o voto pulverizado para se eleger. H\u00e1, ainda, uma esp\u00e9cie de pol\u00edtico que est\u00e1 em extin\u00e7\u00e3o, mas que tamb\u00e9m disp\u00f5e do voto dilu\u00eddo espacialmente: aquele que personifica uma ideologia ou o conjunto de aspira\u00e7\u00f5es de parcelas da sociedade.<\/p>\n<p>Somando tudo, a din\u00e2mica do jogo eleitoral dificulta a elei\u00e7\u00e3o dos candidatos \u201clocais\u201d. \u00c9 ruim? Depende dos nomes que pretendem representar a popula\u00e7\u00e3o. No parlamento, o sujeito pode at\u00e9 destinar emendas, fazer discursos ufanistas, teatralizar a defesa do seu rinc\u00e3o. Mas a atua\u00e7\u00e3o parlamentar n\u00e3o se esgota a\u00ed, no restrito foco provinciano. Como estas pessoas se posicionam, por exemplo, em rela\u00e7\u00e3o \u00e0s quest\u00f5es nacionais?<\/p>\n<p>As \u00faltimas elei\u00e7\u00f5es mostram que, no geral, o eleitorado n\u00e3o fica muito preocupado em votar em candidato \u201cda terra\u201d, como se diz. N\u00e3o apenas aqui na Feira de Santana, \u00e9 bom ressaltar. A queixa dissemina-se Bahia e Brasil afora. \u00c0 frente da op\u00e7\u00e3o de voto, pelo jeito, colocam-se outros crit\u00e9rios, que as regras do jogo eleitoral costumam moldar.<\/p>\n<div id=\"blogd-954404985\" class=\"blogd-final-post blogd-entity-placement\"><a href=\"https:\/\/www.feiradesantana.ba.leg.br\/\" target=\"_blank\" aria-label=\"BANNER-SITE_CA\u0302MARA_AGOSTO_728x90px\"><img loading=\"lazy\" decoding=\"async\" src=\"https:\/\/blogdafeira.com.br\/home\/wp-content\/uploads\/2026\/03\/BANNER-SITE_CAMARA_AGOSTO_728x90px.gif\" alt=\"\"  class=\"no-lazyload\" width=\"728\" height=\"90\"   \/><\/a><\/div><p>Mas as reivindica\u00e7\u00f5es pelo voto nos \u201cda terra\u201d \u00e9 sempre leg\u00edtima, \u00f3bvio.<\/p>\n","protected":false},"excerpt":{"rendered":"<p>H\u00e1 d\u00e9cadas, na Feira de Santana, fala-se na elei\u00e7\u00e3o de candidatos locais para representar a cidade nos parlamentos. Segundo o entendimento corrente, caso eleitos, estes pol\u00edticos representariam melhor a Princesa do Sert\u00e3o por conhecer suas mazelas, pela possibilidade de direcionar emendas, pela maior disposi\u00e7\u00e3o de defender os interesses feirenses. Ent\u00e3o, s\u00e3o comuns campanhas recomendando o<\/p>\n","protected":false},"author":13,"featured_media":73825,"comment_status":"open","ping_status":"open","sticky":false,"template":"","format":"standard","meta":{"cybocfi_hide_featured_image":"","_jetpack_newsletter_access":"","_jetpack_dont_email_post_to_subs":false,"_jetpack_newsletter_tier_id":0,"_jetpack_memberships_contains_paywalled_content":false,"_jetpack_memberships_contains_paid_content":false,"footnotes":"","jetpack_publicize_message":"","jetpack_publicize_feature_enabled":true,"jetpack_social_post_already_shared":true,"jetpack_social_options":{"image_generator_settings":{"template":"highway","default_image_id":0,"font":"","enabled":false},"version":2},"jetpack_post_was_ever_published":false},"categories":[1],"tags":[],"class_list":["post-73824","post","type-post","status-publish","format-standard","has-post-thumbnail","hentry","category-raiz"],"jetpack_publicize_connections":[],"jetpack_featured_media_url":"https:\/\/blogdafeira.com.br\/home\/wp-content\/uploads\/2026\/08\/Screenshot_20260831-113512.png","jetpack_shortlink":"https:\/\/wp.me\/p3niVf-jcI","jetpack_sharing_enabled":true,"jetpack-related-posts":[{"id":72468,"url":"https:\/\/blogdafeira.com.br\/home\/2026\/05\/18\/como-funcionara-o-voto-distrital-misto-se-for-aprovado-pelo-congresso\/","url_meta":{"origin":73824,"position":0},"title":"Como funcionar\u00e1 o voto distrital misto se for aprovado pelo Congresso","author":"Blog da Feira","date":"18\/05\/2026","format":false,"excerpt":"O PL 9.212\/2017, que prev\u00ea a altera\u00e7\u00e3o da legisla\u00e7\u00e3o eleitoral para instituir o modelo de voto distrital misto no Brasil, de autoria do deputado federal Domingos Neto (PSD-CE), est\u00e1 tramitando na C\u00e2mara Federal e\u00a0 a expectativa \u00e9 construir at\u00e9 o fim de maio uma agenda para vota\u00e7\u00e3o do projeto em\u2026","rel":"","context":"Em &quot;Home&quot;","block_context":{"text":"Home","link":"https:\/\/blogdafeira.com.br\/home\/categoria\/raiz\/"},"img":{"alt_text":"","src":"https:\/\/i0.wp.com\/blogdafeira.com.br\/home\/wp-content\/uploads\/2026\/05\/nova-urna-eletronica-foto-abdias-pinheiro-tse-divulgacao.jpg?resize=350%2C200&ssl=1","width":350,"height":200,"srcset":"https:\/\/i0.wp.com\/blogdafeira.com.br\/home\/wp-content\/uploads\/2026\/05\/nova-urna-eletronica-foto-abdias-pinheiro-tse-divulgacao.jpg?resize=350%2C200&ssl=1 1x, https:\/\/i0.wp.com\/blogdafeira.com.br\/home\/wp-content\/uploads\/2026\/05\/nova-urna-eletronica-foto-abdias-pinheiro-tse-divulgacao.jpg?resize=525%2C300&ssl=1 1.5x, https:\/\/i0.wp.com\/blogdafeira.com.br\/home\/wp-content\/uploads\/2026\/05\/nova-urna-eletronica-foto-abdias-pinheiro-tse-divulgacao.jpg?resize=700%2C400&ssl=1 2x"},"classes":[]},{"id":12702,"url":"https:\/\/blogdafeira.com.br\/home\/2014\/10\/03\/locais-de-votacao-dos-politicos-ronaldo-e-luciano-votam-no-ginasio-municipal\/","url_meta":{"origin":73824,"position":1},"title":"Locais de vota\u00e7\u00e3o dos pol\u00edticos: Ronaldo e Luciano no Gin\u00e1sio Municipal","author":"Blog da Feira","date":"03\/10\/2014","format":false,"excerpt":"Neste domingo, 5, o candidato do PT ao Governo da Bahia,\u00a0Rui Costa\u00a0vota \u00e0s 10 horas no Col\u00e9gio Duque de Caxias,Salvador, Bairro da Liberdade, segunda se\u00e7\u00e3o, e\u00a0Paulo Souto, candidato do DEM,\u00a0na Escola Pedro Calmon, em Salvador, no Jardim Arma\u00e7\u00e3o.\u00a0 L\u00eddice da Mata, candidata a governadora pelo PSB\u00a0vota no Col\u00e9gio Estadual Luiz\u2026","rel":"","context":"Em &quot;Home&quot;","block_context":{"text":"Home","link":"https:\/\/blogdafeira.com.br\/home\/categoria\/raiz\/"},"img":{"alt_text":"","src":"","width":0,"height":0},"classes":[]},{"id":55375,"url":"https:\/\/blogdafeira.com.br\/home\/2022\/11\/15\/emendas-ao-orcamento-da-uniao-para-2023-serao-votadas-em-dezembro\/","url_meta":{"origin":73824,"position":2},"title":"Emendas ao Or\u00e7amento da Uni\u00e3o para 2023 ser\u00e3o votadas em dezembro","author":"Blog da Feira","date":"15\/11\/2022","format":false,"excerpt":"Terminou ontem, segunda-feira (14) o prazo para que parlamentares, bancadas estaduais e colegiados permanentes da C\u00e2mara dos Deputados, do Senado Federal e do Congresso Nacional apresentassem emendas ao projeto de Lei Or\u00e7ament\u00e1ria (LOA) de 2023, (PLN 32\/22). Pelo novo cronograma para a tramita\u00e7\u00e3o do PLOA,\u00a0 o relator deve apresentar seu\u2026","rel":"","context":"Em &quot;Home&quot;","block_context":{"text":"Home","link":"https:\/\/blogdafeira.com.br\/home\/categoria\/raiz\/"},"img":{"alt_text":"","src":"https:\/\/i0.wp.com\/blogdafeira.com.br\/home\/wp-content\/uploads\/2022\/11\/img20201007102923077-768x512-1.jpg?resize=350%2C200&ssl=1","width":350,"height":200,"srcset":"https:\/\/i0.wp.com\/blogdafeira.com.br\/home\/wp-content\/uploads\/2022\/11\/img20201007102923077-768x512-1.jpg?resize=350%2C200&ssl=1 1x, https:\/\/i0.wp.com\/blogdafeira.com.br\/home\/wp-content\/uploads\/2022\/11\/img20201007102923077-768x512-1.jpg?resize=525%2C300&ssl=1 1.5x, https:\/\/i0.wp.com\/blogdafeira.com.br\/home\/wp-content\/uploads\/2022\/11\/img20201007102923077-768x512-1.jpg?resize=700%2C400&ssl=1 2x"},"classes":[]},{"id":50296,"url":"https:\/\/blogdafeira.com.br\/home\/2022\/01\/24\/as-emendas-dos-deputados-federais-para-feira-em-2021\/","url_meta":{"origin":73824,"position":3},"title":"As emendas dos deputados federais para Feira em 2021","author":"Andr\u00e9 Pomponet","date":"24\/01\/2022","format":false,"excerpt":"As emendas parlamentares est\u00e3o adquirindo import\u00e2ncia crescente no Brasil. Quem as assegura cacifa-se junto ao eleitorado, garante prest\u00edgio com o prefeito, arrebanha voto, se reelege. No ca\u00f3tico desgoverno de Jair Bolsonaro, o \u201cmito\u201d \u2013 terceirizado para o \u201cCentr\u00e3o\u201d desde um controverso arranjo ano passado \u2013, ent\u00e3o, as emendas tornaram-se essenciais\u2026","rel":"","context":"Em &quot;Cidade&quot;","block_context":{"text":"Cidade","link":"https:\/\/blogdafeira.com.br\/home\/categoria\/cidade\/"},"img":{"alt_text":"","src":"https:\/\/i0.wp.com\/blogdafeira.com.br\/home\/wp-content\/uploads\/2022\/01\/img20211216183114647-768x513-1.jpg?resize=350%2C200&ssl=1","width":350,"height":200,"srcset":"https:\/\/i0.wp.com\/blogdafeira.com.br\/home\/wp-content\/uploads\/2022\/01\/img20211216183114647-768x513-1.jpg?resize=350%2C200&ssl=1 1x, https:\/\/i0.wp.com\/blogdafeira.com.br\/home\/wp-content\/uploads\/2022\/01\/img20211216183114647-768x513-1.jpg?resize=525%2C300&ssl=1 1.5x"},"classes":[]},{"id":68971,"url":"https:\/\/blogdafeira.com.br\/home\/2025\/08\/14\/vereadores-amam-feira-mas-na-hora-da-eleicao-para-deputados-apoiam-candidatos-de-outras-regioes\/","url_meta":{"origin":73824,"position":4},"title":"Vereadores &#8220;amam Feira&#8221; mas na hora da elei\u00e7\u00e3o para deputados apoiam candidatos de outras regi\u00f5es","author":"Blog da Feira","date":"14\/08\/2025","format":false,"excerpt":"\u00c9 um estranho amor esse que Vereadores de Feira de Santana dizem ter pelo munic\u00edpio: quando chega o tempo de escolher representa\u00e7\u00f5es parlamentares, em n\u00edvel estadual e federal, os mesmos \"amantes\u00a0 incondicionais\" de Feira mostram a verdadeira face do \"amor\" que eles dizem ter: muitos\u00a0 fazem \"neg\u00f3cios eleitorais\" com candidatos\u2026","rel":"","context":"Em &quot;Home&quot;","block_context":{"text":"Home","link":"https:\/\/blogdafeira.com.br\/home\/categoria\/raiz\/"},"img":{"alt_text":"","src":"","width":0,"height":0},"classes":[]},{"id":73599,"url":"https:\/\/blogdafeira.com.br\/home\/2026\/08\/17\/nas-eleicoes-2026-potentados-economicos-largam-em-vantagem\/","url_meta":{"origin":73824,"position":5},"title":"Nas elei\u00e7\u00f5es 2026, potentados econ\u00f4micos largam em vantagem","author":"Andr\u00e9 Pomponet","date":"17\/08\/2026","format":false,"excerpt":"Ontem (16) come\u00e7ou oficialmente a campanha eleitoral de 2026. A partir de agora e at\u00e9 outubro, os candidatos aos mais diferentes cargos podem pedir votos ao eleitorado. Na Feira de Santana, diversos comit\u00eas eleitorais foram inaugurados. Houve buzinas, fogos e jingles pela cidade, normalmente silenciosa aos domingos. Tamb\u00e9m n\u00e3o foram\u2026","rel":"","context":"Em &quot;Colunistas&quot;","block_context":{"text":"Colunistas","link":"https:\/\/blogdafeira.com.br\/home\/categoria\/colunistas\/"},"img":{"alt_text":"","src":"https:\/\/i0.wp.com\/blogdafeira.com.br\/home\/wp-content\/uploads\/2026\/08\/1786984250580.png?resize=350%2C200&ssl=1","width":350,"height":200,"srcset":"https:\/\/i0.wp.com\/blogdafeira.com.br\/home\/wp-content\/uploads\/2026\/08\/1786984250580.png?resize=350%2C200&ssl=1 1x, https:\/\/i0.wp.com\/blogdafeira.com.br\/home\/wp-content\/uploads\/2026\/08\/1786984250580.png?resize=525%2C300&ssl=1 1.5x, https:\/\/i0.wp.com\/blogdafeira.com.br\/home\/wp-content\/uploads\/2026\/08\/1786984250580.png?resize=700%2C400&ssl=1 2x, https:\/\/i0.wp.com\/blogdafeira.com.br\/home\/wp-content\/uploads\/2026\/08\/1786984250580.png?resize=1050%2C600&ssl=1 3x, https:\/\/i0.wp.com\/blogdafeira.com.br\/home\/wp-content\/uploads\/2026\/08\/1786984250580.png?resize=1400%2C800&ssl=1 4x"},"classes":[]}],"_links":{"self":[{"href":"https:\/\/blogdafeira.com.br\/home\/wp-json\/wp\/v2\/posts\/73824","targetHints":{"allow":["GET"]}}],"collection":[{"href":"https:\/\/blogdafeira.com.br\/home\/wp-json\/wp\/v2\/posts"}],"about":[{"href":"https:\/\/blogdafeira.com.br\/home\/wp-json\/wp\/v2\/types\/post"}],"author":[{"embeddable":true,"href":"https:\/\/blogdafeira.com.br\/home\/wp-json\/wp\/v2\/users\/13"}],"replies":[{"embeddable":true,"href":"https:\/\/blogdafeira.com.br\/home\/wp-json\/wp\/v2\/comments?post=73824"}],"version-history":[{"count":1,"href":"https:\/\/blogdafeira.com.br\/home\/wp-json\/wp\/v2\/posts\/73824\/revisions"}],"predecessor-version":[{"id":73826,"href":"https:\/\/blogdafeira.com.br\/home\/wp-json\/wp\/v2\/posts\/73824\/revisions\/73826"}],"wp:featuredmedia":[{"embeddable":true,"href":"https:\/\/blogdafeira.com.br\/home\/wp-json\/wp\/v2\/media\/73825"}],"wp:attachment":[{"href":"https:\/\/blogdafeira.com.br\/home\/wp-json\/wp\/v2\/media?parent=73824"}],"wp:term":[{"taxonomy":"category","embeddable":true,"href":"https:\/\/blogdafeira.com.br\/home\/wp-json\/wp\/v2\/categories?post=73824"},{"taxonomy":"post_tag","embeddable":true,"href":"https:\/\/blogdafeira.com.br\/home\/wp-json\/wp\/v2\/tags?post=73824"}],"curies":[{"name":"wp","href":"https:\/\/api.w.org\/{rel}","templated":true}]}}