{"id":73830,"date":"2026-08-31T19:01:59","date_gmt":"2026-08-31T22:01:59","guid":{"rendered":"https:\/\/blogdafeira.com.br\/home\/?p=73830"},"modified":"2026-08-31T19:01:59","modified_gmt":"2026-08-31T22:01:59","slug":"bancos-vermelhos-contra-o-feminicidio-sao-colocados-pelo-campus-da-uefs-em-feira","status":"publish","type":"post","link":"https:\/\/blogdafeira.com.br\/home\/2026\/08\/31\/bancos-vermelhos-contra-o-feminicidio-sao-colocados-pelo-campus-da-uefs-em-feira\/","title":{"rendered":"Bancos Vermelhos contra o feminic\u00eddio s\u00e3o colocados pelo campus da UEFS em Feira"},"content":{"rendered":"<div>Nesta segunda-feira, a Adufs\u00a0 junto a outras entidades da Universidade Estadual de Feira de Santana, inaugurou\u00a0 os &#8220;bancos vermelhos&#8221; instalados no campus. O ato simb\u00f3lico ocorreu com a participa\u00e7\u00e3o da Administra\u00e7\u00e3o\u00a0 Central da UEFS.<\/div>\n<div><span style=\"color: #0c1014; font-family: -apple-system, BlinkMacSystemFont, Segoe UI, Roboto, Helvetica, Arial, sans-serif;\">\u00a0<\/span><\/div>\n<div>O Banco Vermelho \u00e9 um s\u00edmbolo internacional de enfrentamento \u00e0 viol\u00eancia contra a mulher e ao feminic\u00eddio, que nasceu na It\u00e1lia, em 2016, ap\u00f3s mulheres serem v\u00edtimas de feminic\u00eddio. A cor vermelha dos bancos representa o sangue derramado pelas v\u00edtimas, como um alerta permanente sobre a gravidade da viol\u00eancia de g\u00eanero. O banco n\u00e3o perde a sua funcionalidade, pelo contr\u00e1rio, ele serve como mais um instrumento constante para chamar aten\u00e7\u00e3o e informar sobre os canais de comunica\u00e7\u00e3o.<\/div>\n<div><span style=\"color: #0c1014; font-family: -apple-system, BlinkMacSystemFont, Segoe UI, Roboto, Helvetica, Arial, sans-serif;\">\u00a0<\/span><\/div>\n<div id=\"blogd-4264564318\" class=\"blogd-final-post blogd-entity-placement\"><a href=\"https:\/\/www.feiradesantana.ba.leg.br\/\" target=\"_blank\" aria-label=\"BANNER-SITE_CA\u0302MARA_AGOSTO_728x90px\"><img loading=\"lazy\" decoding=\"async\" src=\"https:\/\/blogdafeira.com.br\/home\/wp-content\/uploads\/2026\/03\/BANNER-SITE_CAMARA_AGOSTO_728x90px.gif\" alt=\"\"  class=\"no-lazyload\" width=\"728\" height=\"90\"   \/><\/a><\/div><div>No Brasil, a iniciativa chegou com a cria\u00e7\u00e3o do Instituto Banco Vermelho (IBV), que foi criado por duas mulheres recifenses, Andrea Rodrigues e Paula Limongi, que perderam amigas para o feminic\u00eddio, em 2024. A aprova\u00e7\u00e3o de uma lei federal que integra o banco vermelho \u00e0 pol\u00edtica p\u00fablica do Brasil, idealizada pelo IBV, a lei 14.942\/24, foi sancionada pelo Presidente da Rep\u00fablica, em 31 de julho de 2024.<\/div>\n","protected":false},"excerpt":{"rendered":"<p>Nesta segunda-feira, a Adufs\u00a0 junto a outras entidades da Universidade Estadual de Feira de Santana, inaugurou\u00a0 os &#8220;bancos vermelhos&#8221; instalados no campus. O ato simb\u00f3lico ocorreu com a participa\u00e7\u00e3o da Administra\u00e7\u00e3o\u00a0 Central da UEFS. \u00a0 O Banco Vermelho \u00e9 um s\u00edmbolo internacional de enfrentamento \u00e0 viol\u00eancia contra a mulher e ao feminic\u00eddio, que nasceu na<\/p>\n","protected":false},"author":1,"featured_media":73832,"comment_status":"open","ping_status":"open","sticky":false,"template":"","format":"standard","meta":{"cybocfi_hide_featured_image":"","_jetpack_newsletter_access":"","_jetpack_dont_email_post_to_subs":false,"_jetpack_newsletter_tier_id":0,"_jetpack_memberships_contains_paywalled_content":false,"_jetpack_memberships_contains_paid_content":false,"footnotes":"","jetpack_publicize_message":"","jetpack_publicize_feature_enabled":true,"jetpack_social_post_already_shared":true,"jetpack_social_options":{"image_generator_settings":{"template":"highway","default_image_id":0,"font":"","enabled":false},"version":2},"jetpack_post_was_ever_published":false},"categories":[3,603],"tags":[],"class_list":["post-73830","post","type-post","status-publish","format-standard","has-post-thumbnail","hentry","category-cidade","category-destaques"],"jetpack_publicize_connections":[],"jetpack_featured_media_url":"https:\/\/blogdafeira.com.br\/home\/wp-content\/uploads\/2026\/08\/Screenshot_20260831-190108.png","jetpack_shortlink":"https:\/\/wp.me\/p3niVf-jcO","jetpack_sharing_enabled":true,"jetpack-related-posts":[{"id":60277,"url":"https:\/\/blogdafeira.com.br\/home\/2023\/11\/30\/basta-de-violencia-contra-as-mulheres\/","url_meta":{"origin":73830,"position":0},"title":"Basta de viol\u00eancia contra as mulheres","author":"Jolivaldo Freitas","date":"30\/11\/2023","format":false,"excerpt":"Chega! Onde est\u00e3o as pol\u00edticas p\u00fablicas para evitar que as mulheres vivam atormentadas pelo espectro di\u00e1rio da viol\u00eancia? Este artigo deveria ter sido escrito em 25 de novembro, o Dia Internacional pela Elimina\u00e7\u00e3o da Viol\u00eancia Contra a Mulher. No entanto, acredito que o tema seja perene, mesmo com o atraso,\u2026","rel":"","context":"Em &quot;Colunistas&quot;","block_context":{"text":"Colunistas","link":"https:\/\/blogdafeira.com.br\/home\/categoria\/colunistas\/"},"img":{"alt_text":"","src":"https:\/\/i0.wp.com\/blogdafeira.com.br\/home\/wp-content\/uploads\/2023\/11\/DALL%C2%B7E-2023-11-30-18.24.59-A-symbolic-image-illustrating-the-struggle-against-violence-towards-women.-The-composition-shows-a-diverse-group-of-women-standing-together-united-an.png?resize=350%2C200&ssl=1","width":350,"height":200,"srcset":"https:\/\/i0.wp.com\/blogdafeira.com.br\/home\/wp-content\/uploads\/2023\/11\/DALL%C2%B7E-2023-11-30-18.24.59-A-symbolic-image-illustrating-the-struggle-against-violence-towards-women.-The-composition-shows-a-diverse-group-of-women-standing-together-united-an.png?resize=350%2C200&ssl=1 1x, https:\/\/i0.wp.com\/blogdafeira.com.br\/home\/wp-content\/uploads\/2023\/11\/DALL%C2%B7E-2023-11-30-18.24.59-A-symbolic-image-illustrating-the-struggle-against-violence-towards-women.-The-composition-shows-a-diverse-group-of-women-standing-together-united-an.png?resize=525%2C300&ssl=1 1.5x, https:\/\/i0.wp.com\/blogdafeira.com.br\/home\/wp-content\/uploads\/2023\/11\/DALL%C2%B7E-2023-11-30-18.24.59-A-symbolic-image-illustrating-the-struggle-against-violence-towards-women.-The-composition-shows-a-diverse-group-of-women-standing-together-united-an.png?resize=700%2C400&ssl=1 2x"},"classes":[]},{"id":48724,"url":"https:\/\/blogdafeira.com.br\/home\/2021\/11\/22\/campanha-do-governo-federal-alerta-sobre-os-riscos-do-feminicidio\/","url_meta":{"origin":73830,"position":1},"title":"Campanha do Governo Federal alerta sobre os riscos do feminic\u00eddio","author":"Blog da Feira","date":"22\/11\/2021","format":false,"excerpt":"Com o intuito de alertar toda a sociedade para os riscos do feminic\u00eddio, o Minist\u00e9rio da Mulher, da Fam\u00edlia e dos Direitos Humanos (MMFDH) lan\u00e7ou campanha no s\u00e1bado (20), com o slogan \u201cViol\u00eancia contra a mulher: sua evolu\u00e7\u00e3o leva ao feminic\u00eddio. Observe os sinais. Denuncie\u201d. A iniciativa\u00a0 integra as a\u00e7\u00f5es\u2026","rel":"","context":"Em &quot;Geral&quot;","block_context":{"text":"Geral","link":"https:\/\/blogdafeira.com.br\/home\/categoria\/geral\/"},"img":{"alt_text":"","src":"https:\/\/i0.wp.com\/blogdafeira.com.br\/home\/wp-content\/uploads\/2021\/11\/mat-feminicidio.jpg?resize=350%2C200&ssl=1","width":350,"height":200,"srcset":"https:\/\/i0.wp.com\/blogdafeira.com.br\/home\/wp-content\/uploads\/2021\/11\/mat-feminicidio.jpg?resize=350%2C200&ssl=1 1x, https:\/\/i0.wp.com\/blogdafeira.com.br\/home\/wp-content\/uploads\/2021\/11\/mat-feminicidio.jpg?resize=525%2C300&ssl=1 1.5x, https:\/\/i0.wp.com\/blogdafeira.com.br\/home\/wp-content\/uploads\/2021\/11\/mat-feminicidio.jpg?resize=700%2C400&ssl=1 2x, https:\/\/i0.wp.com\/blogdafeira.com.br\/home\/wp-content\/uploads\/2021\/11\/mat-feminicidio.jpg?resize=1050%2C600&ssl=1 3x"},"classes":[]},{"id":71701,"url":"https:\/\/blogdafeira.com.br\/home\/2026\/03\/16\/templo-do-orixa-exu-promove-roda-de-conversa-no-cuca-contra-o-feminicidio\/","url_meta":{"origin":73830,"position":2},"title":"Templo do Orix\u00e1 Exu promove roda de conversa no CUCA contra o feminic\u00eddio","author":"Blog da Feira","date":"16\/03\/2026","format":false,"excerpt":"No pr\u00f3ximo dia 28 de mar\u00e7o (um s\u00e1bado), o Teatro do Cuca ser\u00e1 palco de uma roda de conversa para discutir formas de impedir o feminic\u00eddio, promovida pelo Templo do Orix\u00e1 Exu: \u1eb8gb\u1eb9\u0301 \u00d2r\u00ec\u1e63\u00e0 \u1eb8l\u1eb9\u0301gb\u00e1r\u00e1 At\u00e8l\u00e9 El\u00e9d\u00e0\u00e1. O projeto \u201cMar\u00e7o Vermelho e Preto\u201d,traz o tema: \u201cPovos de Terreiro unidos contra\u2026","rel":"","context":"Em &quot;Geral&quot;","block_context":{"text":"Geral","link":"https:\/\/blogdafeira.com.br\/home\/categoria\/geral\/"},"img":{"alt_text":"","src":"https:\/\/i0.wp.com\/blogdafeira.com.br\/home\/wp-content\/uploads\/2026\/03\/Screenshot_20260316-1827392.jpg?resize=350%2C200&ssl=1","width":350,"height":200,"srcset":"https:\/\/i0.wp.com\/blogdafeira.com.br\/home\/wp-content\/uploads\/2026\/03\/Screenshot_20260316-1827392.jpg?resize=350%2C200&ssl=1 1x, https:\/\/i0.wp.com\/blogdafeira.com.br\/home\/wp-content\/uploads\/2026\/03\/Screenshot_20260316-1827392.jpg?resize=525%2C300&ssl=1 1.5x, https:\/\/i0.wp.com\/blogdafeira.com.br\/home\/wp-content\/uploads\/2026\/03\/Screenshot_20260316-1827392.jpg?resize=700%2C400&ssl=1 2x, https:\/\/i0.wp.com\/blogdafeira.com.br\/home\/wp-content\/uploads\/2026\/03\/Screenshot_20260316-1827392.jpg?resize=1050%2C600&ssl=1 3x"},"classes":[]},{"id":70508,"url":"https:\/\/blogdafeira.com.br\/home\/2025\/12\/12\/bahia-lanca-o-baralho-lilas-para-facilitar-a-captura-de-foragidos-acusados-de-feminicidio\/","url_meta":{"origin":73830,"position":3},"title":"Bahia lan\u00e7a o &#8220;Baralho Lil\u00e1s&#8221; para facilitar a captura de foragidos acusados de feminic\u00eddio","author":"Blog da Feira","date":"12\/12\/2025","format":false,"excerpt":"Batizado de Baralho Lil\u00e1s, o Estado lan\u00e7ou, nesta sexta-feira (12), em Salvador, um novo baralho do crime da Seguran\u00e7a P\u00fablica da Bahia (SSP), em parceria com a Secretaria de Pol\u00edticas para as Mulheres (SPM), voltado \u00e0 identifica\u00e7\u00e3o e captura de foragidos envolvidos em feminic\u00eddios, estupros, viol\u00eancias dom\u00e9sticas e outras agress\u00f5es.\u2026","rel":"","context":"Em &quot;Geral&quot;","block_context":{"text":"Geral","link":"https:\/\/blogdafeira.com.br\/home\/categoria\/geral\/"},"img":{"alt_text":"","src":"https:\/\/i0.wp.com\/blogdafeira.com.br\/home\/wp-content\/uploads\/2025\/12\/Foto-Thuane-MariaGOVBA3.jpeg?resize=350%2C200&ssl=1","width":350,"height":200,"srcset":"https:\/\/i0.wp.com\/blogdafeira.com.br\/home\/wp-content\/uploads\/2025\/12\/Foto-Thuane-MariaGOVBA3.jpeg?resize=350%2C200&ssl=1 1x, https:\/\/i0.wp.com\/blogdafeira.com.br\/home\/wp-content\/uploads\/2025\/12\/Foto-Thuane-MariaGOVBA3.jpeg?resize=525%2C300&ssl=1 1.5x, https:\/\/i0.wp.com\/blogdafeira.com.br\/home\/wp-content\/uploads\/2025\/12\/Foto-Thuane-MariaGOVBA3.jpeg?resize=700%2C400&ssl=1 2x, https:\/\/i0.wp.com\/blogdafeira.com.br\/home\/wp-content\/uploads\/2025\/12\/Foto-Thuane-MariaGOVBA3.jpeg?resize=1050%2C600&ssl=1 3x"},"classes":[]},{"id":51977,"url":"https:\/\/blogdafeira.com.br\/home\/2022\/04\/29\/ja-esta-demais\/","url_meta":{"origin":73830,"position":4},"title":"J\u00e1 est\u00e1 demais","author":"Jolivaldo Freitas","date":"29\/04\/2022","format":false,"excerpt":"Esta semana uma mulher sofreu uma tentativa de feminic\u00eddio logo ap\u00f3s solicitar medida protetiva contra o ex-marido, em S\u00e3o Paulo. Em Recife outra mulher levou um tiro. Em Salvador o marido espancou a esposa por desconfiar que o estava traindo e ela ficou em estado grave. Em Minas mais duas\u2026","rel":"","context":"Em &quot;Colunistas&quot;","block_context":{"text":"Colunistas","link":"https:\/\/blogdafeira.com.br\/home\/categoria\/colunistas\/"},"img":{"alt_text":"","src":"https:\/\/i0.wp.com\/blogdafeira.com.br\/home\/wp-content\/uploads\/2020\/04\/jolivaldo-freitas.png?resize=350%2C200&ssl=1","width":350,"height":200},"classes":[]},{"id":38300,"url":"https:\/\/blogdafeira.com.br\/home\/2020\/06\/06\/violencia-contra-a-mulher-o-silencio-na-pandemia\/","url_meta":{"origin":73830,"position":5},"title":"Viol\u00eancia contra a mulher: o sil\u00eancio na pandemia","author":"Socorro Pitombo","date":"06\/06\/2020","format":false,"excerpt":"A viol\u00eancia contra a mulher assume novos contornos em meio \u00e0 pandemia do novo coronav\u00edrus. Os registros est\u00e3o ocorrendo principalmente na periferia, onde as condi\u00e7\u00f5es de sobreviv\u00eancia s\u00e3o normalmente prec\u00e1rias. Isso n\u00e3o quer dizer que esse seja o limite geogr\u00e1fico para os casos de agress\u00e3o \u2013 f\u00edsica ou n\u00e3o -\u2026","rel":"","context":"Em &quot;Colunistas&quot;","block_context":{"text":"Colunistas","link":"https:\/\/blogdafeira.com.br\/home\/categoria\/colunistas\/"},"img":{"alt_text":"","src":"https:\/\/i0.wp.com\/blogdafeira.com.br\/home\/wp-content\/uploads\/2020\/06\/vvvv.jpg?resize=350%2C200&ssl=1","width":350,"height":200,"srcset":"https:\/\/i0.wp.com\/blogdafeira.com.br\/home\/wp-content\/uploads\/2020\/06\/vvvv.jpg?resize=350%2C200&ssl=1 1x, https:\/\/i0.wp.com\/blogdafeira.com.br\/home\/wp-content\/uploads\/2020\/06\/vvvv.jpg?resize=525%2C300&ssl=1 1.5x, https:\/\/i0.wp.com\/blogdafeira.com.br\/home\/wp-content\/uploads\/2020\/06\/vvvv.jpg?resize=700%2C400&ssl=1 2x"},"classes":[]}],"_links":{"self":[{"href":"https:\/\/blogdafeira.com.br\/home\/wp-json\/wp\/v2\/posts\/73830","targetHints":{"allow":["GET"]}}],"collection":[{"href":"https:\/\/blogdafeira.com.br\/home\/wp-json\/wp\/v2\/posts"}],"about":[{"href":"https:\/\/blogdafeira.com.br\/home\/wp-json\/wp\/v2\/types\/post"}],"author":[{"embeddable":true,"href":"https:\/\/blogdafeira.com.br\/home\/wp-json\/wp\/v2\/users\/1"}],"replies":[{"embeddable":true,"href":"https:\/\/blogdafeira.com.br\/home\/wp-json\/wp\/v2\/comments?post=73830"}],"version-history":[{"count":1,"href":"https:\/\/blogdafeira.com.br\/home\/wp-json\/wp\/v2\/posts\/73830\/revisions"}],"predecessor-version":[{"id":73831,"href":"https:\/\/blogdafeira.com.br\/home\/wp-json\/wp\/v2\/posts\/73830\/revisions\/73831"}],"wp:featuredmedia":[{"embeddable":true,"href":"https:\/\/blogdafeira.com.br\/home\/wp-json\/wp\/v2\/media\/73832"}],"wp:attachment":[{"href":"https:\/\/blogdafeira.com.br\/home\/wp-json\/wp\/v2\/media?parent=73830"}],"wp:term":[{"taxonomy":"category","embeddable":true,"href":"https:\/\/blogdafeira.com.br\/home\/wp-json\/wp\/v2\/categories?post=73830"},{"taxonomy":"post_tag","embeddable":true,"href":"https:\/\/blogdafeira.com.br\/home\/wp-json\/wp\/v2\/tags?post=73830"}],"curies":[{"name":"wp","href":"https:\/\/api.w.org\/{rel}","templated":true}]}}