{"id":73833,"date":"2026-09-01T09:20:42","date_gmt":"2026-09-01T12:20:42","guid":{"rendered":"https:\/\/blogdafeira.com.br\/home\/?p=73833"},"modified":"2026-09-01T09:20:42","modified_gmt":"2026-09-01T12:20:42","slug":"as-ameacas-sobre-a-decima-eleicao-presidencial-consecutiva","status":"publish","type":"post","link":"https:\/\/blogdafeira.com.br\/home\/2026\/09\/01\/as-ameacas-sobre-a-decima-eleicao-presidencial-consecutiva\/","title":{"rendered":"As amea\u00e7as sobre a d\u00e9cima elei\u00e7\u00e3o presidencial consecutiva"},"content":{"rendered":"<div id=\"blogd-3185687159\" class=\"blogd-fim-do-post-mobile blogd-entity-placement\" style=\"margin-left: auto;margin-right: auto;text-align: center;\"><a href=\"https:\/\/expofeira.ba.gov.br\/\" target=_blank><picture>\r\n  <source media=\"(min-width: 768px)\" srcset=\"https:\/\/blogdafeira.com.br\/home\/wp-content\/uploads\/2026\/08\/980x1503.gif\">\r\n  \r\n  <img decoding=\"async\" src=\"https:\/\/blogdafeira.com.br\/home\/wp-content\/uploads\/2026\/08\/350x2005.gif\" alt=\"Publicidade\" style=\"width: 100%; max-width: 100%; height: auto; display: block; margin: 0 auto;\">\r\n\t<\/picture><\/a><\/div><p>Em 1989 as elei\u00e7\u00f5es presidenciais ocorreram de forma isolada \u2013 s\u00f3 se votou para presidente \u2013 e muitos eleitores estavam em uma condi\u00e7\u00e3o singular: tinham at\u00e9 mais de 40 anos, mas nunca haviam votado para presidente da Rep\u00fablica. Culpa da ditadura militar, que se estendeu por intermin\u00e1veis 21 anos. Reinava um clima de engajamento c\u00edvico e, com quase 30 candidatos, sobravam op\u00e7\u00f5es.<\/p>\n<p>Fernando Collor \u2013 o festejado \u201cca\u00e7ador de maraj\u00e1s\u201d \u2013 prevaleceu sobre Lula no segundo turno. Quase tr\u00eas anos depois, em 1992, acabou deposto em um processo de impeachment. Naquela \u00e9poca a Guerra Fria degelava com a ru\u00edna sovi\u00e9tica, mas havia o medo disseminado do comunismo. Lula, obviamente, encarnava esse comunismo.<\/p>\n<p>Em 1994 Fernando Henrique Cardoso derrotou Lula sem grandes percal\u00e7os, surfando na onda do Plano Real, que estabilizou a infla\u00e7\u00e3o, ent\u00e3o cr\u00f4nico problema brasileiro. Quatro anos depois a economia andava de lado, mas mesmo assim FHC renovou o mandato, tamb\u00e9m no primeiro turno. Dizia-se que Lula, derrotado pela terceira vez, jamais chegaria \u00e0 presid\u00eancia.<\/p>\n<p>Quatro anos depois, em 2002, Lula surpreendeu muita gente e se elegeu. Favoreceu-o seu discurso social, num Pa\u00eds que afundava em graves problemas sociais. Em 2006 reelegeu-se, apesar de muitos apostarem que o esc\u00e2ndalo do mensal\u00e3o o abateria. N\u00e3o abateu. Em 2010, Lula emplacou Dilma Rousseff na presid\u00eancia da Rep\u00fablica.<\/p>\n<p>O ano de 2010 marcou o come\u00e7o da grave inflex\u00e3o que mancha o Brasil recente. Embora ainda fosse o PSDB que duelava com o petismo, o discurso de extrema-direita ganhava for\u00e7a. Quatro anos depois Dilma Rousseff se reelegeu num Pa\u00eds cindido, com questionamentos ao resultado das elei\u00e7\u00f5es. Dois anos depois, foi deposta num processo de impeachment.<\/p>\n<p>O cen\u00e1rio ca\u00f3tico favoreceu a elei\u00e7\u00e3o de Jair Bolsonaro, o \u201cmito\u201d em 2018. Era a extrema-direita, sem subterf\u00fagios, chegando ao poder. Veio o horror e, com ele, temperando-o, a pandemia da Covid-19, com seus 700 mil mortos. D\u00favidas pesadas pairaram sobre as elei\u00e7\u00f5es presidenciais de 2022, mas, nela, Lula prevaleceu de novo. Logo em seguida, no come\u00e7o de 2023, veio a tentativa de golpe de Estado.<\/p>\n<p>Nas elei\u00e7\u00f5es de 2026 as tens\u00f5es seguem a\u00ed na pra\u00e7a, com um sens\u00edvel agravante externo: Donald Trump, presidente dos Estados Unidos, que dissemina guerras, recorre a manobras sujas e gera instabilidades mundo afora. Sob aparente calmaria, a campanha eleitoral no Brasil prossegue carregada de incertezas. Afinal, Trump j\u00e1 mete o bedelho aqui descaradamente e, caso perca, a extrema-direita tende a contestar o resultado das elei\u00e7\u00f5es.<\/p>\n<div id=\"blogd-1588561291\" class=\"blogd-final-post blogd-entity-placement\"><a href=\"https:\/\/www.feiradesantana.ba.leg.br\/\" target=\"_blank\" aria-label=\"BANNER-SITE_CA\u0302MARA_AGOSTO_728x90px\"><img loading=\"lazy\" decoding=\"async\" src=\"https:\/\/blogdafeira.com.br\/home\/wp-content\/uploads\/2026\/03\/BANNER-SITE_CAMARA_AGOSTO_728x90px.gif\" alt=\"\"  class=\"no-lazyload\" width=\"728\" height=\"90\"   \/><\/a><\/div><p>Neste 2026 o Brasil comemora a d\u00e9cima elei\u00e7\u00e3o presidencial desde o fim da ditadura. Por um lado, \u00e9 um marco democr\u00e1tico, nunca vivido anteriormente pelos brasileiros. Por outro lado, as amea\u00e7as \u00e0 democracia seguem vivas. Afinal, vivemos em 2023 at\u00e9 tentativa de golpe. No curto prazo, a possibilidade de nova intentona n\u00e3o pode ser descartada.<\/p>\n","protected":false},"excerpt":{"rendered":"<p>Em 1989 as elei\u00e7\u00f5es presidenciais ocorreram de forma isolada \u2013 s\u00f3 se votou para presidente \u2013 e muitos eleitores estavam em uma condi\u00e7\u00e3o singular: tinham at\u00e9 mais de 40 anos, mas nunca haviam votado para presidente da Rep\u00fablica. Culpa da ditadura militar, que se estendeu por intermin\u00e1veis 21 anos. Reinava um clima de engajamento c\u00edvico<\/p>\n","protected":false},"author":13,"featured_media":73834,"comment_status":"open","ping_status":"open","sticky":false,"template":"","format":"standard","meta":{"cybocfi_hide_featured_image":"","_jetpack_newsletter_access":"","_jetpack_dont_email_post_to_subs":false,"_jetpack_newsletter_tier_id":0,"_jetpack_memberships_contains_paywalled_content":false,"_jetpack_memberships_contains_paid_content":false,"footnotes":"","jetpack_publicize_message":"","jetpack_publicize_feature_enabled":true,"jetpack_social_post_already_shared":true,"jetpack_social_options":{"image_generator_settings":{"template":"highway","default_image_id":0,"font":"","enabled":false},"version":2},"jetpack_post_was_ever_published":false},"categories":[592,603,631],"tags":[],"class_list":["post-73833","post","type-post","status-publish","format-standard","has-post-thumbnail","hentry","category-colunistas","category-destaques","category-politica"],"jetpack_publicize_connections":[],"jetpack_featured_media_url":"https:\/\/blogdafeira.com.br\/home\/wp-content\/uploads\/2026\/09\/images-24.jpeg","jetpack_shortlink":"https:\/\/wp.me\/p3niVf-jcR","jetpack_sharing_enabled":true,"jetpack-related-posts":[{"id":23498,"url":"https:\/\/blogdafeira.com.br\/home\/2016\/09\/09\/lula-esta-na-campanha-de-ze-neto-em-feira-em-comercial-de-30-segundos\/","url_meta":{"origin":73833,"position":0},"title":"Lula est\u00e1 na campanha de Z\u00e9 Neto em Feira em comercial de 30 segundos","author":"Blog da Feira","date":"09\/09\/2016","format":false,"excerpt":"Um comercial de 30 segundos mostra o ex-presidente Lula da Silva pedindo voto para o deputado Z\u00e9 Neto, candidato do PT a Prefeito de Feira de Santana, segunda maior cidade da Bahia, onde votam cerca de 400 mil eleitores. O candidato do PT j\u00e1 havia divulgado antes uma pe\u00e7a publicit\u00e1ria\u2026","rel":"","context":"Em &quot;Home&quot;","block_context":{"text":"Home","link":"https:\/\/blogdafeira.com.br\/home\/categoria\/raiz\/"},"img":{"alt_text":"A A A ZEN ETO","src":"https:\/\/i0.wp.com\/blogdafeira.com.br\/home\/wp-content\/uploads\/2016\/09\/A-A-A-ZEN-ETO.jpg?resize=350%2C200","width":350,"height":200},"classes":[]},{"id":29005,"url":"https:\/\/blogdafeira.com.br\/home\/2018\/01\/24\/lula-nao-perdeu-quem-perdeu-foi-a-democracia-foi-o-estado-de-direito-diz-o-governador-da-bahia\/","url_meta":{"origin":73833,"position":1},"title":"&#8220;Lula n\u00e3o perdeu.Quem perdeu foi a democracia, foi o Estado de Direito&#8221; diz o Governador da Bahia","author":"Blog da Feira","date":"24\/01\/2018","format":false,"excerpt":"O governador da Bahia, Rui Costa, utilizou a p\u00e1gina dele no twitter para se solidarizar com o ex-presidente Lula que esteve em julgamento pelo Tribunal Federal da Quarta Regi\u00e3o em Porto Alegre que confirmou a senten\u00e7a condenat\u00f3ria do ju\u00edz S\u00e9rgio Moro. \"Na verdade, Lula n\u00e3o perdeu. Quem perdeu foi a\u2026","rel":"","context":"Em &quot;Home&quot;","block_context":{"text":"Home","link":"https:\/\/blogdafeira.com.br\/home\/categoria\/raiz\/"},"img":{"alt_text":"img_20180124_213854","src":"https:\/\/i0.wp.com\/blogdafeira.com.br\/home\/wp-content\/uploads\/2018\/01\/IMG_20180124_213854.jpg?resize=350%2C200","width":350,"height":200,"srcset":"https:\/\/i0.wp.com\/blogdafeira.com.br\/home\/wp-content\/uploads\/2018\/01\/IMG_20180124_213854.jpg?resize=350%2C200 1x, https:\/\/i0.wp.com\/blogdafeira.com.br\/home\/wp-content\/uploads\/2018\/01\/IMG_20180124_213854.jpg?resize=525%2C300 1.5x, https:\/\/i0.wp.com\/blogdafeira.com.br\/home\/wp-content\/uploads\/2018\/01\/IMG_20180124_213854.jpg?resize=700%2C400 2x"},"classes":[]},{"id":59811,"url":"https:\/\/blogdafeira.com.br\/home\/2023\/10\/24\/os-protagonistas-das-eleicoes-feirenses-no-seculo-xxi\/","url_meta":{"origin":73833,"position":2},"title":"Os protagonistas das elei\u00e7\u00f5es feirenses no s\u00e9culo XXI","author":"Andr\u00e9 Pomponet","date":"24\/10\/2023","format":false,"excerpt":"Falta pouco menos de um ano para as elei\u00e7\u00f5es municipais. Na Feira de Santana, por\u00e9m, a sucess\u00e3o come\u00e7a a virar assunto obrigat\u00f3rio em qualquer roda de conversa. Ap\u00f3s as santas celebra\u00e7\u00f5es religiosas, nos pecaminosos botequins da cidade, nas esquinas, feiras-livres, terminais de \u00f4nibus, mas \u2013 sobretudo \u2013 nos aplicativos de\u2026","rel":"","context":"Em &quot;Cidade&quot;","block_context":{"text":"Cidade","link":"https:\/\/blogdafeira.com.br\/home\/categoria\/cidade\/"},"img":{"alt_text":"","src":"https:\/\/i0.wp.com\/blogdafeira.com.br\/home\/wp-content\/uploads\/2020\/07\/prefeitura.jpg?resize=350%2C200&ssl=1","width":350,"height":200,"srcset":"https:\/\/i0.wp.com\/blogdafeira.com.br\/home\/wp-content\/uploads\/2020\/07\/prefeitura.jpg?resize=350%2C200&ssl=1 1x, https:\/\/i0.wp.com\/blogdafeira.com.br\/home\/wp-content\/uploads\/2020\/07\/prefeitura.jpg?resize=525%2C300&ssl=1 1.5x, https:\/\/i0.wp.com\/blogdafeira.com.br\/home\/wp-content\/uploads\/2020\/07\/prefeitura.jpg?resize=700%2C400&ssl=1 2x, https:\/\/i0.wp.com\/blogdafeira.com.br\/home\/wp-content\/uploads\/2020\/07\/prefeitura.jpg?resize=1050%2C600&ssl=1 3x"},"classes":[]},{"id":55001,"url":"https:\/\/blogdafeira.com.br\/home\/2022\/10\/20\/paulao-convoca-ze-neto-e-angelo-e-diz-que-ele-estao-cansados-no-segundo-turno\/","url_meta":{"origin":73833,"position":3},"title":"Paul\u00e3o convoca Z\u00e9 Neto e \u00c2ngelo e diz que eles est\u00e3o &#8216;cansados&#8217; no segundo turno","author":"Blog da Feira","date":"20\/10\/2022","format":false,"excerpt":"Os deputados reeleitos Z\u00e9 Neto (PT), federal, e \u00c2ngelo Almeida (PSB), estadual, est\u00e3o sendo chamados a participar de um movimento liderado por vereadores, em Feira de Santana, para fortalecer no munic\u00edpio a campanha, em 2\u00ba turno, do candidato a governador, Jer\u00f4nimo Rodrigues, e do postulante \u00e0 Presid\u00eancia da Rep\u00fablica, Luiz\u2026","rel":"","context":"Em &quot;Home&quot;","block_context":{"text":"Home","link":"https:\/\/blogdafeira.com.br\/home\/categoria\/raiz\/"},"img":{"alt_text":"","src":"https:\/\/i0.wp.com\/blogdafeira.com.br\/home\/wp-content\/uploads\/2022\/10\/Pauta-000000000000004630-300x225-1.jpg?resize=350%2C200&ssl=1","width":350,"height":200},"classes":[]},{"id":62659,"url":"https:\/\/blogdafeira.com.br\/home\/2024\/06\/29\/presenca-de-lula-deve-aquecer-sucessao-municipal\/","url_meta":{"origin":73833,"position":4},"title":"Presen\u00e7a de Lula deve aquecer sucess\u00e3o municipal","author":"Andr\u00e9 Pomponet","date":"29\/06\/2024","format":false,"excerpt":"Segunda-feira (01) o presidente Lula (PT) estar\u00e1 na Feira de Santana inaugurando formalmente as obras de duplica\u00e7\u00e3o da BR 116 Norte. O evento \u2013 informa a programa\u00e7\u00e3o oficial \u2013 acontece no antigo Derba, na altura do quil\u00f4metro 420 da rodovia. Na ocasi\u00e3o, Lula deve anunciar a duplica\u00e7\u00e3o do Anel de\u2026","rel":"","context":"Em &quot;Colunistas&quot;","block_context":{"text":"Colunistas","link":"https:\/\/blogdafeira.com.br\/home\/categoria\/colunistas\/"},"img":{"alt_text":"","src":"https:\/\/i0.wp.com\/blogdafeira.com.br\/home\/wp-content\/uploads\/2024\/06\/images-75.jpeg?resize=350%2C200&ssl=1","width":350,"height":200,"srcset":"https:\/\/i0.wp.com\/blogdafeira.com.br\/home\/wp-content\/uploads\/2024\/06\/images-75.jpeg?resize=350%2C200&ssl=1 1x, https:\/\/i0.wp.com\/blogdafeira.com.br\/home\/wp-content\/uploads\/2024\/06\/images-75.jpeg?resize=525%2C300&ssl=1 1.5x"},"classes":[]},{"id":28926,"url":"https:\/\/blogdafeira.com.br\/home\/2018\/01\/10\/colunista-da-folha-aponta-wagner-como-o-nome-estrondoso-para-substituir-lula-em-candidatura\/","url_meta":{"origin":73833,"position":5},"title":"Colunista da &#8216;Folha&#8217; aponta Wagner  como o nome &#8216;estrondoso&#8217; para substituir Lula em candidatura","author":"Blog da Feira","date":"10\/01\/2018","format":false,"excerpt":"Em artigo publicado hoje na 'Folha de S\u00e3o Paulo', o experiente jornalista e escritor \u00c9lio Gaspari coloca o nome de Jaques Wagner, ex-governador da Bahia, como o mais prov\u00e1vel substituto de Lula numa eventual desist\u00eancia, de \u00faltima hora,do petista\u00a0 candidato \u00e0 Presid\u00eancia da Rep\u00fablica nas elei\u00e7\u00f5es deste ano. Com o\u2026","rel":"","context":"Em &quot;Home&quot;","block_context":{"text":"Home","link":"https:\/\/blogdafeira.com.br\/home\/categoria\/raiz\/"},"img":{"alt_text":"images-15","src":"https:\/\/i0.wp.com\/blogdafeira.com.br\/home\/wp-content\/uploads\/2018\/01\/images-15.jpeg?resize=350%2C200","width":350,"height":200},"classes":[]}],"_links":{"self":[{"href":"https:\/\/blogdafeira.com.br\/home\/wp-json\/wp\/v2\/posts\/73833","targetHints":{"allow":["GET"]}}],"collection":[{"href":"https:\/\/blogdafeira.com.br\/home\/wp-json\/wp\/v2\/posts"}],"about":[{"href":"https:\/\/blogdafeira.com.br\/home\/wp-json\/wp\/v2\/types\/post"}],"author":[{"embeddable":true,"href":"https:\/\/blogdafeira.com.br\/home\/wp-json\/wp\/v2\/users\/13"}],"replies":[{"embeddable":true,"href":"https:\/\/blogdafeira.com.br\/home\/wp-json\/wp\/v2\/comments?post=73833"}],"version-history":[{"count":1,"href":"https:\/\/blogdafeira.com.br\/home\/wp-json\/wp\/v2\/posts\/73833\/revisions"}],"predecessor-version":[{"id":73835,"href":"https:\/\/blogdafeira.com.br\/home\/wp-json\/wp\/v2\/posts\/73833\/revisions\/73835"}],"wp:featuredmedia":[{"embeddable":true,"href":"https:\/\/blogdafeira.com.br\/home\/wp-json\/wp\/v2\/media\/73834"}],"wp:attachment":[{"href":"https:\/\/blogdafeira.com.br\/home\/wp-json\/wp\/v2\/media?parent=73833"}],"wp:term":[{"taxonomy":"category","embeddable":true,"href":"https:\/\/blogdafeira.com.br\/home\/wp-json\/wp\/v2\/categories?post=73833"},{"taxonomy":"post_tag","embeddable":true,"href":"https:\/\/blogdafeira.com.br\/home\/wp-json\/wp\/v2\/tags?post=73833"}],"curies":[{"name":"wp","href":"https:\/\/api.w.org\/{rel}","templated":true}]}}