{"id":73836,"date":"2026-09-01T16:23:28","date_gmt":"2026-09-01T19:23:28","guid":{"rendered":"https:\/\/blogdafeira.com.br\/home\/?p=73836"},"modified":"2026-09-01T16:24:22","modified_gmt":"2026-09-01T19:24:22","slug":"viver-sem-razao-com-maryzelia-ja-esta-disponivel-nas-plataformas-digitais","status":"publish","type":"post","link":"https:\/\/blogdafeira.com.br\/home\/2026\/09\/01\/viver-sem-razao-com-maryzelia-ja-esta-disponivel-nas-plataformas-digitais\/","title":{"rendered":"&#8220;Viver sem Raz\u00e3o&#8221;, com Maryzelia, j\u00e1 est\u00e1 dispon\u00edvel nas plataformas digitais"},"content":{"rendered":"<div id=\"blogd-1721059766\" class=\"blogd-fim-do-post-mobile blogd-entity-placement\" style=\"margin-left: auto;margin-right: auto;text-align: center;\"><a href=\"https:\/\/expofeira.ba.gov.br\/\" target=_blank><picture>\r\n  <source media=\"(min-width: 768px)\" srcset=\"https:\/\/blogdafeira.com.br\/home\/wp-content\/uploads\/2026\/08\/980x1503.gif\">\r\n  \r\n  <img decoding=\"async\" src=\"https:\/\/blogdafeira.com.br\/home\/wp-content\/uploads\/2026\/08\/350x2005.gif\" alt=\"Publicidade\" style=\"width: 100%; max-width: 100%; height: auto; display: block; margin: 0 auto;\">\r\n\t<\/picture><\/a><\/div><p><span style=\"font-weight: 400;\">A sambista Maryzelia acaba de lan\u00e7ar <\/span><b>\u201cViver sem Raz\u00e3o\u201d<\/b><span style=\"font-weight: 400;\">, grava\u00e7\u00e3o de uma composi\u00e7\u00e3o in\u00e9dita de Roberto Mendes e Jorge Portugal, dois dos mais importantes nomes da cultura e da m\u00fasica baiana. A can\u00e7\u00e3o j\u00e1 est\u00e1 dispon\u00edvel nas plataformas digitais e ganha a voz da artista em uma interpreta\u00e7\u00e3o que reafirma sua rela\u00e7\u00e3o com o samba e com as matrizes musicais do Rec\u00f4ncavo Baiano.<\/span><\/p>\n<p><span style=\"font-weight: 400;\">O lan\u00e7amento tamb\u00e9m guarda um significado especial por registrar uma das \u00faltimas composi\u00e7\u00f5es de Jorge Portugal, poeta, educador, compositor e apresentador que faleceu em 2020. Parceiros de longa data, Portugal e Roberto Mendes constru\u00edram juntos uma obra fortemente ligada \u00e0s matrizes culturais da Bahia, ao samba de roda e \u00e0 ancestralidade africana.<\/span><\/p>\n<p><span style=\"font-weight: 400;\">Em \u201cViver sem Raz\u00e3o\u201d, essa parceria se volta para uma reflex\u00e3o sobre a busca pelo prazer, pela alegria e pela felicidade para al\u00e9m da necessidade de racionalizar a exist\u00eancia. Roberto Mendes recorda que a composi\u00e7\u00e3o nasceu em uma tarde em Salvador, durante um encontro com Jorge Portugal, em meio a conversas sobre as inquieta\u00e7\u00f5es da vida. De um lado, estava sua tentativa de compreender os problemas pela raz\u00e3o; do outro, o olhar po\u00e9tico e sens\u00edvel de Portugal. Desse encontro surgiu uma can\u00e7\u00e3o que prop\u00f5e escapar, ainda que momentaneamente, das imposi\u00e7\u00f5es da racionalidade: \u201cSe quer viver bem, esquece a raz\u00e3o\u201d, sintetiza Roberto.<\/span><\/p>\n<p><b>Encontro entre gera\u00e7\u00f5es\u00a0 &#8211; <\/b><span style=\"font-weight: 400;\">Para Maryzelia, interpretar uma composi\u00e7\u00e3o in\u00e9dita da dupla representa tamb\u00e9m um encontro com uma tradi\u00e7\u00e3o musical da qual reconhece fazer parte. \u201c<em>Eles traduziram e mantiveram viva a raiz ancestral do samba de roda e da chula do Rec\u00f4ncavo. Essa dupla ajudou muito a mostrar ao mundo a liga\u00e7\u00e3o do batuque africano com o uso da viola machete. Eu tamb\u00e9m me considero dentro desse universo. Gravar essa can\u00e7\u00e3o \u00e9 de uma import\u00e2ncia muito grande para mim e para minha carreira<\/em>\u201d, afirma a cantora.<\/span><\/p>\n<p><img loading=\"lazy\" decoding=\"async\" class=\"aligncenter size-medium wp-image-73838\" src=\"https:\/\/blogdafeira.com.br\/home\/wp-content\/uploads\/2026\/09\/Screenshot_20260901-161551-346x273.png\" alt=\"\" width=\"346\" height=\"273\" srcset=\"https:\/\/blogdafeira.com.br\/home\/wp-content\/uploads\/2026\/09\/Screenshot_20260901-161551-346x273.png 346w, https:\/\/blogdafeira.com.br\/home\/wp-content\/uploads\/2026\/09\/Screenshot_20260901-161551-1024x809.png 1024w, https:\/\/blogdafeira.com.br\/home\/wp-content\/uploads\/2026\/09\/Screenshot_20260901-161551-170x134.png 170w, https:\/\/blogdafeira.com.br\/home\/wp-content\/uploads\/2026\/09\/Screenshot_20260901-161551-768x607.png 768w, https:\/\/blogdafeira.com.br\/home\/wp-content\/uploads\/2026\/09\/Screenshot_20260901-161551-237x187.png 237w, https:\/\/blogdafeira.com.br\/home\/wp-content\/uploads\/2026\/09\/Screenshot_20260901-161551.png 1080w\" sizes=\"auto, (max-width: 346px) 100vw, 346px\" \/><\/p>\n<p><span style=\"font-weight: 400;\">A artista define \u201cViver sem Raz\u00e3o\u201d como uma celebra\u00e7\u00e3o ao samba em suas diferentes express\u00f5es e destaca a liga\u00e7\u00e3o da m\u00fasica com as ra\u00edzes africanas presentes na cultura do Rec\u00f4ncavo. A grava\u00e7\u00e3o refor\u00e7a esse di\u00e1logo ao reunir instrumentos, ritmos e m\u00fasicos ligados a esse universo.<\/span><\/p>\n<p><span style=\"font-weight: 400;\">Na faixa, Maryzelia divide os vocais com Roberto Mendes, enquanto Almir C\u00f4rtes toca a viola machete. Os arranjos e viol\u00f5es s\u00e3o de Rodrigo Pirikito, e Andr\u00e9 Souza e Alex Oliver assumem as percuss\u00f5es.<\/span><\/p>\n<p><b>Sobre os compositores &#8211; <\/b><span style=\"font-weight: 400;\">Nascido em Santo Amaro da Purifica\u00e7\u00e3o, <strong>Roberto Mendes<\/strong> \u00e9 cantor, compositor, violonista, arranjador e pesquisador. Sua trajet\u00f3ria est\u00e1 diretamente relacionada \u00e0 preserva\u00e7\u00e3o, \u00e0 pesquisa e \u00e0 difus\u00e3o de manifesta\u00e7\u00f5es musicais do Rec\u00f4ncavo Baiano, especialmente o samba de roda e a chula.<\/span><\/p>\n<p><span style=\"font-weight: 400;\"><strong>Jorge Portugal<\/strong> construiu uma trajet\u00f3ria que aproximou educa\u00e7\u00e3o, poesia, m\u00fasica e comunica\u00e7\u00e3o. Como compositor, assinou can\u00e7\u00f5es que integram o repert\u00f3rio da m\u00fasica popular brasileira, entre elas \u201cA Massa\u201d, parceria com Raimundo Sodr\u00e9, e \u201cS\u00f3 se v\u00ea na Bahia\u201d, composta com Roberto Mendes. Suas obras foram interpretadas por artistas como Gal Costa e Maria Beth\u00e2nia.<\/span><\/p>\n<p><span style=\"font-weight: 400;\">Com \u201cViver sem Raz\u00e3o\u201d, uma cria\u00e7\u00e3o que permanecia in\u00e9dita ganha agora registro e circula\u00e7\u00e3o na voz de Maryzelia, aproximando diferentes gera\u00e7\u00f5es da m\u00fasica baiana e mantendo viva uma parceria que deixou marcas na hist\u00f3ria cultural do estado.<\/span><\/p>\n<p><b>Ficha t\u00e9cnica \u2013 \u201cViver sem Raz\u00e3o\u201d<\/b><\/p>\n<p><span style=\"font-weight: 400;\">Voz: Maryzelia feat. Roberto Mendes<\/span><\/p>\n<p><span style=\"font-weight: 400;\">Composi\u00e7\u00e3o: Roberto Mendes e Jorge Portugal<\/span><\/p>\n<p><span style=\"font-weight: 400;\">Viola machete: Almir C\u00f4rtes<\/span><\/p>\n<p><span style=\"font-weight: 400;\">Arranjo e viol\u00f5es: Rodrigo Pirikito<\/span><\/p>\n<p><span style=\"font-weight: 400;\">Percuss\u00f5es: Andr\u00e9 Souza e Alex Oliver<\/span><\/p>\n<p><span style=\"font-weight: 400;\">Link Youtube:\u00a0<\/span><\/p>\n<p><a href=\"https:\/\/www.youtube.com\/watch?v=F0TWQi705d8&amp;list=RDF0TWQi705d8&amp;start_radio=1\"><span style=\"font-weight: 400;\">https:\/\/www.youtube.com\/watch?v=F0TWQi705d8&amp;list=RDF0TWQi705d8&amp;start_radio=1<\/span><\/a><\/p>\n<div id=\"blogd-3523812001\" class=\"blogd-final-post blogd-entity-placement\"><a href=\"https:\/\/www.feiradesantana.ba.leg.br\/\" target=\"_blank\" aria-label=\"BANNER-SITE_CA\u0302MARA_AGOSTO_728x90px\"><img loading=\"lazy\" decoding=\"async\" src=\"https:\/\/blogdafeira.com.br\/home\/wp-content\/uploads\/2026\/03\/BANNER-SITE_CAMARA_AGOSTO_728x90px.gif\" alt=\"\"  class=\"no-lazyload\" width=\"728\" height=\"90\"   \/><\/a><\/div><p><em><strong>Fotos:Rodney Moreira\u00a0<\/strong><\/em><\/p>\n","protected":false},"excerpt":{"rendered":"<p>A sambista Maryzelia acaba de lan\u00e7ar \u201cViver sem Raz\u00e3o\u201d, grava\u00e7\u00e3o de uma composi\u00e7\u00e3o in\u00e9dita de Roberto Mendes e Jorge Portugal, dois dos mais importantes nomes da cultura e da m\u00fasica baiana. A can\u00e7\u00e3o j\u00e1 est\u00e1 dispon\u00edvel nas plataformas digitais e ganha a voz da artista em uma interpreta\u00e7\u00e3o que reafirma sua rela\u00e7\u00e3o com o samba<\/p>\n","protected":false},"author":1,"featured_media":73837,"comment_status":"open","ping_status":"open","sticky":false,"template":"","format":"standard","meta":{"cybocfi_hide_featured_image":"","_jetpack_newsletter_access":"","_jetpack_dont_email_post_to_subs":false,"_jetpack_newsletter_tier_id":0,"_jetpack_memberships_contains_paywalled_content":false,"_jetpack_memberships_contains_paid_content":false,"footnotes":"","jetpack_publicize_message":"","jetpack_publicize_feature_enabled":true,"jetpack_social_post_already_shared":true,"jetpack_social_options":{"image_generator_settings":{"template":"highway","default_image_id":0,"font":"","enabled":false},"version":2},"jetpack_post_was_ever_published":false},"categories":[4,603],"tags":[],"class_list":["post-73836","post","type-post","status-publish","format-standard","has-post-thumbnail","hentry","category-cultura","category-destaques"],"jetpack_publicize_connections":[],"jetpack_featured_media_url":"https:\/\/blogdafeira.com.br\/home\/wp-content\/uploads\/2026\/09\/Screenshot_20260901-161029.png","jetpack_shortlink":"https:\/\/wp.me\/p3niVf-jcU","jetpack_sharing_enabled":true,"jetpack-related-posts":[{"id":48530,"url":"https:\/\/blogdafeira.com.br\/home\/2021\/11\/18\/samba-de-maryzelia-celebra-a-consciencia-negra-nesta-sexta-feira-no-toma\/","url_meta":{"origin":73836,"position":0},"title":"Samba de Maryzelia celebra a Consci\u00eancia Negra nesta sexta-feira no Toma","author":"Ascom","date":"18\/11\/2021","format":false,"excerpt":"A sambista Maryzelia realiza nesta sexta-feira, 19, a quarta edi\u00e7\u00e3o do projeto Dona da Casa com produ\u00e7\u00e3o especial para celebrar o Dia da Consci\u00eancia Negra, comemorado em todo territ\u00f3rio nacional no dia 20. O show Dona da Casa acontece a partir das 21h, no Bar Toma, localizado na rua Boa\u2026","rel":"","context":"Em &quot;Cidade&quot;","block_context":{"text":"Cidade","link":"https:\/\/blogdafeira.com.br\/home\/categoria\/cidade\/"},"img":{"alt_text":"","src":"https:\/\/i0.wp.com\/blogdafeira.com.br\/home\/wp-content\/uploads\/2021\/11\/Screenshot_20211117-1945302.png?resize=350%2C200&ssl=1","width":350,"height":200,"srcset":"https:\/\/i0.wp.com\/blogdafeira.com.br\/home\/wp-content\/uploads\/2021\/11\/Screenshot_20211117-1945302.png?resize=350%2C200&ssl=1 1x, https:\/\/i0.wp.com\/blogdafeira.com.br\/home\/wp-content\/uploads\/2021\/11\/Screenshot_20211117-1945302.png?resize=525%2C300&ssl=1 1.5x, https:\/\/i0.wp.com\/blogdafeira.com.br\/home\/wp-content\/uploads\/2021\/11\/Screenshot_20211117-1945302.png?resize=700%2C400&ssl=1 2x"},"classes":[]},{"id":47867,"url":"https:\/\/blogdafeira.com.br\/home\/2021\/10\/26\/maryzelia-apresenta-o-show-dona-da-casa-nesta-sexta-29\/","url_meta":{"origin":73836,"position":1},"title":"Maryzelia apresenta o show Dona da Casa nesta sexta, 29","author":"Ascom","date":"26\/10\/2021","format":false,"excerpt":"\u00a0A sambista Maryzelia retorna aos palcos nesta sexta-feira (29), \u00e0s 20h, para a segunda edi\u00e7\u00e3o do projeto Dona da Casa. O evento, que acontece no bar Toma, conta com a presen\u00e7a limitada do p\u00fablico para atender aos protocolos sanit\u00e1rios em vigor na cidade de Feira de Santana. Na ocasi\u00e3o, \u00e9\u2026","rel":"","context":"Em &quot;Cultura&quot;","block_context":{"text":"Cultura","link":"https:\/\/blogdafeira.com.br\/home\/categoria\/cultura\/"},"img":{"alt_text":"","src":"https:\/\/i0.wp.com\/blogdafeira.com.br\/home\/wp-content\/uploads\/2021\/10\/Screenshot_20211026-1831382.png?resize=350%2C200&ssl=1","width":350,"height":200,"srcset":"https:\/\/i0.wp.com\/blogdafeira.com.br\/home\/wp-content\/uploads\/2021\/10\/Screenshot_20211026-1831382.png?resize=350%2C200&ssl=1 1x, https:\/\/i0.wp.com\/blogdafeira.com.br\/home\/wp-content\/uploads\/2021\/10\/Screenshot_20211026-1831382.png?resize=525%2C300&ssl=1 1.5x, https:\/\/i0.wp.com\/blogdafeira.com.br\/home\/wp-content\/uploads\/2021\/10\/Screenshot_20211026-1831382.png?resize=700%2C400&ssl=1 2x"},"classes":[]},{"id":51925,"url":"https:\/\/blogdafeira.com.br\/home\/2022\/04\/26\/basta-so-desejar-e-a-nova-musica-de-kareen-mendes\/","url_meta":{"origin":73836,"position":2},"title":"&#8216;Basta S\u00f3 Desejar&#8217; \u00e9 a nova m\u00fasica de Kareen Mendes","author":"Ascom","date":"26\/04\/2022","format":false,"excerpt":"Para celebrar o amor e as diversas formas de amar, a cantora e compositora Kareen Mendes lan\u00e7a a m\u00fasica \u201cBasta S\u00f3 Desejar\u201d na pr\u00f3xima sexta-feira (29 de abril). Esta \u00e9 a segunda m\u00fasica lan\u00e7ada do seu novo EP hom\u00f4nimo, que j\u00e1 tem \u201cSente a Brisa\u201d dispon\u00edvel em todas as plataformas\u2026","rel":"","context":"Em &quot;Cultura&quot;","block_context":{"text":"Cultura","link":"https:\/\/blogdafeira.com.br\/home\/categoria\/cultura\/"},"img":{"alt_text":"","src":"https:\/\/i0.wp.com\/blogdafeira.com.br\/home\/wp-content\/uploads\/2022\/04\/Kareen-Mendes-Foto-1-1.jpeg?resize=350%2C200&ssl=1","width":350,"height":200,"srcset":"https:\/\/i0.wp.com\/blogdafeira.com.br\/home\/wp-content\/uploads\/2022\/04\/Kareen-Mendes-Foto-1-1.jpeg?resize=350%2C200&ssl=1 1x, https:\/\/i0.wp.com\/blogdafeira.com.br\/home\/wp-content\/uploads\/2022\/04\/Kareen-Mendes-Foto-1-1.jpeg?resize=525%2C300&ssl=1 1.5x"},"classes":[]},{"id":56397,"url":"https:\/\/blogdafeira.com.br\/home\/2023\/02\/08\/maryzelia-no-carnaval-do-rio-atracao-do-camarote-arara-na-sapucai\/","url_meta":{"origin":73836,"position":3},"title":"Maryzelia no Carnaval do Rio: atra\u00e7\u00e3o do Camarote Arara na Sapuca\u00ed","author":"Ascom","date":"08\/02\/2023","format":false,"excerpt":"O Camarote ARARA fica no local mais privilegiado da Sapuca\u00ed, no Rio de Janeiro: no Setor 8, bem em frente ao recuo da bateria. S\u00e3o tr\u00eas andares de camarote, feitos para curtir os desfiles de pertinho. Frequentado por celebridades e descolados do Brasil, \u00e9 no Camarote Arara onde vai se\u2026","rel":"","context":"Em &quot;Cultura&quot;","block_context":{"text":"Cultura","link":"https:\/\/blogdafeira.com.br\/home\/categoria\/cultura\/"},"img":{"alt_text":"","src":"https:\/\/i0.wp.com\/blogdafeira.com.br\/home\/wp-content\/uploads\/2023\/02\/Screenshot_20230208-0328382.png?resize=350%2C200&ssl=1","width":350,"height":200,"srcset":"https:\/\/i0.wp.com\/blogdafeira.com.br\/home\/wp-content\/uploads\/2023\/02\/Screenshot_20230208-0328382.png?resize=350%2C200&ssl=1 1x, https:\/\/i0.wp.com\/blogdafeira.com.br\/home\/wp-content\/uploads\/2023\/02\/Screenshot_20230208-0328382.png?resize=525%2C300&ssl=1 1.5x, https:\/\/i0.wp.com\/blogdafeira.com.br\/home\/wp-content\/uploads\/2023\/02\/Screenshot_20230208-0328382.png?resize=700%2C400&ssl=1 2x"},"classes":[]},{"id":54345,"url":"https:\/\/blogdafeira.com.br\/home\/2022\/09\/09\/kareen-mendes-lanca-feira-da-rua-hoje-nas-plataformas-e-no-teatro-do-sesc\/","url_meta":{"origin":73836,"position":4},"title":"Kareen Mendes lan\u00e7a &#8216;Feira da Rua&#8217; hoje nas plataformas e no Teatro do SESC","author":"Ascom","date":"09\/09\/2022","format":false,"excerpt":"A cantora e compositora Kareen Mendes declara seu amor \u00e0 Feira de Santana na sua nova can\u00e7\u00e3o \u201cFeira da Rua\u201d, que chega \u00e0s plataformas digitais HOJE,\u00a0 sexta-feira (09) e em show autoral da cantora \u00a0\u00e0s 18h30, no Centro Cultural SESC, no centro de Feira de Santana. \u201cFeira da Rua \u00e9\u2026","rel":"","context":"Em &quot;Cultura&quot;","block_context":{"text":"Cultura","link":"https:\/\/blogdafeira.com.br\/home\/categoria\/cultura\/"},"img":{"alt_text":"","src":"https:\/\/i0.wp.com\/blogdafeira.com.br\/home\/wp-content\/uploads\/2022\/09\/Card-Musica-Feira-da-Rua.jpeg?resize=350%2C200&ssl=1","width":350,"height":200},"classes":[]},{"id":44587,"url":"https:\/\/blogdafeira.com.br\/home\/2021\/04\/04\/cor-de-som-e-o-novo-show-de-marcionilio-dia-9\/","url_meta":{"origin":73836,"position":5},"title":"&#8216;Cor de Som&#8217; \u00e9 o novo show de Marcion\u00edlio, dia 9","author":"Ascom","date":"04\/04\/2021","format":false,"excerpt":"O cantor Marcionilio celebra os seus 61 anos e 45 de carreira com uma apresenta\u00e7\u00e3o musical intitulada Marcionilio Prado \u2013 SOM DE COR, com apresenta\u00e7\u00e3o musical especial a ser exibida em seu canal no Youtube e facebook no pr\u00f3ximo dia 9 de abril, \u00e0s 20 horas, quando homenagear\u00e1 o compositor\u2026","rel":"","context":"Em &quot;Cultura&quot;","block_context":{"text":"Cultura","link":"https:\/\/blogdafeira.com.br\/home\/categoria\/cultura\/"},"img":{"alt_text":"","src":"https:\/\/i0.wp.com\/blogdafeira.com.br\/home\/wp-content\/uploads\/2021\/04\/Screenshot_20210404-0720562.png?resize=350%2C200&ssl=1","width":350,"height":200,"srcset":"https:\/\/i0.wp.com\/blogdafeira.com.br\/home\/wp-content\/uploads\/2021\/04\/Screenshot_20210404-0720562.png?resize=350%2C200&ssl=1 1x, https:\/\/i0.wp.com\/blogdafeira.com.br\/home\/wp-content\/uploads\/2021\/04\/Screenshot_20210404-0720562.png?resize=525%2C300&ssl=1 1.5x, https:\/\/i0.wp.com\/blogdafeira.com.br\/home\/wp-content\/uploads\/2021\/04\/Screenshot_20210404-0720562.png?resize=700%2C400&ssl=1 2x"},"classes":[]}],"_links":{"self":[{"href":"https:\/\/blogdafeira.com.br\/home\/wp-json\/wp\/v2\/posts\/73836","targetHints":{"allow":["GET"]}}],"collection":[{"href":"https:\/\/blogdafeira.com.br\/home\/wp-json\/wp\/v2\/posts"}],"about":[{"href":"https:\/\/blogdafeira.com.br\/home\/wp-json\/wp\/v2\/types\/post"}],"author":[{"embeddable":true,"href":"https:\/\/blogdafeira.com.br\/home\/wp-json\/wp\/v2\/users\/1"}],"replies":[{"embeddable":true,"href":"https:\/\/blogdafeira.com.br\/home\/wp-json\/wp\/v2\/comments?post=73836"}],"version-history":[{"count":1,"href":"https:\/\/blogdafeira.com.br\/home\/wp-json\/wp\/v2\/posts\/73836\/revisions"}],"predecessor-version":[{"id":73839,"href":"https:\/\/blogdafeira.com.br\/home\/wp-json\/wp\/v2\/posts\/73836\/revisions\/73839"}],"wp:featuredmedia":[{"embeddable":true,"href":"https:\/\/blogdafeira.com.br\/home\/wp-json\/wp\/v2\/media\/73837"}],"wp:attachment":[{"href":"https:\/\/blogdafeira.com.br\/home\/wp-json\/wp\/v2\/media?parent=73836"}],"wp:term":[{"taxonomy":"category","embeddable":true,"href":"https:\/\/blogdafeira.com.br\/home\/wp-json\/wp\/v2\/categories?post=73836"},{"taxonomy":"post_tag","embeddable":true,"href":"https:\/\/blogdafeira.com.br\/home\/wp-json\/wp\/v2\/tags?post=73836"}],"curies":[{"name":"wp","href":"https:\/\/api.w.org\/{rel}","templated":true}]}}