{"id":73841,"date":"2026-09-02T17:55:31","date_gmt":"2026-09-02T20:55:31","guid":{"rendered":"https:\/\/blogdafeira.com.br\/home\/?p=73841"},"modified":"2026-09-02T17:55:31","modified_gmt":"2026-09-02T20:55:31","slug":"o-pisado-sereno-do-duo-mangalo","status":"publish","type":"post","link":"https:\/\/blogdafeira.com.br\/home\/2026\/09\/02\/o-pisado-sereno-do-duo-mangalo\/","title":{"rendered":"O pisado sereno do Duo Mangal\u00f4"},"content":{"rendered":"<div id=\"blogd-4134757266\" class=\"blogd-fim-do-post-mobile blogd-entity-placement\" style=\"margin-left: auto;margin-right: auto;text-align: center;\"><a href=\"https:\/\/expofeira.ba.gov.br\/\" target=_blank><picture>\r\n  <source media=\"(min-width: 768px)\" srcset=\"https:\/\/blogdafeira.com.br\/home\/wp-content\/uploads\/2026\/08\/980x1503.gif\">\r\n  \r\n  <img decoding=\"async\" src=\"https:\/\/blogdafeira.com.br\/home\/wp-content\/uploads\/2026\/08\/350x2005.gif\" alt=\"Publicidade\" style=\"width: 100%; max-width: 100%; height: auto; display: block; margin: 0 auto;\">\r\n\t<\/picture><\/a><\/div><p>Contam que quando o <strong>EP \u201cF\u00f4lego<\/strong>\u201d chegou nas plataformas globais de m\u00fasica, durante a pandemia da Covid-19, salvou a sa\u00fade mental de muita gente. Escutei isso de pessoas diferentes; e eu, que vi tudo nascer e ouvi repetidas vezes cada can\u00e7\u00e3o desde 2021, posso confirmar: parece que esse efeito salvador das almas sedentas por arte, poesia e sertanias est\u00e1 mesmo na pr\u00f3pria natureza do Duo Mangal\u00f4, formado por Daniel da Quixabeira e Ludmilla Dourado.<\/p>\n<p>Digo isso porque \u201c<strong>Inverno quando chega<\/strong>\u201d est\u00e1 no mundo. Um trabalho que pisa sereno na cena da M\u00fasica Baiana de outras e m\u00faltiplas Bahias. Acabou de ser lan\u00e7ada e est\u00e1 dispon\u00edvel em todas as plataformas digitais; na lista de can\u00e7\u00f5es pr\u00e9-selecionadas do Festival de M\u00fasica Educadora FM; e, a partir de 3 de setembro de 2026, no YouTube como videoclipe financiado pela Pol\u00edtica Nacional Aldir Blanc (PNAB\/BA). Acho chique!<\/p>\n<p>A can\u00e7\u00e3o foi composta por Daniel da Quixabeira em 2024, durante uma experi\u00eancia de recolhimento espiritual no Il\u00ea Ax\u00e9 Omin Kaiod\u00ea, em Juazeiro (BA). \u00c9 uma composi\u00e7\u00e3o que se constr\u00f3i entre mem\u00f3rias, reflex\u00e3o existencial e refer\u00eancias ao interior da Bahia.<\/p>\n<p>A partir das suas lembran\u00e7as da juventude em Capim Grosso, Daniel prop\u00f5e um inverno al\u00e9m do fen\u00f4meno da natureza. Ele convoca sil\u00eancios e a introspec\u00e7\u00e3o que antecede um processo de renova\u00e7\u00e3o. Na met\u00e1fora da esta\u00e7\u00e3o, a m\u00fasica reconhece per\u00edodos mais neblinados como parte inevit\u00e1vel dos ciclos da vida que, observados com mais consci\u00eancia, podem promover avan\u00e7os importantes.<\/p>\n<p>Lembro bem da primeira vez em que escutei essa cantiga. Daniel puxou o viol\u00e3o, Ludmilla se ajeitou na cadeira, fechou os olhos para cantar e, como diz o povo, \u201clargou o doce\u201d. N\u00f3s tr\u00eas ali, naquele quintal ritual\u00edstico das artes de encruzilhada que \u00e9 a casa deles, fizemos uma das primeiras aprecia\u00e7\u00f5es dessa obra que logo depois seria a pr\u00f3xima escolha do Duo para grava\u00e7\u00e3o e lan\u00e7amento.<\/p>\n<p><img loading=\"lazy\" decoding=\"async\" class=\"aligncenter size-medium wp-image-73843\" src=\"https:\/\/blogdafeira.com.br\/home\/wp-content\/uploads\/2026\/09\/IMG-20260902-WA0096-200x300.jpg\" alt=\"\" width=\"200\" height=\"300\" srcset=\"https:\/\/blogdafeira.com.br\/home\/wp-content\/uploads\/2026\/09\/IMG-20260902-WA0096-200x300.jpg 200w, https:\/\/blogdafeira.com.br\/home\/wp-content\/uploads\/2026\/09\/IMG-20260902-WA0096-683x1024.jpg 683w, https:\/\/blogdafeira.com.br\/home\/wp-content\/uploads\/2026\/09\/IMG-20260902-WA0096-100x150.jpg 100w, https:\/\/blogdafeira.com.br\/home\/wp-content\/uploads\/2026\/09\/IMG-20260902-WA0096-768x1151.jpg 768w, https:\/\/blogdafeira.com.br\/home\/wp-content\/uploads\/2026\/09\/IMG-20260902-WA0096-125x187.jpg 125w, https:\/\/blogdafeira.com.br\/home\/wp-content\/uploads\/2026\/09\/IMG-20260902-WA0096.jpg 854w\" sizes=\"auto, (max-width: 200px) 100vw, 200px\" \/><\/p>\n<p><strong>QUAL O G\u00caNERO? &#8211;\u00a0<\/strong>Em se tratando de categoria musical, esse single autoral baiano transita pela MPB contempor\u00e2nea, pelo Indie, pela m\u00fasica independente e por elementos da m\u00fasica regional, que pode tamb\u00e9m ser percebida como World Music. Quem olha com aten\u00e7\u00e3o para a trajet\u00f3ria de conquistas e notoriedade do forrozeiro Luiz Gonzaga, por exemplo, pode dizer que n\u00e3o existe nada mais mundial do que a identidade regional.<\/p>\n<p>Em termos de refer\u00eancias est\u00e9ticas e de posicionamento, a m\u00fasica dialoga com o que se tem nomeado por Nova MPB, com forte identidade territorial do interior do estado. Um trabalho que flerta com categorias musicais comumente conhecidas, apenas como refer\u00eancias de posicionamento, mas sem for\u00e7ar uma classifica\u00e7\u00e3o estereotipada ou insuficiente.<\/p>\n<p>A can\u00e7\u00e3o articula refer\u00eancias da m\u00fasica brasileira a elementos associados a paisagens sonoras do sert\u00e3o baiano, sem reduzir o regional a mero ornamento. A composi\u00e7\u00e3o, pelo contr\u00e1rio, se imp\u00f5e como espa\u00e7o de mem\u00f3ria e express\u00e3o de um modo peculiar de perceber o mundo.<\/p>\n<p><strong>E O FONOGRAMA? &#8211;\u00a0<\/strong>O primeiro fonograma de &#8220;Inverno quando chega&#8221;, lan\u00e7ado em 28 de agosto de 2026, tem 4 minutos e 21 segundos, foi gravado em est\u00e9reo, com resolu\u00e7\u00e3o de 16 bits e taxa de amostragem de 44,1 kHz.<\/p>\n<p>A faixa foi gravada em 98 BPM, andamento que equilibra o car\u00e1ter contemplativo da letra com o movimento r\u00edtmico da can\u00e7\u00e3o. Com centro tonal em sol menor, a sonoridade apresenta frequ\u00eancias m\u00e9dias e m\u00e9dio-agudas compat\u00edveis com uma produ\u00e7\u00e3o que valoriza vozes, instrumentos ac\u00fasticos e elementos de percuss\u00e3o mais definidos.<\/p>\n<p>Esse trabalho \u00e9 fruto da produ\u00e7\u00e3o musical conjunta de Daniel da Quixabeira, Ludmilla Dourado e Kelvin Diniz, que, ao lado de Lore Cerqueira na produ\u00e7\u00e3o fonogr\u00e1fica, distribui no universo sonoro mundial uma obra autoral que reafirma a for\u00e7a da m\u00fasica independente produzida a partir do interior e dos seus modos pr\u00f3prios de sentir e produzir futuros.<\/p>\n<p>Viol\u00e3o, congas, pandeiro, ganz\u00e1, contrabaixo ac\u00fastico, acordeon e teclados constroem a cama sonora para as vozes de Daniel da Quixabeira, Ludmilla Dourado e Ana Luiza Pankararu dizerem tudo o que desejam, em letra, melodia, timbres e performances.<\/p>\n<p>A participa\u00e7\u00e3o da artista Ana Luiza Pankararu amplia o di\u00e1logo da obra com saberes e cosmologias comuns entre povos ind\u00edgenas, especialmente sobre a rela\u00e7\u00e3o indissoci\u00e1vel entre as pessoas e a natureza. O encontro dessas vozes aprofunda a dimens\u00e3o coletiva dessa can\u00e7\u00e3o que convida a olhar recolhimento e consci\u00eancia como recurso para transforma\u00e7\u00f5es e recome\u00e7os.<\/p>\n<p>&#8220;<strong>Inverno quando chega<\/strong>&#8221; \u00e9 a primeira obra do pr\u00f3ximo \u00e1lbum musical do Duo Mangal\u00f4. Ana Luiza Pankararu abre os trabalhos para a participa\u00e7\u00e3o de outras mulheres cantoras que far\u00e3o parte desse projeto mais amplo.<\/p>\n<p><strong>A CAPA DO SINGLE &#8211;\u00a0 <\/strong>Para a capa, o artista visual Ruz criou ilustra\u00e7\u00e3o e comp\u00f4s layout a partir da fotografia de Benedito Pamponet. Usou tons terrosos e fez um di\u00e1logo entre tra\u00e7os e fonte que lembram rabiscos e a foto do corpo-dan\u00e7a de Ananda Oliveira, registro feito durante as grava\u00e7\u00f5es do videoclipe de \u201cInverno quando chega\u201d, em junho de 2026, na Fazenda Recreios, localizada em Concei\u00e7\u00e3o da Feira, h\u00e1 127 km da capital baiana. A ilustra\u00e7\u00e3o segue sendo um recurso bastante presente quando o Duo Mangal\u00f4 traduz o seu som em visualidades.<\/p>\n<p><strong>MAIS SOBRE A ESTRUTURA SONORA &#8211;\u00a0<\/strong>A m\u00fasica gravada possui uma constru\u00e7\u00e3o narrativa progressiva, com uma introdu\u00e7\u00e3o instrumental relativamente extensa, criando um clima de prepara\u00e7\u00e3o e expectativa. No aspecto da forma da m\u00fasica, a primeira se\u00e7\u00e3o apresenta imagens de sereno, solid\u00e3o, introspec\u00e7\u00e3o, alteridade e profundidade. Em seguida, o refr\u00e3o aparece em par com \u201cQuando a tristeza chegar\u201d e \u201cQuando a alegria voltar\u201d. Essa repeti\u00e7\u00e3o soa como uma esp\u00e9cie de ensinamento; uma afirma\u00e7\u00e3o s\u00e1bia que vem dos mais velhos; um refr\u00e3o-mantra.<\/p>\n<p>Na parte intermedi\u00e1ria da can\u00e7\u00e3o, o \u201cvento\u201d marca a mudan\u00e7a de atmosfera na qual o frio, a madrugada, os nossos muros e o murm\u00fario gritado ao p\u00e9 do ouvido v\u00e3o ampliando a dimens\u00e3o sensorial da poesia. Na sequ\u00eancia, o refr\u00e3o volta para consolidar a forma.<\/p>\n<p>Uma terceira se\u00e7\u00e3o encabe\u00e7ada por \u201co inverno vem \u00e9 pra mudar\u201d faz o desenvolvimento final com uma atmosfera oracular que sai da observa\u00e7\u00e3o da tristeza para a promessa do retorno do ver\u00e3o (como met\u00e1fora para per\u00edodos de alegria e transforma\u00e7\u00e3o), sem negar feridas ou apressar supera\u00e7\u00e3o. \u00c9 um desfecho que mobiliza as emo\u00e7\u00f5es para uma transforma\u00e7\u00e3o consciente, s\u00f3lida, amante do bem viver e da alegria, que n\u00e3o foge da ferida, pelo contr\u00e1rio, lida com ela.<\/p>\n<p>Depois dessa terceira e \u00faltima se\u00e7\u00e3o, o refr\u00e3o reaparece at\u00e9 o encerramento, refor\u00e7ando a ideia da vida em ciclo, uma perspectiva muito presente tanto nessa quanto em outras obras do autor.<\/p>\n<p><strong>QUEM REALIZA? &#8211;\u00a0<\/strong>Esse lan\u00e7amento musical integra projeto financiado pela Secretaria de Cultura, Esporte e Lazer da Prefeitura Municipal de Feira de Santana, Bahia, por meio da Pol\u00edtica Nacional Aldir Blanc de Fomento \u00e0 Cultura (PNAB), do Minist\u00e9rio da Cultura, Governo Federal.<\/p>\n<p>\u00c9 uma realiza\u00e7\u00e3o do Coletivo Mangal\u00f4, do Diniz Est\u00fadio e do selo Casa das \u00c1guas 75, com produ\u00e7\u00e3o executiva de Ludmilla Dourado. A identidade visual foi desenvolvida pelo artista visual e designer gr\u00e1fico Ruz; os conte\u00fados das redes sociais foram produzidos pelo jornalista Jo\u00e3o Fran\u00e7a; os registros fotogr\u00e1ficos foram feitos por Benedito Pamponet; e a assessoria de comunica\u00e7\u00e3o, por Lore Cerqueira.<\/p>\n<p><strong>LETRA DA CAN\u00c7\u00c3O:<\/strong><\/p>\n<p><em>Esse sereno que chega levando a folia embora\u00a0<\/em><\/p>\n<p><em>Veio dizendo na hora &#8220;ningu\u00e9m \u00e9 sozinho no mundo&#8221;<\/em><\/p>\n<p><em>Nesse momento \u00e9 que a gente percebe o outro l\u00e1 fora\u00a0<\/em><\/p>\n<p><em>\u00c9 nessa hora que a gente repara um po\u00e7o profundo<\/em><\/p>\n<p>\/<\/p>\n<p><em>Quando a tristeza chegar<\/em><\/p>\n<p><em>Vai preparando teu peito<\/em><\/p>\n<p><em>Quando a alegria voltar\u00a0<\/em><\/p>\n<p><em>ela vem revirar teu jeito<\/em><\/p>\n<p>\/<\/p>\n<p><em>Quando a tristeza chegar<\/em><\/p>\n<p><em>Vai preparando teu peito<\/em><\/p>\n<p><em>Quando a alegria voltar\u00a0<\/em><\/p>\n<p><em>ela vem revirar teu jeito<\/em><\/p>\n<p>\/<\/p>\n<p><em>Vento que esfria a espinha do corpo pela madrugada<\/em><\/p>\n<p><em>Joga na cara da gente o tamanho que tem nossos muros<\/em><\/p>\n<p><em>Inverno frio que derrama na rua os segredos de agora<\/em><\/p>\n<p><em>\u00c9 tanto murmuro que grita na esquina no p\u00e9 do ouvido<\/em><\/p>\n<p>\/<\/p>\n<p><em>Quando a tristeza chegar<\/em><\/p>\n<p><em>Vai preparando teu peito<\/em><\/p>\n<p><em>Quando a alegria voltar\u00a0<\/em><\/p>\n<p><em>ela vem revirar o teu jeito<\/em><\/p>\n<p>\/<\/p>\n<p><em>Quando a tristeza chegar<\/em><\/p>\n<p><em>Vai preparando teu peito<\/em><\/p>\n<p><em>Quando a alegria voltar\u00a0<\/em><\/p>\n<p><em>ela vem revirar o teu jeito<\/em><\/p>\n<p>\/<\/p>\n<p><em>O inverno vem \u00e9 pra mudar, menino\u00a0<\/em><\/p>\n<p><em>Pra teu ver\u00e3o poder voltar, sorrino<\/em><\/p>\n<p><em>\u00c9 nessa hora que o olho repara no outro, o Outono<\/em><\/p>\n<p><em>\u00c9 nessa hora que a gente percebe a ferida sentino&#8230;<\/em><\/p>\n<p>\/<\/p>\n<p><em>Quando a tristeza chegar<\/em><\/p>\n<p><em>Vai preparando teu peito<\/em><\/p>\n<p><em>Quando a alegria voltar\u00a0<\/em><\/p>\n<p><em>ela vem revirar o teu jeito<\/em><\/p>\n<p>\/<\/p>\n<p><em>Quando a tristeza chegar<\/em><\/p>\n<p><em>Vai preparando teu peito<\/em><\/p>\n<p><em>Quando a alegria voltar\u00a0<\/em><\/p>\n<p><em>ela vem revirar o teu jeito.<\/em><\/p>\n<p><strong>OBRAS DO DUO MANGAL\u00d4<\/strong>:<\/p>\n<p><strong>Single \u201cInverno quando chega\u201d<\/strong> https:\/\/open.spotify.com\/track\/1TcACnVcrhznWtvwUeZEyg?si=0kXvdH84TLKLUjycvOAQFQ&amp;utm_source=copy-link<\/p>\n<p><strong>EP \u201cF\u00f4lego\u201d<\/strong> https:\/\/open.spotify.com\/album\/1WWufqt6ROVwaO0iMIokS8?si=51xIm3CsSOGUjI5QZqoGHQ&amp;utm_source=copy-link<\/p>\n<p><strong>Fragmento audiovisual do espet\u00e1culo c\u00eanico Corpo Palavra, com dire\u00e7\u00e3o de Ant\u00f4nia Lyara, em homenagem ao Duo Mangal\u00f4.<\/strong> https:\/\/www.youtube.com\/watch?v=G_R4mpnCgrI<\/p>\n<p><em>Foto de<\/em> <strong><em>Vict\u00f3ria Nasck<\/em><\/strong>.<\/p>\n<div id=\"blogd-2799616982\" class=\"blogd-final-post blogd-entity-placement\"><a href=\"https:\/\/www.feiradesantana.ba.leg.br\/\" target=\"_blank\" aria-label=\"BANNER-SITE_CA\u0302MARA_AGOSTO_728x90px\"><img loading=\"lazy\" decoding=\"async\" src=\"https:\/\/blogdafeira.com.br\/home\/wp-content\/uploads\/2026\/03\/BANNER-SITE_CAMARA_AGOSTO_728x90px.gif\" alt=\"\"  class=\"no-lazyload\" width=\"728\" height=\"90\"   \/><\/a><\/div><p><em>Ter\u00e7a-feira, 2 de setembro de 2026<\/em><\/p>\n","protected":false},"excerpt":{"rendered":"<p>Contam que quando o EP \u201cF\u00f4lego\u201d chegou nas plataformas globais de m\u00fasica, durante a pandemia da Covid-19, salvou a sa\u00fade mental de muita gente. Escutei isso de pessoas diferentes; e eu, que vi tudo nascer e ouvi repetidas vezes cada can\u00e7\u00e3o desde 2021, posso confirmar: parece que esse efeito salvador das almas sedentas por arte,<\/p>\n","protected":false},"author":1,"featured_media":73842,"comment_status":"open","ping_status":"open","sticky":false,"template":"","format":"standard","meta":{"cybocfi_hide_featured_image":"","_jetpack_newsletter_access":"","_jetpack_dont_email_post_to_subs":false,"_jetpack_newsletter_tier_id":0,"_jetpack_memberships_contains_paywalled_content":false,"_jetpack_memberships_contains_paid_content":false,"footnotes":"","jetpack_publicize_message":"","jetpack_publicize_feature_enabled":true,"jetpack_social_post_already_shared":true,"jetpack_social_options":{"image_generator_settings":{"template":"highway","default_image_id":0,"font":"","enabled":false},"version":2},"jetpack_post_was_ever_published":false},"categories":[592,4,603],"tags":[],"class_list":["post-73841","post","type-post","status-publish","format-standard","has-post-thumbnail","hentry","category-colunistas","category-cultura","category-destaques"],"jetpack_publicize_connections":[],"jetpack_featured_media_url":"https:\/\/blogdafeira.com.br\/home\/wp-content\/uploads\/2026\/09\/IMG-20260902-WA01022.jpg","jetpack_shortlink":"https:\/\/wp.me\/p3niVf-jcZ","jetpack_sharing_enabled":true,"jetpack-related-posts":[{"id":34336,"url":"https:\/\/blogdafeira.com.br\/home\/2019\/12\/04\/folhetim-em-duo-de-voz-e-cordas-com-lorena-porto-e-cid-fiuza-hoje-no-seriguela\/","url_meta":{"origin":73841,"position":0},"title":"&#8216;Folhetim em duo de voz e cordas&#8217;, com Lorena Porto e Cid Fiuza hoje no Seriguela","author":"[M\u00daSICA DA BAHIA] Por Lore Cerqueira","date":"04\/12\/2019","format":false,"excerpt":"A cantora Lorena Porto e o m\u00fasico Cid Fiuza com o show 'Folhetim - Chico Buarque em duo de voz e cordas, hoje (quarta, 4)\u00a0 na Seriguela Petiscaria (rua Fernando S\u00e3o Paulo, 499 - Ponto Central, Feira de Santana, Bahia), \u00e0s 20h. Os ingressos podem ser adquiridos por R$ 16\u2026","rel":"","context":"Em &quot;Home&quot;","block_context":{"text":"Home","link":"https:\/\/blogdafeira.com.br\/home\/categoria\/raiz\/"},"img":{"alt_text":"","src":"https:\/\/i0.wp.com\/blogdafeira.com.br\/home\/wp-content\/uploads\/2019\/12\/Nesta-quarta-feira-04-tem-show-Folhetim-Chico-Buarque-em-duo-de-voz-e-cordas-com-Lorena-Porto-e-Cid-Fiuza-1024x1024.jpg?resize=350%2C200","width":350,"height":200,"srcset":"https:\/\/i0.wp.com\/blogdafeira.com.br\/home\/wp-content\/uploads\/2019\/12\/Nesta-quarta-feira-04-tem-show-Folhetim-Chico-Buarque-em-duo-de-voz-e-cordas-com-Lorena-Porto-e-Cid-Fiuza-1024x1024.jpg?resize=350%2C200 1x, https:\/\/i0.wp.com\/blogdafeira.com.br\/home\/wp-content\/uploads\/2019\/12\/Nesta-quarta-feira-04-tem-show-Folhetim-Chico-Buarque-em-duo-de-voz-e-cordas-com-Lorena-Porto-e-Cid-Fiuza-1024x1024.jpg?resize=525%2C300 1.5x, https:\/\/i0.wp.com\/blogdafeira.com.br\/home\/wp-content\/uploads\/2019\/12\/Nesta-quarta-feira-04-tem-show-Folhetim-Chico-Buarque-em-duo-de-voz-e-cordas-com-Lorena-Porto-e-Cid-Fiuza-1024x1024.jpg?resize=700%2C400 2x"},"classes":[]},{"id":66827,"url":"https:\/\/blogdafeira.com.br\/home\/2025\/04\/18\/seu-bel-percussionista-poetico-e-estridentemente-sereno\/","url_meta":{"origin":73841,"position":1},"title":"Seu Bel, percussionista po\u00e9tico e estridentemente sereno","author":"[M\u00daSICA DA BAHIA] Por Lore Cerqueira","date":"18\/04\/2025","format":false,"excerpt":"Feira acordou triste, com a not\u00edcia do falecimento do querido Bel da Bonita, nesta manh\u00e3. Um ser humano luminoso, artista admir\u00e1vel, raiz, de bela inquieta\u00e7\u00e3o e latejante como as manh\u00e3s de nosso Sert\u00e3o; movido \u2014 e movendo \u2014 a sua m\u00fasica pela for\u00e7a de nossa ancestralidade, carregada em toques respirados,\u2026","rel":"","context":"Em &quot;Colunistas&quot;","block_context":{"text":"Colunistas","link":"https:\/\/blogdafeira.com.br\/home\/categoria\/colunistas\/"},"img":{"alt_text":"","src":"https:\/\/i0.wp.com\/blogdafeira.com.br\/home\/wp-content\/uploads\/2025\/04\/FB_IMG_17450008986542.jpg?resize=350%2C200&ssl=1","width":350,"height":200,"srcset":"https:\/\/i0.wp.com\/blogdafeira.com.br\/home\/wp-content\/uploads\/2025\/04\/FB_IMG_17450008986542.jpg?resize=350%2C200&ssl=1 1x, https:\/\/i0.wp.com\/blogdafeira.com.br\/home\/wp-content\/uploads\/2025\/04\/FB_IMG_17450008986542.jpg?resize=525%2C300&ssl=1 1.5x, https:\/\/i0.wp.com\/blogdafeira.com.br\/home\/wp-content\/uploads\/2025\/04\/FB_IMG_17450008986542.jpg?resize=700%2C400&ssl=1 2x, https:\/\/i0.wp.com\/blogdafeira.com.br\/home\/wp-content\/uploads\/2025\/04\/FB_IMG_17450008986542.jpg?resize=1050%2C600&ssl=1 3x"},"classes":[]},{"id":64423,"url":"https:\/\/blogdafeira.com.br\/home\/2024\/10\/22\/ze-de-alice\/","url_meta":{"origin":73841,"position":2},"title":"Z\u00e9 de Alice","author":"[M\u00daSICA DA BAHIA] Por Lore Cerqueira","date":"22\/10\/2024","format":false,"excerpt":"Z\u00e9 de Alice \u00e9 a discri\u00e7\u00e3o e a calma em pessoa. Chega silencioso, senta-se ali por perto do sanfoneiro Luizinho, calado, esbo\u00e7a um outro riso,\u00a0 modesto em tudo. Ningu\u00e9m o v\u00ea bebendo, esteja o furdun\u00e7o que estiver, ele est\u00e1 assim, calmo. L\u00e1 embaixo, com Bi\u00e9, no bar de Dona Santinha,\u2026","rel":"","context":"Em &quot;Colunistas&quot;","block_context":{"text":"Colunistas","link":"https:\/\/blogdafeira.com.br\/home\/categoria\/colunistas\/"},"img":{"alt_text":"","src":"https:\/\/i0.wp.com\/blogdafeira.com.br\/home\/wp-content\/uploads\/2024\/10\/IMG_20241021_134031434_HDR4-scaled.jpg?resize=350%2C200&ssl=1","width":350,"height":200,"srcset":"https:\/\/i0.wp.com\/blogdafeira.com.br\/home\/wp-content\/uploads\/2024\/10\/IMG_20241021_134031434_HDR4-scaled.jpg?resize=350%2C200&ssl=1 1x, https:\/\/i0.wp.com\/blogdafeira.com.br\/home\/wp-content\/uploads\/2024\/10\/IMG_20241021_134031434_HDR4-scaled.jpg?resize=525%2C300&ssl=1 1.5x, https:\/\/i0.wp.com\/blogdafeira.com.br\/home\/wp-content\/uploads\/2024\/10\/IMG_20241021_134031434_HDR4-scaled.jpg?resize=700%2C400&ssl=1 2x, https:\/\/i0.wp.com\/blogdafeira.com.br\/home\/wp-content\/uploads\/2024\/10\/IMG_20241021_134031434_HDR4-scaled.jpg?resize=1050%2C600&ssl=1 3x, https:\/\/i0.wp.com\/blogdafeira.com.br\/home\/wp-content\/uploads\/2024\/10\/IMG_20241021_134031434_HDR4-scaled.jpg?resize=1400%2C800&ssl=1 4x"},"classes":[]},{"id":51335,"url":"https:\/\/blogdafeira.com.br\/home\/2022\/03\/17\/dois-dias-de-sanfona-e-chorinho-no-teatro-margarida-ribeiro\/","url_meta":{"origin":73841,"position":3},"title":"Duas noites de &#8216;sanfona e chorinho&#8217; no Teatro Margarida Ribeiro","author":"[M\u00daSICA DA BAHIA] Por Lore Cerqueira","date":"17\/03\/2022","format":false,"excerpt":"Nos dias 25 e 26 Feira de Santana vai sediar o \"Festival da Sanfona e do Chorinho\", no Teatro Margarida Ribeiro, com apresenta\u00e7\u00f5es a partir das 20h. O evento traz m\u00fasicos experientes e importantes para a cultura local e nacional. O festival \u00e9 gratuito, aberto a todos os p\u00fablicos\u00a0e tem\u2026","rel":"","context":"Em &quot;Cultura&quot;","block_context":{"text":"Cultura","link":"https:\/\/blogdafeira.com.br\/home\/categoria\/cultura\/"},"img":{"alt_text":"","src":"https:\/\/i0.wp.com\/blogdafeira.com.br\/home\/wp-content\/uploads\/2022\/03\/FN_7YANXMAcUJnr.jpeg?resize=350%2C200&ssl=1","width":350,"height":200,"srcset":"https:\/\/i0.wp.com\/blogdafeira.com.br\/home\/wp-content\/uploads\/2022\/03\/FN_7YANXMAcUJnr.jpeg?resize=350%2C200&ssl=1 1x, https:\/\/i0.wp.com\/blogdafeira.com.br\/home\/wp-content\/uploads\/2022\/03\/FN_7YANXMAcUJnr.jpeg?resize=525%2C300&ssl=1 1.5x, https:\/\/i0.wp.com\/blogdafeira.com.br\/home\/wp-content\/uploads\/2022\/03\/FN_7YANXMAcUJnr.jpeg?resize=700%2C400&ssl=1 2x"},"classes":[]},{"id":29453,"url":"https:\/\/blogdafeira.com.br\/home\/2018\/04\/14\/psol-de-feira-marca-um-mes-da-execucao-da-vereadora-marielle-hoje-em-ato-no-agostinho\/","url_meta":{"origin":73841,"position":4},"title":"PSOL de Feira marca um m\u00eas da execu\u00e7\u00e3o da vereadora Marielle hoje em ato no &#8216;Agostinho&#8217;","author":"[M\u00daSICA DA BAHIA] Por Lore Cerqueira","date":"14\/04\/2018","format":false,"excerpt":"Neste s\u00e1bado,14,\u00a0 a partir das 15:00, no Col\u00e9gio Estadual Agostinho Fr\u00f3es da Mota, o PSOL Feira de Santana realizar\u00e1 um ato pol\u00edtico e cultural como atividade de resist\u00eancia no marco de um m\u00eas de execu\u00e7\u00e3o da vereadora carioca Marielle Franco e do motorista Anderson Gomes. \"O ato \u00e9 uma iniciativa\u2026","rel":"","context":"Em &quot;Home&quot;","block_context":{"text":"Home","link":"https:\/\/blogdafeira.com.br\/home\/categoria\/raiz\/"},"img":{"alt_text":"","src":"https:\/\/i0.wp.com\/blogdafeira.com.br\/home\/wp-content\/uploads\/2018\/04\/Marielle-vive-2-1024x1024.jpeg?resize=350%2C200","width":350,"height":200,"srcset":"https:\/\/i0.wp.com\/blogdafeira.com.br\/home\/wp-content\/uploads\/2018\/04\/Marielle-vive-2-1024x1024.jpeg?resize=350%2C200 1x, https:\/\/i0.wp.com\/blogdafeira.com.br\/home\/wp-content\/uploads\/2018\/04\/Marielle-vive-2-1024x1024.jpeg?resize=525%2C300 1.5x, https:\/\/i0.wp.com\/blogdafeira.com.br\/home\/wp-content\/uploads\/2018\/04\/Marielle-vive-2-1024x1024.jpeg?resize=700%2C400 2x"},"classes":[]},{"id":47084,"url":"https:\/\/blogdafeira.com.br\/home\/2021\/08\/24\/extraterrestre-perdido-no-centro-de-fera\/","url_meta":{"origin":73841,"position":5},"title":"Extraterrestre perdido no centro de F\u00eara: ou\u00e7a o &#8220;Cordel da Caixa D&#8217;\u00e1gua&#8221;","author":"[M\u00daSICA DA BAHIA] Por Lore Cerqueira","date":"24\/08\/2021","format":false,"excerpt":"A can\u00e7\u00e3o \u201cCordel da Caixa D\u2019\u00e1gua\u201d, de Uyat\u00e3 Rayra, j\u00e1 est\u00e1 dispon\u00edvel nas plataformas de streaming A hist\u00f3ria \u00e9 boa demais. Um extraterrestre tem a nave espacial avariada no espa\u00e7o a\u00e9reo de Feira de Santana. Talvez o \u00fanico lugar do planeta Terra onde haja alguma possibilidade de comprar a pe\u00e7a\u2026","rel":"","context":"Em &quot;Cultura&quot;","block_context":{"text":"Cultura","link":"https:\/\/blogdafeira.com.br\/home\/categoria\/cultura\/"},"img":{"alt_text":"","src":"https:\/\/i0.wp.com\/blogdafeira.com.br\/home\/wp-content\/uploads\/2021\/08\/capa-single-copia-1.jpg?resize=350%2C200&ssl=1","width":350,"height":200,"srcset":"https:\/\/i0.wp.com\/blogdafeira.com.br\/home\/wp-content\/uploads\/2021\/08\/capa-single-copia-1.jpg?resize=350%2C200&ssl=1 1x, https:\/\/i0.wp.com\/blogdafeira.com.br\/home\/wp-content\/uploads\/2021\/08\/capa-single-copia-1.jpg?resize=525%2C300&ssl=1 1.5x"},"classes":[]}],"_links":{"self":[{"href":"https:\/\/blogdafeira.com.br\/home\/wp-json\/wp\/v2\/posts\/73841","targetHints":{"allow":["GET"]}}],"collection":[{"href":"https:\/\/blogdafeira.com.br\/home\/wp-json\/wp\/v2\/posts"}],"about":[{"href":"https:\/\/blogdafeira.com.br\/home\/wp-json\/wp\/v2\/types\/post"}],"author":[{"embeddable":true,"href":"https:\/\/blogdafeira.com.br\/home\/wp-json\/wp\/v2\/users\/1"}],"replies":[{"embeddable":true,"href":"https:\/\/blogdafeira.com.br\/home\/wp-json\/wp\/v2\/comments?post=73841"}],"version-history":[{"count":1,"href":"https:\/\/blogdafeira.com.br\/home\/wp-json\/wp\/v2\/posts\/73841\/revisions"}],"predecessor-version":[{"id":73844,"href":"https:\/\/blogdafeira.com.br\/home\/wp-json\/wp\/v2\/posts\/73841\/revisions\/73844"}],"wp:featuredmedia":[{"embeddable":true,"href":"https:\/\/blogdafeira.com.br\/home\/wp-json\/wp\/v2\/media\/73842"}],"wp:attachment":[{"href":"https:\/\/blogdafeira.com.br\/home\/wp-json\/wp\/v2\/media?parent=73841"}],"wp:term":[{"taxonomy":"category","embeddable":true,"href":"https:\/\/blogdafeira.com.br\/home\/wp-json\/wp\/v2\/categories?post=73841"},{"taxonomy":"post_tag","embeddable":true,"href":"https:\/\/blogdafeira.com.br\/home\/wp-json\/wp\/v2\/tags?post=73841"}],"curies":[{"name":"wp","href":"https:\/\/api.w.org\/{rel}","templated":true}]}}