{"id":73845,"date":"2026-09-02T18:14:22","date_gmt":"2026-09-02T21:14:22","guid":{"rendered":"https:\/\/blogdafeira.com.br\/home\/?p=73845"},"modified":"2026-09-02T18:14:22","modified_gmt":"2026-09-02T21:14:22","slug":"ze-ronaldo-autoriza-reforma-de-mais-uma-praca-no-centro-antigo-de-feira","status":"publish","type":"post","link":"https:\/\/blogdafeira.com.br\/home\/2026\/09\/02\/ze-ronaldo-autoriza-reforma-de-mais-uma-praca-no-centro-antigo-de-feira\/","title":{"rendered":"Z\u00e9 Ronaldo autoriza reforma de mais uma pra\u00e7a no centro antigo de Feira"},"content":{"rendered":"<div id=\"blogd-1102492971\" class=\"blogd-fim-do-post-mobile blogd-entity-placement\" style=\"margin-left: auto;margin-right: auto;text-align: center;\"><a href=\"https:\/\/expofeira.ba.gov.br\/\" target=_blank><picture>\r\n  <source media=\"(min-width: 768px)\" srcset=\"https:\/\/blogdafeira.com.br\/home\/wp-content\/uploads\/2026\/08\/980x1503.gif\">\r\n  \r\n  <img decoding=\"async\" src=\"https:\/\/blogdafeira.com.br\/home\/wp-content\/uploads\/2026\/08\/350x2005.gif\" alt=\"Publicidade\" style=\"width: 100%; max-width: 100%; height: auto; display: block; margin: 0 auto;\">\r\n\t<\/picture><\/a><\/div><p>Z\u00e9 Ronaldo autorizou a reforma de mais uma pra\u00e7a. Dessa vez, uma das mais antigas, encravadas no centro da cidade, a centen\u00e1ria Pra\u00e7a 2 de Julho, ao longo da antiga Rua de Aurora. Acompanhado do secret\u00e1rio Carlos Brito, que \u00e9 um ex-morador hist\u00f3rico do local, e outros membros do governo, o Prefeito relembrou que a Prefeitura est\u00e1\u00a0 reformando a Pra\u00e7a do Tropeiro, a Pra\u00e7a do Sapateiro, a Pra\u00e7a Eduardo Froes da Mota e a Pra\u00e7a Jo\u00e3o Barbosa de Carvalho, al\u00e9m de outras pra\u00e7as em bairros e distritos, &#8220;<em>e esta semana ainda vamos iniciar a reforma da Pra\u00e7a do Nordestino\u201d,<\/em><\/p>\n<p>.A ordem foi assinada e os servi\u00e7os foram iniciados imediatamente. Ser\u00e3o\u00a0 investidos cerca de R$ 600 mil.<\/p>\n<div id=\"blogd-2729644453\" class=\"blogd-final-post blogd-entity-placement\"><a href=\"https:\/\/www.feiradesantana.ba.leg.br\/\" target=\"_blank\" aria-label=\"BANNER-SITE_CA\u0302MARA_AGOSTO_728x90px\"><img loading=\"lazy\" decoding=\"async\" src=\"https:\/\/blogdafeira.com.br\/home\/wp-content\/uploads\/2026\/03\/BANNER-SITE_CAMARA_AGOSTO_728x90px.gif\" alt=\"\"  class=\"no-lazyload\" width=\"728\" height=\"90\"   \/><\/a><\/div><p>As obras est\u00e3o sendo executadas pela empresa 5M Constru\u00e7\u00f5es, vencedora de licita\u00e7\u00e3o p\u00fablica realizada pela Prefeitura de Feira de Santana, e devem ser conclu\u00eddas em 2027.<\/p>\n","protected":false},"excerpt":{"rendered":"<p>Z\u00e9 Ronaldo autorizou a reforma de mais uma pra\u00e7a. Dessa vez, uma das mais antigas, encravadas no centro da cidade, a centen\u00e1ria Pra\u00e7a 2 de Julho, ao longo da antiga Rua de Aurora. Acompanhado do secret\u00e1rio Carlos Brito, que \u00e9 um ex-morador hist\u00f3rico do local, e outros membros do governo, o Prefeito relembrou que a<\/p>\n","protected":false},"author":1,"featured_media":73846,"comment_status":"open","ping_status":"open","sticky":false,"template":"","format":"standard","meta":{"cybocfi_hide_featured_image":"","_jetpack_newsletter_access":"","_jetpack_dont_email_post_to_subs":false,"_jetpack_newsletter_tier_id":0,"_jetpack_memberships_contains_paywalled_content":false,"_jetpack_memberships_contains_paid_content":false,"footnotes":"","jetpack_publicize_message":"","jetpack_publicize_feature_enabled":true,"jetpack_social_post_already_shared":true,"jetpack_social_options":{"image_generator_settings":{"template":"highway","default_image_id":0,"font":"","enabled":false},"version":2},"jetpack_post_was_ever_published":false},"categories":[3,603],"tags":[],"class_list":["post-73845","post","type-post","status-publish","format-standard","has-post-thumbnail","hentry","category-cidade","category-destaques"],"jetpack_publicize_connections":[],"jetpack_featured_media_url":"https:\/\/blogdafeira.com.br\/home\/wp-content\/uploads\/2026\/09\/Reforma-da-Praca-2-de-Julho-fotos-Jorge-Magalhaes-11.jpeg","jetpack_shortlink":"https:\/\/wp.me\/p3niVf-jd3","jetpack_sharing_enabled":true,"jetpack-related-posts":[{"id":71301,"url":"https:\/\/blogdafeira.com.br\/home\/2026\/02\/09\/prefeito-de-feira-autoriza-servicos-de-reforma-na-praca-do-povoado-do-jacu\/","url_meta":{"origin":73845,"position":0},"title":"Prefeito de Feira autoriza servi\u00e7os de reforma na pra\u00e7a do povoado do Jacu","author":"Blog da Feira","date":"09\/02\/2026","format":false,"excerpt":"O prefeito Z\u00e9 Ronaldo autorizou, na manh\u00e3 desta segunda-feira (9), o in\u00edcio das obras de reconstru\u00e7\u00e3o da Pra\u00e7a do Povoado de Jac\u00fa, no distrito da Matinha. A interven\u00e7\u00e3o vai garantir um espa\u00e7o mais moderno, seguro e adequado para o lazer, a conviv\u00eancia social e a melhoria da qualidade de vida\u2026","rel":"","context":"Em &quot;Distritos&quot;","block_context":{"text":"Distritos","link":"https:\/\/blogdafeira.com.br\/home\/categoria\/distritos\/"},"img":{"alt_text":"","src":"https:\/\/i0.wp.com\/blogdafeira.com.br\/home\/wp-content\/uploads\/2026\/02\/09022026112145.jpg?resize=350%2C200&ssl=1","width":350,"height":200,"srcset":"https:\/\/i0.wp.com\/blogdafeira.com.br\/home\/wp-content\/uploads\/2026\/02\/09022026112145.jpg?resize=350%2C200&ssl=1 1x, https:\/\/i0.wp.com\/blogdafeira.com.br\/home\/wp-content\/uploads\/2026\/02\/09022026112145.jpg?resize=525%2C300&ssl=1 1.5x, https:\/\/i0.wp.com\/blogdafeira.com.br\/home\/wp-content\/uploads\/2026\/02\/09022026112145.jpg?resize=700%2C400&ssl=1 2x, https:\/\/i0.wp.com\/blogdafeira.com.br\/home\/wp-content\/uploads\/2026\/02\/09022026112145.jpg?resize=1050%2C600&ssl=1 3x"},"classes":[]},{"id":68649,"url":"https:\/\/blogdafeira.com.br\/home\/2025\/07\/27\/ze-ronaldo-assinanesta-segunda-feira-ordem-de-servico-para-a-reforma-da-praca-do-tropeiro\/","url_meta":{"origin":73845,"position":1},"title":"Ze Ronaldo assina,nesta segunda-feira, ordem de servi\u00e7o para a reforma da Pra\u00e7a do Tropeiro","author":"Blog da Feira","date":"27\/07\/2025","format":false,"excerpt":"https:\/\/youtube.com\/shorts\/lYVFm9tRhoQ?si=lkLt4q43Q-L4IKmc O Prefeito de Feira de Santana, Z\u00e9 Ronaldo vai \u00e0 Pra\u00e7a do Tropeiro,\u00e0s 8 horas da manh\u00e3 desta segunda-feira (28), assinar a ordem de servi\u00e7o para a reforma naquele logradouro p\u00fablico que encontra-se com suas estruturas\u00a0 deterioradas. A requalifica\u00e7\u00e3o da pra\u00e7a vai al\u00e9m da melhoria urbana, observa o subsecret\u00e1rio\u2026","rel":"","context":"Em &quot;Cidade&quot;","block_context":{"text":"Cidade","link":"https:\/\/blogdafeira.com.br\/home\/categoria\/cidade\/"},"img":{"alt_text":"","src":"https:\/\/i0.wp.com\/blogdafeira.com.br\/home\/wp-content\/uploads\/2025\/07\/IMG_20161202_1434254872-scaled.jpg?resize=350%2C200&ssl=1","width":350,"height":200,"srcset":"https:\/\/i0.wp.com\/blogdafeira.com.br\/home\/wp-content\/uploads\/2025\/07\/IMG_20161202_1434254872-scaled.jpg?resize=350%2C200&ssl=1 1x, https:\/\/i0.wp.com\/blogdafeira.com.br\/home\/wp-content\/uploads\/2025\/07\/IMG_20161202_1434254872-scaled.jpg?resize=525%2C300&ssl=1 1.5x, https:\/\/i0.wp.com\/blogdafeira.com.br\/home\/wp-content\/uploads\/2025\/07\/IMG_20161202_1434254872-scaled.jpg?resize=700%2C400&ssl=1 2x, https:\/\/i0.wp.com\/blogdafeira.com.br\/home\/wp-content\/uploads\/2025\/07\/IMG_20161202_1434254872-scaled.jpg?resize=1050%2C600&ssl=1 3x, https:\/\/i0.wp.com\/blogdafeira.com.br\/home\/wp-content\/uploads\/2025\/07\/IMG_20161202_1434254872-scaled.jpg?resize=1400%2C800&ssl=1 4x"},"classes":[]},{"id":68227,"url":"https:\/\/blogdafeira.com.br\/home\/2025\/07\/11\/samba-da-praca-do-tropeiro-aprova-projeto-de-reforma-e-ze-ronaldo-diz-que-obra-e-prioridade-do-governo\/","url_meta":{"origin":73845,"position":2},"title":"Samba da Pra\u00e7a do Tropeiro aprova projeto de reforma e Z\u00e9 Ronaldo diz que obra \u00e9 prioridade do governo","author":"Blog da Feira","date":"11\/07\/2025","format":false,"excerpt":"Na manh\u00e3 desta quinta-feira (11), o prefeito de Feira de Santana, Z\u00e9 Ronaldo, recebeu em seu gabinete representantes do tradicional samba da Pra\u00e7a do Tropeiro, que acontece todas as segundas-feiras no centro da cidade. O encontro teve como objetivo apresentar o projeto de reforma da pra\u00e7a, que contempla melhorias voltadas\u2026","rel":"","context":"Em &quot;Cultura&quot;","block_context":{"text":"Cultura","link":"https:\/\/blogdafeira.com.br\/home\/categoria\/cultura\/"},"img":{"alt_text":"","src":"https:\/\/i0.wp.com\/blogdafeira.com.br\/home\/wp-content\/uploads\/2025\/07\/IMG-20250711-WA01112.jpg?resize=350%2C200&ssl=1","width":350,"height":200,"srcset":"https:\/\/i0.wp.com\/blogdafeira.com.br\/home\/wp-content\/uploads\/2025\/07\/IMG-20250711-WA01112.jpg?resize=350%2C200&ssl=1 1x, https:\/\/i0.wp.com\/blogdafeira.com.br\/home\/wp-content\/uploads\/2025\/07\/IMG-20250711-WA01112.jpg?resize=525%2C300&ssl=1 1.5x, https:\/\/i0.wp.com\/blogdafeira.com.br\/home\/wp-content\/uploads\/2025\/07\/IMG-20250711-WA01112.jpg?resize=700%2C400&ssl=1 2x, https:\/\/i0.wp.com\/blogdafeira.com.br\/home\/wp-content\/uploads\/2025\/07\/IMG-20250711-WA01112.jpg?resize=1050%2C600&ssl=1 3x"},"classes":[]},{"id":73766,"url":"https:\/\/blogdafeira.com.br\/home\/2026\/08\/28\/prefeitura-investe-no-embelezamento-de-pracas-de-feira-mas-arborizacao-fica-em-segundo-plano\/","url_meta":{"origin":73845,"position":3},"title":"Prefeitura investe no embelezamento de pra\u00e7as de Feira mas arboriza\u00e7\u00e3o fica em segundo plano","author":"Blog da Feira","date":"28\/08\/2026","format":false,"excerpt":"Em cerca de uma semana o prefeito de Feira, Z\u00e9 Ronaldo, anunciou a reforma e embelezamento de tr\u00eas pra\u00e7as - a do F\u00f3rum, no Panorama e a do Parque Sabi\u00e1. Exercendo o quinto mandato, o Prefeito tem desde o in\u00edcio dessa gest\u00e3o, ano passado, focado no embelezamento e ordenamento do\u2026","rel":"","context":"Em &quot;Cidade&quot;","block_context":{"text":"Cidade","link":"https:\/\/blogdafeira.com.br\/home\/categoria\/cidade\/"},"img":{"alt_text":"","src":"https:\/\/i0.wp.com\/blogdafeira.com.br\/home\/wp-content\/uploads\/2026\/08\/354A6754a-scaled.jpg?resize=350%2C200&ssl=1","width":350,"height":200,"srcset":"https:\/\/i0.wp.com\/blogdafeira.com.br\/home\/wp-content\/uploads\/2026\/08\/354A6754a-scaled.jpg?resize=350%2C200&ssl=1 1x, https:\/\/i0.wp.com\/blogdafeira.com.br\/home\/wp-content\/uploads\/2026\/08\/354A6754a-scaled.jpg?resize=525%2C300&ssl=1 1.5x, https:\/\/i0.wp.com\/blogdafeira.com.br\/home\/wp-content\/uploads\/2026\/08\/354A6754a-scaled.jpg?resize=700%2C400&ssl=1 2x, https:\/\/i0.wp.com\/blogdafeira.com.br\/home\/wp-content\/uploads\/2026\/08\/354A6754a-scaled.jpg?resize=1050%2C600&ssl=1 3x, https:\/\/i0.wp.com\/blogdafeira.com.br\/home\/wp-content\/uploads\/2026\/08\/354A6754a-scaled.jpg?resize=1400%2C800&ssl=1 4x"},"classes":[]},{"id":71207,"url":"https:\/\/blogdafeira.com.br\/home\/2026\/02\/03\/prefeitura-de-feira-anuncia-reformas-em-mais-de-10-pracas-do-municipio\/","url_meta":{"origin":73845,"position":4},"title":"Prefeitura de Feira anuncia reformas em mais de 10 pra\u00e7as do Munic\u00edpio","author":"Blog da Feira","date":"03\/02\/2026","format":false,"excerpt":"Mais de 10 pra\u00e7as ser\u00e3o reformadas pela Prefeitura de Feira,\u00a0 na mais ostensiva a\u00e7\u00e3o de embelezamento que o Munic\u00edpio j\u00e1 assistiu, principalmente no centro antigo e comercial onde ser\u00e3o revitalizadas as seguintes pra\u00e7as: -Pra\u00e7a dos Sapateiros - reduto onde trabalham os sapateiros e tem o estacionamento da Prefeitura; -Praca do\u2026","rel":"","context":"Em &quot;Cidade&quot;","block_context":{"text":"Cidade","link":"https:\/\/blogdafeira.com.br\/home\/categoria\/cidade\/"},"img":{"alt_text":"","src":"https:\/\/i0.wp.com\/blogdafeira.com.br\/home\/wp-content\/uploads\/2026\/02\/IMG_20160316_0921522632-scaled.jpg?resize=350%2C200&ssl=1","width":350,"height":200,"srcset":"https:\/\/i0.wp.com\/blogdafeira.com.br\/home\/wp-content\/uploads\/2026\/02\/IMG_20160316_0921522632-scaled.jpg?resize=350%2C200&ssl=1 1x, https:\/\/i0.wp.com\/blogdafeira.com.br\/home\/wp-content\/uploads\/2026\/02\/IMG_20160316_0921522632-scaled.jpg?resize=525%2C300&ssl=1 1.5x, https:\/\/i0.wp.com\/blogdafeira.com.br\/home\/wp-content\/uploads\/2026\/02\/IMG_20160316_0921522632-scaled.jpg?resize=700%2C400&ssl=1 2x, https:\/\/i0.wp.com\/blogdafeira.com.br\/home\/wp-content\/uploads\/2026\/02\/IMG_20160316_0921522632-scaled.jpg?resize=1050%2C600&ssl=1 3x, https:\/\/i0.wp.com\/blogdafeira.com.br\/home\/wp-content\/uploads\/2026\/02\/IMG_20160316_0921522632-scaled.jpg?resize=1400%2C800&ssl=1 4x"},"classes":[]},{"id":68671,"url":"https:\/\/blogdafeira.com.br\/home\/2025\/07\/29\/comecou-a-reforma-na-praca-do-samba-das-segundas-feiras-na-feiratropeiro\/","url_meta":{"origin":73845,"position":5},"title":"Come\u00e7ou a reforma na Pra\u00e7a do Samba da Segunda-Feira, na Feira","author":"Blog da Feira","date":"29\/07\/2025","format":false,"excerpt":"Inaugurada em fevereiro de 2002, a emblem\u00e1tica Pra\u00e7a do Tropeiro, em frente ao Shopping Popular e ao Centro de Abastecimento, vai passar por uma ampla obra de revitaliza\u00e7\u00e3o e moderniza\u00e7\u00e3o. A ordem de servi\u00e7o foi dada pelo prefeito Z\u00e9 Ronaldo, na manh\u00e3 de ontem segunda-feira (28), e as interven\u00e7\u00f5es j\u00e1\u2026","rel":"","context":"Em &quot;Cidade&quot;","block_context":{"text":"Cidade","link":"https:\/\/blogdafeira.com.br\/home\/categoria\/cidade\/"},"img":{"alt_text":"","src":"https:\/\/i0.wp.com\/blogdafeira.com.br\/home\/wp-content\/uploads\/2025\/07\/IMG_20250728_143145856_HDR2-scaled.jpg?resize=350%2C200&ssl=1","width":350,"height":200,"srcset":"https:\/\/i0.wp.com\/blogdafeira.com.br\/home\/wp-content\/uploads\/2025\/07\/IMG_20250728_143145856_HDR2-scaled.jpg?resize=350%2C200&ssl=1 1x, https:\/\/i0.wp.com\/blogdafeira.com.br\/home\/wp-content\/uploads\/2025\/07\/IMG_20250728_143145856_HDR2-scaled.jpg?resize=525%2C300&ssl=1 1.5x, https:\/\/i0.wp.com\/blogdafeira.com.br\/home\/wp-content\/uploads\/2025\/07\/IMG_20250728_143145856_HDR2-scaled.jpg?resize=700%2C400&ssl=1 2x, https:\/\/i0.wp.com\/blogdafeira.com.br\/home\/wp-content\/uploads\/2025\/07\/IMG_20250728_143145856_HDR2-scaled.jpg?resize=1050%2C600&ssl=1 3x, https:\/\/i0.wp.com\/blogdafeira.com.br\/home\/wp-content\/uploads\/2025\/07\/IMG_20250728_143145856_HDR2-scaled.jpg?resize=1400%2C800&ssl=1 4x"},"classes":[]}],"_links":{"self":[{"href":"https:\/\/blogdafeira.com.br\/home\/wp-json\/wp\/v2\/posts\/73845","targetHints":{"allow":["GET"]}}],"collection":[{"href":"https:\/\/blogdafeira.com.br\/home\/wp-json\/wp\/v2\/posts"}],"about":[{"href":"https:\/\/blogdafeira.com.br\/home\/wp-json\/wp\/v2\/types\/post"}],"author":[{"embeddable":true,"href":"https:\/\/blogdafeira.com.br\/home\/wp-json\/wp\/v2\/users\/1"}],"replies":[{"embeddable":true,"href":"https:\/\/blogdafeira.com.br\/home\/wp-json\/wp\/v2\/comments?post=73845"}],"version-history":[{"count":1,"href":"https:\/\/blogdafeira.com.br\/home\/wp-json\/wp\/v2\/posts\/73845\/revisions"}],"predecessor-version":[{"id":73847,"href":"https:\/\/blogdafeira.com.br\/home\/wp-json\/wp\/v2\/posts\/73845\/revisions\/73847"}],"wp:featuredmedia":[{"embeddable":true,"href":"https:\/\/blogdafeira.com.br\/home\/wp-json\/wp\/v2\/media\/73846"}],"wp:attachment":[{"href":"https:\/\/blogdafeira.com.br\/home\/wp-json\/wp\/v2\/media?parent=73845"}],"wp:term":[{"taxonomy":"category","embeddable":true,"href":"https:\/\/blogdafeira.com.br\/home\/wp-json\/wp\/v2\/categories?post=73845"},{"taxonomy":"post_tag","embeddable":true,"href":"https:\/\/blogdafeira.com.br\/home\/wp-json\/wp\/v2\/tags?post=73845"}],"curies":[{"name":"wp","href":"https:\/\/api.w.org\/{rel}","templated":true}]}}