{"id":73848,"date":"2026-09-02T18:30:55","date_gmt":"2026-09-02T21:30:55","guid":{"rendered":"https:\/\/blogdafeira.com.br\/home\/?p=73848"},"modified":"2026-09-02T18:32:26","modified_gmt":"2026-09-02T21:32:26","slug":"aeroporto-com-licenca-vencida-e-fechado-pela-secretaria-do-meio-ambiente-de-feira","status":"publish","type":"post","link":"https:\/\/blogdafeira.com.br\/home\/2026\/09\/02\/aeroporto-com-licenca-vencida-e-fechado-pela-secretaria-do-meio-ambiente-de-feira\/","title":{"rendered":"Aeroporto de Feira \u00e9 fechado pela Secretaria Municipal de Meio Ambiente: licen\u00e7a vencida"},"content":{"rendered":"<div id=\"blogd-1791721066\" class=\"blogd-fim-do-post-mobile blogd-entity-placement\" style=\"margin-left: auto;margin-right: auto;text-align: center;\"><a href=\"https:\/\/expofeira.ba.gov.br\/\" target=_blank><picture>\r\n  <source media=\"(min-width: 768px)\" srcset=\"https:\/\/blogdafeira.com.br\/home\/wp-content\/uploads\/2026\/08\/980x1503.gif\">\r\n  \r\n  <img decoding=\"async\" src=\"https:\/\/blogdafeira.com.br\/home\/wp-content\/uploads\/2026\/08\/350x2005.gif\" alt=\"Publicidade\" style=\"width: 100%; max-width: 100%; height: auto; display: block; margin: 0 auto;\">\r\n\t<\/picture><\/a><\/div><p>A Secretaria Municipal de Meio Ambiente de Feira de Santana realizou, nesta quarta-feira (2), uma a\u00e7\u00e3o de fiscaliza\u00e7\u00e3o ambiental nas instala\u00e7\u00f5es do Aeroporto de Feira de Santana, operado pela empresa AFS Aeroporto de Feira de Santana S.A.<\/p>\n<p>Durante a fiscaliza\u00e7\u00e3o, a equipe constatou que o empreendimento permanecia em funcionamento com a licen\u00e7a ambiental vencida desde dezembro de 2025. Tamb\u00e9m foi verificado que, at\u00e9 a presente data, a empresa respons\u00e1vel pela opera\u00e7\u00e3o do aeroporto n\u00e3o havia protocolado o pedido de renova\u00e7\u00e3o da licen\u00e7a perante o \u00f3rg\u00e3o ambiental competente.<\/p>\n<p>Al\u00e9m da aus\u00eancia de licen\u00e7a v\u00e1lida, a fiscaliza\u00e7\u00e3o identificou o n\u00e3o cumprimento de <em>condicionantes ambientais<\/em> estabelecidas na portaria anteriormente vigente. Diante dessas irregularidades, foram adotadas as medidas administrativas cab\u00edveis, com a suspens\u00e3o tempor\u00e1ria das atividades do empreendimento at\u00e9 a sua regulariza\u00e7\u00e3o ambiental.<\/p>\n<p>A secret\u00e1ria municipal de Meio Ambiente, Jaciara Costa, ressaltou que a fiscaliza\u00e7\u00e3o tem como objetivo garantir que empreendimentos potencialmente causadores de impactos ambientais cumpram as exig\u00eancias previstas na legisla\u00e7\u00e3o.<\/p>\n<p>\u201cNosso papel \u00e9 fiscalizar e assegurar que as atividades sejam desenvolvidas dentro das normas ambientais. A licen\u00e7a e o cumprimento das condicionantes n\u00e3o s\u00e3o meras formalidades. S\u00e3o instrumentos que garantem o acompanhamento e o controle dos impactos causados pelo empreendimento, protegendo o meio ambiente e a coletividade\u201d, afirmou.<\/p>\n<p>As condicionantes ambientais s\u00e3o obriga\u00e7\u00f5es t\u00e9cnicas e administrativas estabelecidas pelo \u00f3rg\u00e3o ambiental para autorizar e controlar o funcionamento de um empreendimento. Essas medidas s\u00e3o fundamentais para prevenir, controlar e mitigar os impactos ambientais decorrentes da atividade, estabelecendo procedimentos de monitoramento, manuten\u00e7\u00e3o, gerenciamento de res\u00edduos, controle de riscos e outras a\u00e7\u00f5es necess\u00e1rias \u00e0 prote\u00e7\u00e3o do meio ambiente e da coletividade.<\/p>\n<p>O cumprimento das condicionantes n\u00e3o constitui uma mera formalidade documental, mas um requisito essencial para demonstrar que o empreendimento possui condi\u00e7\u00f5es ambientais adequadas para continuar operando. Quando essas obriga\u00e7\u00f5es n\u00e3o s\u00e3o atendidas, o \u00f3rg\u00e3o ambiental deixa de ter garantias de que os impactos associados \u00e0 atividade est\u00e3o sendo devidamente acompanhados e controlados.<\/p>\n<p>A suspens\u00e3o possui car\u00e1ter preventivo e tempor\u00e1rio. As atividades somente poder\u00e3o ser retomadas ap\u00f3s a empresa adotar as provid\u00eancias determinadas pela fiscaliza\u00e7\u00e3o, comprovar o cumprimento das obriga\u00e7\u00f5es ambientais pendentes e regularizar o licenciamento perante o \u00f3rg\u00e3o competente.<\/p>\n<p>Jaciara Costa refor\u00e7ou, ainda, que a medida adotada pela Secretaria segue o procedimento administrativo previsto para situa\u00e7\u00f5es de irregularidade ambiental.<\/p>\n<p>\u201c<em>A suspens\u00e3o \u00e9 uma medida preventiva e tempor\u00e1ria. Assim que as pend\u00eancias forem solucionadas e as exig\u00eancias ambientais forem devidamente cumpridas, o processo poder\u00e1 avan\u00e7ar para a regulariza\u00e7\u00e3o. O que buscamos \u00e9 garantir que o empreendimento opere com seguran\u00e7a ambiental e dentro da legisla\u00e7\u00e3o\u201d,<\/em> destacou.<\/p>\n<div id=\"blogd-344290461\" class=\"blogd-final-post blogd-entity-placement\"><a href=\"https:\/\/www.feiradesantana.ba.leg.br\/\" target=\"_blank\" aria-label=\"BANNER-SITE_CA\u0302MARA_AGOSTO_728x90px\"><img loading=\"lazy\" decoding=\"async\" src=\"https:\/\/blogdafeira.com.br\/home\/wp-content\/uploads\/2026\/03\/BANNER-SITE_CAMARA_AGOSTO_728x90px.gif\" alt=\"\"  class=\"no-lazyload\" width=\"728\" height=\"90\"   \/><\/a><\/div><p>A Secretaria Municipal de Meio Ambiente refor\u00e7a que a manuten\u00e7\u00e3o da licen\u00e7a ambiental v\u00e1lida e o cumprimento integral de suas condicionantes s\u00e3o responsabilidades do empreendedor e requisitos indispens\u00e1veis para o funcionamento regular de qualquer atividade potencialmente causadora de impactos ambientais.<\/p>\n","protected":false},"excerpt":{"rendered":"<p>A Secretaria Municipal de Meio Ambiente de Feira de Santana realizou, nesta quarta-feira (2), uma a\u00e7\u00e3o de fiscaliza\u00e7\u00e3o ambiental nas instala\u00e7\u00f5es do Aeroporto de Feira de Santana, operado pela empresa AFS Aeroporto de Feira de Santana S.A. Durante a fiscaliza\u00e7\u00e3o, a equipe constatou que o empreendimento permanecia em funcionamento com a licen\u00e7a ambiental vencida desde<\/p>\n","protected":false},"author":1,"featured_media":73849,"comment_status":"open","ping_status":"open","sticky":false,"template":"","format":"standard","meta":{"cybocfi_hide_featured_image":"","_jetpack_newsletter_access":"","_jetpack_dont_email_post_to_subs":false,"_jetpack_newsletter_tier_id":0,"_jetpack_memberships_contains_paywalled_content":false,"_jetpack_memberships_contains_paid_content":false,"footnotes":"","jetpack_publicize_message":"","jetpack_publicize_feature_enabled":true,"jetpack_social_post_already_shared":true,"jetpack_social_options":{"image_generator_settings":{"template":"highway","default_image_id":0,"font":"","enabled":false},"version":2},"jetpack_post_was_ever_published":false},"categories":[3,603],"tags":[],"class_list":["post-73848","post","type-post","status-publish","format-standard","has-post-thumbnail","hentry","category-cidade","category-destaques"],"jetpack_publicize_connections":[],"jetpack_featured_media_url":"https:\/\/blogdafeira.com.br\/home\/wp-content\/uploads\/2026\/09\/02092026174242.jpg","jetpack_shortlink":"https:\/\/wp.me\/p3niVf-jd6","jetpack_sharing_enabled":true,"jetpack-related-posts":[{"id":65287,"url":"https:\/\/blogdafeira.com.br\/home\/2025\/01\/22\/existem-147-pedidos-de-licenciamentos-em-analise-na-secretaria-de-meio-ambiente-de-feira\/","url_meta":{"origin":73848,"position":0},"title":"Existem 147 pedidos de licenciamentos em an\u00e1lise na Secretaria de Meio Ambiente de Feira","author":"Secom\/FSA","date":"22\/01\/2025","format":false,"excerpt":"A secret\u00e1ria de Meio Ambiente de Feira de Santana, Jaciara Costa, disse, hoje, atrav\u00e9s do site da Secom, que existem 147 pedidos\u00a0 de libera\u00e7\u00e3o de licenciamentos\u00a0 ambientais\u00a0 acumulados em fase de an\u00e1lise na Secretaria. e que pretende\u00a0 concluir os processos pendentes em at\u00e9 90 dias. Segundo a secret\u00e1ria, os atrasos\u2026","rel":"","context":"Em &quot;Cidade&quot;","block_context":{"text":"Cidade","link":"https:\/\/blogdafeira.com.br\/home\/categoria\/cidade\/"},"img":{"alt_text":"","src":"https:\/\/i0.wp.com\/blogdafeira.com.br\/home\/wp-content\/uploads\/2025\/01\/22012025155220.jpg?resize=350%2C200&ssl=1","width":350,"height":200,"srcset":"https:\/\/i0.wp.com\/blogdafeira.com.br\/home\/wp-content\/uploads\/2025\/01\/22012025155220.jpg?resize=350%2C200&ssl=1 1x, https:\/\/i0.wp.com\/blogdafeira.com.br\/home\/wp-content\/uploads\/2025\/01\/22012025155220.jpg?resize=525%2C300&ssl=1 1.5x, https:\/\/i0.wp.com\/blogdafeira.com.br\/home\/wp-content\/uploads\/2025\/01\/22012025155220.jpg?resize=700%2C400&ssl=1 2x, https:\/\/i0.wp.com\/blogdafeira.com.br\/home\/wp-content\/uploads\/2025\/01\/22012025155220.jpg?resize=1050%2C600&ssl=1 3x"},"classes":[]},{"id":61293,"url":"https:\/\/blogdafeira.com.br\/home\/2024\/02\/27\/cemiterio-em-serrinha-denunciado-na-justica-por-contaminar-aquifero-do-municipio\/","url_meta":{"origin":73848,"position":1},"title":"Cemit\u00e9rio em Serrinha denunciado na Justi\u00e7a por contaminar aqu\u00edfero do munic\u00edpio","author":"Secom\/FSA","date":"27\/02\/2024","format":false,"excerpt":"MP requer suspens\u00e3o do alvar\u00e1 de funcionamento de cemit\u00e9rio em Serrinha em raz\u00e3o de danos ambientais O Minist\u00e9rio P\u00fablico estadual ajuizou a\u00e7\u00e3o civil p\u00fablica contra o Munic\u00edpio de Serrinha e o cemit\u00e9rio Para\u00edso Celestial requerendo, em car\u00e1ter liminar, que a Justi\u00e7a determine a suspens\u00e3o do alvar\u00e1 de funcionamento do cemit\u00e9rio\u2026","rel":"","context":"Em &quot;Cidade&quot;","block_context":{"text":"Cidade","link":"https:\/\/blogdafeira.com.br\/home\/categoria\/cidade\/"},"img":{"alt_text":"","src":"https:\/\/i0.wp.com\/blogdafeira.com.br\/home\/wp-content\/uploads\/2024\/02\/cemiterio-serrinha-960x500-1.jpg?resize=350%2C200&ssl=1","width":350,"height":200,"srcset":"https:\/\/i0.wp.com\/blogdafeira.com.br\/home\/wp-content\/uploads\/2024\/02\/cemiterio-serrinha-960x500-1.jpg?resize=350%2C200&ssl=1 1x, https:\/\/i0.wp.com\/blogdafeira.com.br\/home\/wp-content\/uploads\/2024\/02\/cemiterio-serrinha-960x500-1.jpg?resize=525%2C300&ssl=1 1.5x, https:\/\/i0.wp.com\/blogdafeira.com.br\/home\/wp-content\/uploads\/2024\/02\/cemiterio-serrinha-960x500-1.jpg?resize=700%2C400&ssl=1 2x"},"classes":[]},{"id":1955,"url":"https:\/\/blogdafeira.com.br\/home\/2013\/05\/27\/prefeitura-de-feira-nega-licenca-ambiental-a-condominio-na-lagoa-salgada\/","url_meta":{"origin":73848,"position":2},"title":"Prefeitura de Feira nega licen\u00e7a ambiental a condom\u00ednio na Lagoa Salgada","author":"Secom\/FSA","date":"27\/05\/2013","format":false,"excerpt":"A Construtora Atrium, respons\u00e1vel pela constru\u00e7\u00e3o do Residencial Parque das Cores 'dentro da \u00c1rea de Preserva\u00e7\u00e3o Permanente da Lagoa Salgada', teve seu pedido de licenciamento ambiental indeferido pela Prefeitura de Feira. A Portaria da Secretaria do Meio Ambiente, com data de 22 de abril, foi publicada somente na \u00faltima sexta-feira,\u2026","rel":"","context":"Em &quot;Cidade&quot;","block_context":{"text":"Cidade","link":"https:\/\/blogdafeira.com.br\/home\/categoria\/cidade\/"},"img":{"alt_text":"avenida noide cerqueira. feira, bahia. (4)","src":"https:\/\/i0.wp.com\/blogdafeira.com.br\/home\/wp-content\/uploads\/2013\/05\/avenida-noide-cerqueira.-feira-bahia.-4-346x259.jpg?resize=350%2C200","width":350,"height":200},"classes":[]},{"id":73797,"url":"https:\/\/blogdafeira.com.br\/home\/2026\/08\/29\/lagoa-salgada-e-alvo-de-retirada-ilegal-de-areia-para-construcoes-cacambas-sao-apreendidas\/","url_meta":{"origin":73848,"position":3},"title":"Lagoa Salgada \u00e9 alvo de retirada ilegal de areia para constru\u00e7\u00f5es; ca\u00e7ambas s\u00e3o apreendidas","author":"Secom\/FSA","date":"29\/08\/2026","format":false,"excerpt":"A Secretaria Municipal de Meio Ambiente e Recursos Naturais de Feira de Santana realizou, na tarde desta sexta-feira (28), uma fiscaliza\u00e7\u00e3o na regi\u00e3o da Lagoa Salgada, ap\u00f3s receber uma den\u00fancia sobre a retirada ilegal de material no local.Durante a a\u00e7\u00e3o, fiscais de meio ambiente, com apoio ostensivo da Guarda Municipal,\u2026","rel":"","context":"Em &quot;Cidade&quot;","block_context":{"text":"Cidade","link":"https:\/\/blogdafeira.com.br\/home\/categoria\/cidade\/"},"img":{"alt_text":"","src":"https:\/\/i0.wp.com\/blogdafeira.com.br\/home\/wp-content\/uploads\/2026\/08\/280820262319542.jpg?resize=350%2C200&ssl=1","width":350,"height":200,"srcset":"https:\/\/i0.wp.com\/blogdafeira.com.br\/home\/wp-content\/uploads\/2026\/08\/280820262319542.jpg?resize=350%2C200&ssl=1 1x, https:\/\/i0.wp.com\/blogdafeira.com.br\/home\/wp-content\/uploads\/2026\/08\/280820262319542.jpg?resize=525%2C300&ssl=1 1.5x, https:\/\/i0.wp.com\/blogdafeira.com.br\/home\/wp-content\/uploads\/2026\/08\/280820262319542.jpg?resize=700%2C400&ssl=1 2x, https:\/\/i0.wp.com\/blogdafeira.com.br\/home\/wp-content\/uploads\/2026\/08\/280820262319542.jpg?resize=1050%2C600&ssl=1 3x"},"classes":[]},{"id":16542,"url":"https:\/\/blogdafeira.com.br\/home\/2015\/09\/05\/estudo-ambiental-da-ponte-salvador-itaparica-esta-disponivel-para-consulta\/","url_meta":{"origin":73848,"position":4},"title":"Estudo ambiental da Ponte Salvador-Itaparica est\u00e1 dispon\u00edvel para consulta","author":"Secom\/FSA","date":"05\/09\/2015","format":false,"excerpt":"O Estudo de Impacto Ambiental (EIA) e o Relat\u00f3rio de Impacto Ambiental (Rima) do Sistema Vi\u00e1rio Oeste (SVO), projeto coordenado pela Secretaria do Planejamento (Seplan), que inclui a constru\u00e7\u00e3o da Ponte Salvador \u2013 Ilha de Itaparica, est\u00e1 dispon\u00edvel para a comunidade interessada. No pr\u00f3ximo m\u00eas de outubro, ser\u00e3o realizadas audi\u00eancias\u2026","rel":"","context":"Em &quot;Home&quot;","block_context":{"text":"Home","link":"https:\/\/blogdafeira.com.br\/home\/categoria\/raiz\/"},"img":{"alt_text":"salvador itaparica","src":"https:\/\/i0.wp.com\/blogdafeira.com.br\/home\/wp-content\/uploads\/2015\/09\/salvador-itaparica.jpg?resize=350%2C200","width":350,"height":200,"srcset":"https:\/\/i0.wp.com\/blogdafeira.com.br\/home\/wp-content\/uploads\/2015\/09\/salvador-itaparica.jpg?resize=350%2C200 1x, https:\/\/i0.wp.com\/blogdafeira.com.br\/home\/wp-content\/uploads\/2015\/09\/salvador-itaparica.jpg?resize=525%2C300 1.5x"},"classes":[]},{"id":60721,"url":"https:\/\/blogdafeira.com.br\/home\/2024\/01\/05\/prefeitura-de-feira-monta-forca-tarefa-contra-a-vulnerabilidade-social-e-degradacao-ambiental\/","url_meta":{"origin":73848,"position":5},"title":"Prefeitura de Feira monta for\u00e7a-tarefa contra a vulnerabilidade social e degrada\u00e7\u00e3o ambiental","author":"Secom\/FSA","date":"05\/01\/2024","format":false,"excerpt":"A Prefeitura de Feira de Santana mobilizou uma for\u00e7a-tarefa com o prop\u00f3sito de intensificar a\u00e7\u00f5es e assist\u00eancia em \u00e1reas espec\u00edficas, no entorno do Centro Social Urbano (CSU) e sob os viadutos da cidade, visando atender urgentemente \u00e0s necessidades das pessoas em situa\u00e7\u00e3o de vulnerabilidade social. Essa iniciativa abrange n\u00e3o apenas\u2026","rel":"","context":"Em &quot;Cidade&quot;","block_context":{"text":"Cidade","link":"https:\/\/blogdafeira.com.br\/home\/categoria\/cidade\/"},"img":{"alt_text":"","src":"https:\/\/i0.wp.com\/blogdafeira.com.br\/home\/wp-content\/uploads\/2024\/01\/forca-tarefa-2-1.jpg?resize=350%2C200&ssl=1","width":350,"height":200,"srcset":"https:\/\/i0.wp.com\/blogdafeira.com.br\/home\/wp-content\/uploads\/2024\/01\/forca-tarefa-2-1.jpg?resize=350%2C200&ssl=1 1x, https:\/\/i0.wp.com\/blogdafeira.com.br\/home\/wp-content\/uploads\/2024\/01\/forca-tarefa-2-1.jpg?resize=525%2C300&ssl=1 1.5x, https:\/\/i0.wp.com\/blogdafeira.com.br\/home\/wp-content\/uploads\/2024\/01\/forca-tarefa-2-1.jpg?resize=700%2C400&ssl=1 2x, https:\/\/i0.wp.com\/blogdafeira.com.br\/home\/wp-content\/uploads\/2024\/01\/forca-tarefa-2-1.jpg?resize=1050%2C600&ssl=1 3x, https:\/\/i0.wp.com\/blogdafeira.com.br\/home\/wp-content\/uploads\/2024\/01\/forca-tarefa-2-1.jpg?resize=1400%2C800&ssl=1 4x"},"classes":[]}],"_links":{"self":[{"href":"https:\/\/blogdafeira.com.br\/home\/wp-json\/wp\/v2\/posts\/73848","targetHints":{"allow":["GET"]}}],"collection":[{"href":"https:\/\/blogdafeira.com.br\/home\/wp-json\/wp\/v2\/posts"}],"about":[{"href":"https:\/\/blogdafeira.com.br\/home\/wp-json\/wp\/v2\/types\/post"}],"author":[{"embeddable":true,"href":"https:\/\/blogdafeira.com.br\/home\/wp-json\/wp\/v2\/users\/1"}],"replies":[{"embeddable":true,"href":"https:\/\/blogdafeira.com.br\/home\/wp-json\/wp\/v2\/comments?post=73848"}],"version-history":[{"count":3,"href":"https:\/\/blogdafeira.com.br\/home\/wp-json\/wp\/v2\/posts\/73848\/revisions"}],"predecessor-version":[{"id":73852,"href":"https:\/\/blogdafeira.com.br\/home\/wp-json\/wp\/v2\/posts\/73848\/revisions\/73852"}],"wp:featuredmedia":[{"embeddable":true,"href":"https:\/\/blogdafeira.com.br\/home\/wp-json\/wp\/v2\/media\/73849"}],"wp:attachment":[{"href":"https:\/\/blogdafeira.com.br\/home\/wp-json\/wp\/v2\/media?parent=73848"}],"wp:term":[{"taxonomy":"category","embeddable":true,"href":"https:\/\/blogdafeira.com.br\/home\/wp-json\/wp\/v2\/categories?post=73848"},{"taxonomy":"post_tag","embeddable":true,"href":"https:\/\/blogdafeira.com.br\/home\/wp-json\/wp\/v2\/tags?post=73848"}],"curies":[{"name":"wp","href":"https:\/\/api.w.org\/{rel}","templated":true}]}}