{"id":73854,"date":"2026-09-03T08:45:46","date_gmt":"2026-09-03T11:45:46","guid":{"rendered":"https:\/\/blogdafeira.com.br\/home\/?p=73854"},"modified":"2026-09-03T08:46:19","modified_gmt":"2026-09-03T11:46:19","slug":"expofeira-tera-um-galpao-somente-com-gado-nelore-coloridonelores-coloridos-ficarao-num-galpao-especifico-na-expofeira","status":"publish","type":"post","link":"https:\/\/blogdafeira.com.br\/home\/2026\/09\/03\/expofeira-tera-um-galpao-somente-com-gado-nelore-coloridonelores-coloridos-ficarao-num-galpao-especifico-na-expofeira\/","title":{"rendered":"Expofeira ter\u00e1 um galp\u00e3o somente com gado nelore colorido"},"content":{"rendered":"<div id=\"blogd-1448036859\" class=\"blogd-fim-do-post-mobile blogd-entity-placement\" style=\"margin-left: auto;margin-right: auto;text-align: center;\"><a href=\"https:\/\/expofeira.ba.gov.br\/\" target=_blank><picture>\r\n  <source media=\"(min-width: 768px)\" srcset=\"https:\/\/blogdafeira.com.br\/home\/wp-content\/uploads\/2026\/08\/980x1503.gif\">\r\n  \r\n  <img decoding=\"async\" src=\"https:\/\/blogdafeira.com.br\/home\/wp-content\/uploads\/2026\/08\/350x2005.gif\" alt=\"Publicidade\" style=\"width: 100%; max-width: 100%; height: auto; display: block; margin: 0 auto;\">\r\n\t<\/picture><\/a><\/div><p>O galp\u00e3o onde ficar\u00e3o os nelores coloridos dever\u00e1 ser um dos mais visitados. Belos, os animais com este tipo de pelagem v\u00e3o participar da Exposi\u00e7\u00e3o Agropecu\u00e1ria de Feira de Santana pela primeira vez em maior n\u00famero.<\/p>\n<p>A beleza dos nelores tradicionais desperta a aten\u00e7\u00e3o dos visitantes h\u00e1 d\u00e9cadas, pelo tamanho. Os pintados atraem, onde s\u00e3o expostos, pelo colorido dos seus couros diferenciados \u2013 e por outros atributos relacionados \u00e0 ra\u00e7a.<\/p>\n<p>\u201cAcredito que estes animais coloridos ser\u00e3o mais uma atra\u00e7\u00e3o durante a Expofeira\u201d, disse Miguel Pinto, que h\u00e1 anos faz a sele\u00e7\u00e3o de nelore tradicional \u2013 uma refer\u00eancia de todo o pa\u00eds. \u201cA beleza deles os diferencia\u201d.<\/p>\n<p>Os nelores de pelagem, nome t\u00e9cnico destes animais, deixaram de ser uma excentricidade de pelagem ex\u00f3tica, hoje s\u00e3o avaliados por crit\u00e9rios t\u00e9cnicos rigorosos de carca\u00e7a, fertilidade e precocidade.<\/p>\n<div id=\"blogd-2842560491\" class=\"blogd-final-post blogd-entity-placement\"><a href=\"https:\/\/www.feiradesantana.ba.leg.br\/\" target=\"_blank\" aria-label=\"BANNER-SITE_CA\u0302MARA_AGOSTO_728x90px\"><img loading=\"lazy\" decoding=\"async\" src=\"https:\/\/blogdafeira.com.br\/home\/wp-content\/uploads\/2026\/03\/BANNER-SITE_CAMARA_AGOSTO_728x90px.gif\" alt=\"\"  class=\"no-lazyload\" width=\"728\" height=\"90\"   \/><\/a><\/div><p>A 47\u00aa Expofeira vai acontecer de 6 a 13. A entrada do p\u00fablico ser\u00e1 autorizada a partir das 10h do domingo. O acesso ao Parque de Exposi\u00e7\u00e3o Jo\u00e3o Martins da Silva \u00e9 gratuito.<\/p>\n","protected":false},"excerpt":{"rendered":"<p>O galp\u00e3o onde ficar\u00e3o os nelores coloridos dever\u00e1 ser um dos mais visitados. Belos, os animais com este tipo de pelagem v\u00e3o participar da Exposi\u00e7\u00e3o Agropecu\u00e1ria de Feira de Santana pela primeira vez em maior n\u00famero. A beleza dos nelores tradicionais desperta a aten\u00e7\u00e3o dos visitantes h\u00e1 d\u00e9cadas, pelo tamanho. Os pintados atraem, onde s\u00e3o<\/p>\n","protected":false},"author":1,"featured_media":73856,"comment_status":"open","ping_status":"open","sticky":false,"template":"","format":"standard","meta":{"cybocfi_hide_featured_image":"","_jetpack_newsletter_access":"","_jetpack_dont_email_post_to_subs":false,"_jetpack_newsletter_tier_id":0,"_jetpack_memberships_contains_paywalled_content":false,"_jetpack_memberships_contains_paid_content":false,"footnotes":"","jetpack_publicize_message":"","jetpack_publicize_feature_enabled":true,"jetpack_social_post_already_shared":true,"jetpack_social_options":{"image_generator_settings":{"template":"highway","default_image_id":0,"font":"","enabled":false},"version":2},"jetpack_post_was_ever_published":false},"categories":[3,603,774],"tags":[],"class_list":["post-73854","post","type-post","status-publish","format-standard","has-post-thumbnail","hentry","category-cidade","category-destaques","category-economia"],"jetpack_publicize_connections":[],"jetpack_featured_media_url":"https:\/\/blogdafeira.com.br\/home\/wp-content\/uploads\/2026\/09\/02092026162433.jpg","jetpack_shortlink":"https:\/\/wp.me\/p3niVf-jdc","jetpack_sharing_enabled":true,"jetpack-related-posts":[{"id":63633,"url":"https:\/\/blogdafeira.com.br\/home\/2024\/09\/06\/por-tras-da-beleza-dos-animais-da-expofeira-estao-os-tratadores\/","url_meta":{"origin":73854,"position":0},"title":"Por tr\u00e1s da beleza dos animais da ExpoFeira est\u00e3o os tratadores","author":"Secom\/FSA","date":"06\/09\/2024","format":false,"excerpt":"Roberto Almeida \u00e9 tratador do munic\u00edpio de Santo Amaro. Na ExpoFeira\u00a0 est\u00e3o tr\u00eas cavalos da ra\u00e7a Mangalarga Marchador sob os seus cuidados. Essa ra\u00e7a, com a Campolina e Mangalarga Paulista competem nas provas de julgamento.da Exposi\u00e7\u00e3o Agropecu\u00e1ria de Feira de Santana,. \"Antes de irem \u00e0 pista, preparamos os animais. H\u00e1\u2026","rel":"","context":"Em &quot;Economia&quot;","block_context":{"text":"Economia","link":"https:\/\/blogdafeira.com.br\/home\/categoria\/economia\/"},"img":{"alt_text":"","src":"https:\/\/i0.wp.com\/blogdafeira.com.br\/home\/wp-content\/uploads\/2024\/09\/SECOM-Expofeira-Cuidados-com-Animais-Foto-Valto-Novaes-3.jpeg?resize=350%2C200&ssl=1","width":350,"height":200,"srcset":"https:\/\/i0.wp.com\/blogdafeira.com.br\/home\/wp-content\/uploads\/2024\/09\/SECOM-Expofeira-Cuidados-com-Animais-Foto-Valto-Novaes-3.jpeg?resize=350%2C200&ssl=1 1x, https:\/\/i0.wp.com\/blogdafeira.com.br\/home\/wp-content\/uploads\/2024\/09\/SECOM-Expofeira-Cuidados-com-Animais-Foto-Valto-Novaes-3.jpeg?resize=525%2C300&ssl=1 1.5x, https:\/\/i0.wp.com\/blogdafeira.com.br\/home\/wp-content\/uploads\/2024\/09\/SECOM-Expofeira-Cuidados-com-Animais-Foto-Valto-Novaes-3.jpeg?resize=700%2C400&ssl=1 2x, https:\/\/i0.wp.com\/blogdafeira.com.br\/home\/wp-content\/uploads\/2024\/09\/SECOM-Expofeira-Cuidados-com-Animais-Foto-Valto-Novaes-3.jpeg?resize=1050%2C600&ssl=1 3x"},"classes":[]},{"id":4794,"url":"https:\/\/blogdafeira.com.br\/home\/2013\/09\/05\/expofeira-odebrecht-arremata-bezerra-nelore-por-r-100-mil\/","url_meta":{"origin":73854,"position":1},"title":"ExpoFeira: Odebrecht arremata bezerra nelore por R$ 100 mil","author":"Secom\/FSA","date":"05\/09\/2013","format":false,"excerpt":"O pecuarista Maur\u00edcio Odebrecht, um dos maiores criadores do Nordeste, arrematou uma bezerra da ra\u00e7a nelore por 100 mil reais, em um leil\u00e3o da ExpoFeira, ocorrido ontem. A 'preciosidade' tem apenas dois meses de nascida e tem o ex\u00f3tico nome de Khaly Fiv, da fazenda Guanabara, na Bahia. O arremate\u2026","rel":"","context":"Em &quot;Home&quot;","block_context":{"text":"Home","link":"https:\/\/blogdafeira.com.br\/home\/categoria\/raiz\/"},"img":{"alt_text":"","src":"","width":0,"height":0},"classes":[]},{"id":4776,"url":"https:\/\/blogdafeira.com.br\/home\/2013\/09\/04\/gado-da-raca-nelore-e-a-grande-estrela-da-exposicao-agropecuaria-de-feira\/","url_meta":{"origin":73854,"position":2},"title":"Gado da ra\u00e7a nelore \u00e9 a grande estrela da Exposi\u00e7\u00e3o Agropecu\u00e1ria de Feira","author":"Secom\/FSA","date":"04\/09\/2013","format":false,"excerpt":"O chamado 'gado branco', da ra\u00e7a nelore, ocupa a maioria das baias abertas na Exposi\u00e7\u00e3o Agropecu\u00e1ria de Feira de Santana, a ExpoFeira. Animais de grande porte, que chegam a pesar cerca de 1300 kg, chamam a aten\u00e7\u00e3o dos visitantes e criadores. Nesta quarta-feira \u00e0 noite, um grande leil\u00e3o desses animais\u2026","rel":"","context":"Em &quot;Home&quot;","block_context":{"text":"Home","link":"https:\/\/blogdafeira.com.br\/home\/categoria\/raiz\/"},"img":{"alt_text":"DSC08704","src":"https:\/\/i0.wp.com\/blogdafeira.com.br\/home\/wp-content\/uploads\/2013\/09\/DSC08704-346x259.jpg?resize=350%2C200","width":350,"height":200},"classes":[]},{"id":3078,"url":"https:\/\/blogdafeira.com.br\/home\/2013\/06\/28\/criadores-visitam-prefeito-e-garantem-participacao-na-expofeira\/","url_meta":{"origin":73854,"position":3},"title":"Criadores visitam Prefeito e garantem participa\u00e7\u00e3o na ExpoFeira","author":"Secom\/FSA","date":"28\/06\/2013","format":false,"excerpt":"Criadores das mais diversas ra\u00e7as de bovinos de alta linhagem gen\u00e9tica garantiram ontem ao prefeito de Feira, Jos\u00e9 Ronaldo, \u00a0apoio e participa\u00e7\u00e3o na Exposi\u00e7\u00e3o Agropecu\u00e1ria de Feira de Santana (Expofeira), que ocorre no m\u00eas de setembro. A reuni\u00e3o foi realizada no Pa\u00e7o Municipal Maria Quit\u00e9ria com o diretor t\u00e9cnico do\u2026","rel":"","context":"Em &quot;Home&quot;","block_context":{"text":"Home","link":"https:\/\/blogdafeira.com.br\/home\/categoria\/raiz\/"},"img":{"alt_text":"","src":"","width":0,"height":0},"classes":[]},{"id":68973,"url":"https:\/\/blogdafeira.com.br\/home\/2025\/08\/14\/adquira-seu-cavalo-de-raca-na-expofeira-atraves-de-compra-direta-ao-criador\/","url_meta":{"origin":73854,"position":4},"title":"Adquira seu cavalo de ra\u00e7a na Expofeira atrav\u00e9s de compra direta ao criador","author":"Secom\/FSA","date":"14\/08\/2025","format":false,"excerpt":"A 46\u00aa Exposi\u00e7\u00e3o Agropecu\u00e1ria de Feira de Santana (Expofeira 2025) j\u00e1 tem diversos eventos confirmados para movimentar o Parque de Exposi\u00e7\u00e3o Jo\u00e3o Martins da Silva, no per\u00edodo de 7 a 14 de setembro. S\u00e3o atividades que envolvem diversas ra\u00e7as de bovinos e equinos, as principais estrelas da maior festa agropecu\u00e1ria\u2026","rel":"","context":"Em &quot;Distritos&quot;","block_context":{"text":"Distritos","link":"https:\/\/blogdafeira.com.br\/home\/categoria\/distritos\/"},"img":{"alt_text":"","src":"https:\/\/i0.wp.com\/blogdafeira.com.br\/home\/wp-content\/uploads\/2025\/08\/06082025163706.jpg?resize=350%2C200&ssl=1","width":350,"height":200,"srcset":"https:\/\/i0.wp.com\/blogdafeira.com.br\/home\/wp-content\/uploads\/2025\/08\/06082025163706.jpg?resize=350%2C200&ssl=1 1x, https:\/\/i0.wp.com\/blogdafeira.com.br\/home\/wp-content\/uploads\/2025\/08\/06082025163706.jpg?resize=525%2C300&ssl=1 1.5x, https:\/\/i0.wp.com\/blogdafeira.com.br\/home\/wp-content\/uploads\/2025\/08\/06082025163706.jpg?resize=700%2C400&ssl=1 2x, https:\/\/i0.wp.com\/blogdafeira.com.br\/home\/wp-content\/uploads\/2025\/08\/06082025163706.jpg?resize=1050%2C600&ssl=1 3x"},"classes":[]},{"id":63626,"url":"https:\/\/blogdafeira.com.br\/home\/2024\/09\/05\/juma-produz-embrioes-avaliados-em-r-80-mil-cada\/","url_meta":{"origin":73854,"position":5},"title":"Juma produz embri\u00f5es avaliados em R$ 80 mil cada","author":"Secom\/FSA","date":"05\/09\/2024","format":false,"excerpt":"Juma, uma vaca nelore branca de 10 anos de idade, \u00e9 o animal mais caro da Exposi\u00e7\u00e3o Agropecu\u00e1ria de Feira de Santana (Expofeira 2024). Ela est\u00e1 avaliada em R$ 800 mil. A vaca est\u00e1 entre as estrelas da feira agropecu\u00e1ria que acontece no Parque de Exposi\u00e7\u00e3o Jo\u00e3o Martins da Silva\u2026","rel":"","context":"Em &quot;Economia&quot;","block_context":{"text":"Economia","link":"https:\/\/blogdafeira.com.br\/home\/categoria\/economia\/"},"img":{"alt_text":"","src":"https:\/\/i0.wp.com\/blogdafeira.com.br\/home\/wp-content\/uploads\/2024\/09\/SECOM-Expofeira-Animais-de-Alto-Valor-Foto-Valto-Novaes2.jpeg?resize=350%2C200&ssl=1","width":350,"height":200,"srcset":"https:\/\/i0.wp.com\/blogdafeira.com.br\/home\/wp-content\/uploads\/2024\/09\/SECOM-Expofeira-Animais-de-Alto-Valor-Foto-Valto-Novaes2.jpeg?resize=350%2C200&ssl=1 1x, https:\/\/i0.wp.com\/blogdafeira.com.br\/home\/wp-content\/uploads\/2024\/09\/SECOM-Expofeira-Animais-de-Alto-Valor-Foto-Valto-Novaes2.jpeg?resize=525%2C300&ssl=1 1.5x, https:\/\/i0.wp.com\/blogdafeira.com.br\/home\/wp-content\/uploads\/2024\/09\/SECOM-Expofeira-Animais-de-Alto-Valor-Foto-Valto-Novaes2.jpeg?resize=700%2C400&ssl=1 2x, https:\/\/i0.wp.com\/blogdafeira.com.br\/home\/wp-content\/uploads\/2024\/09\/SECOM-Expofeira-Animais-de-Alto-Valor-Foto-Valto-Novaes2.jpeg?resize=1050%2C600&ssl=1 3x"},"classes":[]}],"_links":{"self":[{"href":"https:\/\/blogdafeira.com.br\/home\/wp-json\/wp\/v2\/posts\/73854","targetHints":{"allow":["GET"]}}],"collection":[{"href":"https:\/\/blogdafeira.com.br\/home\/wp-json\/wp\/v2\/posts"}],"about":[{"href":"https:\/\/blogdafeira.com.br\/home\/wp-json\/wp\/v2\/types\/post"}],"author":[{"embeddable":true,"href":"https:\/\/blogdafeira.com.br\/home\/wp-json\/wp\/v2\/users\/1"}],"replies":[{"embeddable":true,"href":"https:\/\/blogdafeira.com.br\/home\/wp-json\/wp\/v2\/comments?post=73854"}],"version-history":[{"count":2,"href":"https:\/\/blogdafeira.com.br\/home\/wp-json\/wp\/v2\/posts\/73854\/revisions"}],"predecessor-version":[{"id":73858,"href":"https:\/\/blogdafeira.com.br\/home\/wp-json\/wp\/v2\/posts\/73854\/revisions\/73858"}],"wp:featuredmedia":[{"embeddable":true,"href":"https:\/\/blogdafeira.com.br\/home\/wp-json\/wp\/v2\/media\/73856"}],"wp:attachment":[{"href":"https:\/\/blogdafeira.com.br\/home\/wp-json\/wp\/v2\/media?parent=73854"}],"wp:term":[{"taxonomy":"category","embeddable":true,"href":"https:\/\/blogdafeira.com.br\/home\/wp-json\/wp\/v2\/categories?post=73854"},{"taxonomy":"post_tag","embeddable":true,"href":"https:\/\/blogdafeira.com.br\/home\/wp-json\/wp\/v2\/tags?post=73854"}],"curies":[{"name":"wp","href":"https:\/\/api.w.org\/{rel}","templated":true}]}}