{"id":73859,"date":"2026-09-03T09:01:54","date_gmt":"2026-09-03T12:01:54","guid":{"rendered":"https:\/\/blogdafeira.com.br\/home\/?p=73859"},"modified":"2026-09-03T09:04:13","modified_gmt":"2026-09-03T12:04:13","slug":"hip-hop-teatro-e-reggae-feirenses-em-tres-novos-episodios-do-podpapo-cultural","status":"publish","type":"post","link":"https:\/\/blogdafeira.com.br\/home\/2026\/09\/03\/hip-hop-teatro-e-reggae-feirenses-em-tres-novos-episodios-do-podpapo-cultural\/","title":{"rendered":"Hip-hop, Teatro e Reggae feirenses em tr\u00eas novos epis\u00f3dios do Podpapo Cultural"},"content":{"rendered":"<div id=\"blogd-2044728044\" class=\"blogd-fim-do-post-mobile blogd-entity-placement\" style=\"margin-left: auto;margin-right: auto;text-align: center;\"><a href=\"https:\/\/expofeira.ba.gov.br\/\" target=_blank><picture>\r\n  <source media=\"(min-width: 768px)\" srcset=\"https:\/\/blogdafeira.com.br\/home\/wp-content\/uploads\/2026\/08\/980x1503.gif\">\r\n  \r\n  <img decoding=\"async\" src=\"https:\/\/blogdafeira.com.br\/home\/wp-content\/uploads\/2026\/08\/350x2005.gif\" alt=\"Publicidade\" style=\"width: 100%; max-width: 100%; height: auto; display: block; margin: 0 auto;\">\r\n\t<\/picture><\/a><\/div><p>O Podpapo Cultural\u00a0 chega \u00e0 terceira temporada com nova identidade e tr\u00eas\u00a0epis\u00f3dios que revisitam a trajet\u00f3ria do Hip-Hop, do teatro e do reggae em Feira de Santana.<\/p>\n<p>Podcast chega \u00e0 terceira temporada tamb\u00e9m com nova identidade e, deixando de se chamar Podpapo de\u00a0Periferia para assumir o nome Podpapo Cultural, ampliando seu olhar sobre as\u00a0diferentes manifesta\u00e7\u00f5es, trajet\u00f3rias e personagens que constroem a cultura de Feira\u00a0de Santana. A mudan\u00e7a acompanha tamb\u00e9m uma nova identidade visual, nova vinheta com trilha<\/p>\n<p>O primeiro epis\u00f3dio \u00e9 dedicado \u00e0 mem\u00f3ria do Hip-Hop, tendo como convidada Tulipa\u00a0 Negra, uma das refer\u00eancias do movimento e da cultura urbana de Feira de Santana. A\u00a0conversa percorre sua trajet\u00f3ria e recupera hist\u00f3rias, encontros e espa\u00e7os que\u00a0contribu\u00edram para a constru\u00e7\u00e3o e fortalecimento do Hip-Hop na cidade.<\/p>\n<p>No segundo epis\u00f3dio, o foco \u00e9 a mem\u00f3ria do teatro, em uma conversa com Jos\u00e9 Guedes,\u00a0 trazendo para o centro do papo sua trajet\u00f3ria e as experi\u00eancias que ajudam a contar\u00a0 parte da hist\u00f3ria do teatro feirense.<\/p>\n<p>Encerrando a temporada, o podcast mergulha na mem\u00f3ria do reggae de Feira de\u00a0 Santana e da Rua Nova, em um encontro com Dionorina, nome fundamental para\u00a0 compreender a hist\u00f3ria e a presen\u00e7a do reggae na cidade. O epis\u00f3dio revisita sua\u00a0 trajet\u00f3ria, a rela\u00e7\u00e3o com o territ\u00f3rio e a import\u00e2ncia da Rua Nova para a constru\u00e7\u00e3o\u00a0dessa cena musical.<\/p>\n<p>PODPAPO \u2013 ESPECIAL MEM\u00d3RIAS DE FEIRA |3\u00aa TEMPORADA | 03 EPIS\u00d3DIOS<\/p>\n<p>YouTube: https:\/\/www.youtube.com\/@podpapocultural<\/p>\n<p>Spotify:<\/p>\n<p><iframe title=\"Spotify Embed: #01 Podpapo - Especial Mem\u00f3rias de Feira | Hip-hop com Tulipa Negra \" style=\"border-radius: 12px\" width=\"624\" height=\"351\" frameborder=\"0\" allowfullscreen allow=\"autoplay; clipboard-write; encrypted-media; fullscreen; picture-in-picture\" loading=\"lazy\" src=\"https:\/\/open.spotify.com\/embed\/show\/2q5Q2dRirkdkPBHdpJq3eb\/video?si=3c021d55bed444da&amp;utm_source=oembed\"><\/iframe><\/p>\n<div id=\"blogd-1208189121\" class=\"blogd-final-post blogd-entity-placement\"><a href=\"https:\/\/www.feiradesantana.ba.leg.br\/\" target=\"_blank\" aria-label=\"BANNER-SITE_CA\u0302MARA_AGOSTO_728x90px\"><img loading=\"lazy\" decoding=\"async\" src=\"https:\/\/blogdafeira.com.br\/home\/wp-content\/uploads\/2026\/03\/BANNER-SITE_CAMARA_AGOSTO_728x90px.gif\" alt=\"\"  class=\"no-lazyload\" width=\"728\" height=\"90\"   \/><\/a><\/div><p>INSTAGRAM: https:\/\/www.instagram.com\/podpapocultural<\/p>\n<p>&nbsp;<\/p>\n","protected":false},"excerpt":{"rendered":"<p>O Podpapo Cultural\u00a0 chega \u00e0 terceira temporada com nova identidade e tr\u00eas\u00a0epis\u00f3dios que revisitam a trajet\u00f3ria do Hip-Hop, do teatro e do reggae em Feira de Santana. Podcast chega \u00e0 terceira temporada tamb\u00e9m com nova identidade e, deixando de se chamar Podpapo de\u00a0Periferia para assumir o nome Podpapo Cultural, ampliando seu olhar sobre as\u00a0diferentes manifesta\u00e7\u00f5es,<\/p>\n","protected":false},"author":1,"featured_media":73860,"comment_status":"open","ping_status":"open","sticky":false,"template":"","format":"standard","meta":{"cybocfi_hide_featured_image":"","_jetpack_newsletter_access":"","_jetpack_dont_email_post_to_subs":false,"_jetpack_newsletter_tier_id":0,"_jetpack_memberships_contains_paywalled_content":false,"_jetpack_memberships_contains_paid_content":false,"footnotes":"","jetpack_publicize_message":"","jetpack_publicize_feature_enabled":true,"jetpack_social_post_already_shared":true,"jetpack_social_options":{"image_generator_settings":{"template":"highway","default_image_id":0,"font":"","enabled":false},"version":2},"jetpack_post_was_ever_published":false},"categories":[4,603],"tags":[],"class_list":["post-73859","post","type-post","status-publish","format-standard","has-post-thumbnail","hentry","category-cultura","category-destaques"],"jetpack_publicize_connections":[],"jetpack_featured_media_url":"https:\/\/blogdafeira.com.br\/home\/wp-content\/uploads\/2026\/09\/Screenshot_20260903-090052.png","jetpack_shortlink":"https:\/\/wp.me\/p3niVf-jdh","jetpack_sharing_enabled":true,"jetpack-related-posts":[{"id":59302,"url":"https:\/\/blogdafeira.com.br\/home\/2023\/09\/13\/59302\/","url_meta":{"origin":73859,"position":0},"title":"20 raz\u00f5es para revitalizar os tr\u00eas coretos de Feira de Santana.","author":"Ascom","date":"13\/09\/2023","format":false,"excerpt":"Os coretos, pequenas constru\u00e7\u00f5es geralmente localizadas em pra\u00e7as p\u00fablicas, t\u00eam o potencial de desempenhar um papel significativo no enriquecimento da vida cultural de uma cidade. Em Feira de Santana existem ainda tr\u00eas destes equipamentos em \u00e1rea urbana, a saber pra\u00e7a Fr\u00f3es da Mota, pra\u00e7a da Matriz e pra\u00e7a Bernardino Bahia.\u2026","rel":"","context":"Em &quot;Cidade&quot;","block_context":{"text":"Cidade","link":"https:\/\/blogdafeira.com.br\/home\/categoria\/cidade\/"},"img":{"alt_text":"","src":"https:\/\/i0.wp.com\/blogdafeira.com.br\/home\/wp-content\/uploads\/2023\/09\/FB_IMG_1694594713280.jpg?resize=350%2C200&ssl=1","width":350,"height":200,"srcset":"https:\/\/i0.wp.com\/blogdafeira.com.br\/home\/wp-content\/uploads\/2023\/09\/FB_IMG_1694594713280.jpg?resize=350%2C200&ssl=1 1x, https:\/\/i0.wp.com\/blogdafeira.com.br\/home\/wp-content\/uploads\/2023\/09\/FB_IMG_1694594713280.jpg?resize=525%2C300&ssl=1 1.5x, https:\/\/i0.wp.com\/blogdafeira.com.br\/home\/wp-content\/uploads\/2023\/09\/FB_IMG_1694594713280.jpg?resize=700%2C400&ssl=1 2x, https:\/\/i0.wp.com\/blogdafeira.com.br\/home\/wp-content\/uploads\/2023\/09\/FB_IMG_1694594713280.jpg?resize=1050%2C600&ssl=1 3x"},"classes":[]},{"id":71222,"url":"https:\/\/blogdafeira.com.br\/home\/2026\/02\/04\/71222\/","url_meta":{"origin":73859,"position":1},"title":"Teatro do Centro de Conven\u00e7\u00f5es da Feira vai &#8216;sextar&#8217; com show da &#8216;Trilogia do Reggae&#8217;","author":"Ascom","date":"04\/02\/2026","format":false,"excerpt":"Abrindo a programa\u00e7\u00e3o de fevereiro do Teatro e Centro de Conven\u00e7\u00f5es de Feira de Santana, acontece nesta sexta-feira , 6, \u00e0s 19h, o show \u201cTrilogia do Reggae\u201d, com Dionorina, Gilsam e J\u00f4hras. A apresenta\u00e7\u00e3o celebra mem\u00f3ria, legado e resist\u00eancia por meio do reggae produzido na cidade, reafirmando sua for\u00e7a no\u2026","rel":"","context":"Em &quot;Cultura&quot;","block_context":{"text":"Cultura","link":"https:\/\/blogdafeira.com.br\/home\/categoria\/cultura\/"},"img":{"alt_text":"","src":"https:\/\/i0.wp.com\/blogdafeira.com.br\/home\/wp-content\/uploads\/2026\/02\/blog-1.jpg?resize=350%2C200&ssl=1","width":350,"height":200,"srcset":"https:\/\/i0.wp.com\/blogdafeira.com.br\/home\/wp-content\/uploads\/2026\/02\/blog-1.jpg?resize=350%2C200&ssl=1 1x, https:\/\/i0.wp.com\/blogdafeira.com.br\/home\/wp-content\/uploads\/2026\/02\/blog-1.jpg?resize=525%2C300&ssl=1 1.5x, https:\/\/i0.wp.com\/blogdafeira.com.br\/home\/wp-content\/uploads\/2026\/02\/blog-1.jpg?resize=700%2C400&ssl=1 2x"},"classes":[]},{"id":64217,"url":"https:\/\/blogdafeira.com.br\/home\/2024\/10\/11\/grupo-feirense-apresenta-encantos-do-sertao-hoje-no-fenatifs\/","url_meta":{"origin":73859,"position":2},"title":"Grupo feirense apresenta \u201cEncantos do Sert\u00e3o\u201d , hoje no Fenatifs","author":"Ascom","date":"11\/10\/2024","format":false,"excerpt":"O grupo feirense Kocca Cria\u00e7\u00f5es se apresenta em dois momentos, no Teatro Margarida Ribeiro, nesta sexta-feira (11) no pen\u00faltimo dia do 16\u00ba Fenatifs \u2013 Festival Nacional do Teatro Infantil de Feira de Santana. O espet\u00e1culo \u201cEncantos do Sert\u00e3o\u201d pode ser acompanhado \u00e0s 9h30 e tamb\u00e9m \u00e0s 14 horas. Neide Kocca\u2026","rel":"","context":"Em &quot;Cultura&quot;","block_context":{"text":"Cultura","link":"https:\/\/blogdafeira.com.br\/home\/categoria\/cultura\/"},"img":{"alt_text":"","src":"https:\/\/i0.wp.com\/blogdafeira.com.br\/home\/wp-content\/uploads\/2024\/10\/IMG-20241011-WA0003.jpg?resize=350%2C200&ssl=1","width":350,"height":200,"srcset":"https:\/\/i0.wp.com\/blogdafeira.com.br\/home\/wp-content\/uploads\/2024\/10\/IMG-20241011-WA0003.jpg?resize=350%2C200&ssl=1 1x, https:\/\/i0.wp.com\/blogdafeira.com.br\/home\/wp-content\/uploads\/2024\/10\/IMG-20241011-WA0003.jpg?resize=525%2C300&ssl=1 1.5x, https:\/\/i0.wp.com\/blogdafeira.com.br\/home\/wp-content\/uploads\/2024\/10\/IMG-20241011-WA0003.jpg?resize=700%2C400&ssl=1 2x, https:\/\/i0.wp.com\/blogdafeira.com.br\/home\/wp-content\/uploads\/2024\/10\/IMG-20241011-WA0003.jpg?resize=1050%2C600&ssl=1 3x, https:\/\/i0.wp.com\/blogdafeira.com.br\/home\/wp-content\/uploads\/2024\/10\/IMG-20241011-WA0003.jpg?resize=1400%2C800&ssl=1 4x"},"classes":[]},{"id":70546,"url":"https:\/\/blogdafeira.com.br\/home\/2025\/12\/17\/musical-revive-elza-soares-neste-sabado-no-teatro-do-centro-de-convencoes-de-feira\/","url_meta":{"origin":73859,"position":3},"title":"Musical revive Elza Soares neste s\u00e1bado no Teatro do Centro de Conven\u00e7\u00f5es de Feira","author":"Ascom","date":"17\/12\/2025","format":false,"excerpt":"O Teatro e Centro de Conven\u00e7\u00f5es de Feira de Santana (TCCFSA) recebe neste s\u00e1bado (20), \u00e0s 19h, o musical \u201cSe acaso voc\u00ea chegasse \u2013 Uma homenagem a Elza Soares\u201d, espet\u00e1culo que celebra a vida, a obra e a pot\u00eancia de uma das maiores vozes da m\u00fasica brasileira. Com dire\u00e7\u00e3o de\u2026","rel":"","context":"Em &quot;Cultura&quot;","block_context":{"text":"Cultura","link":"https:\/\/blogdafeira.com.br\/home\/categoria\/cultura\/"},"img":{"alt_text":"","src":"https:\/\/i0.wp.com\/blogdafeira.com.br\/home\/wp-content\/uploads\/2025\/12\/IMG-20251217-WA0036.jpg?resize=350%2C200&ssl=1","width":350,"height":200,"srcset":"https:\/\/i0.wp.com\/blogdafeira.com.br\/home\/wp-content\/uploads\/2025\/12\/IMG-20251217-WA0036.jpg?resize=350%2C200&ssl=1 1x, https:\/\/i0.wp.com\/blogdafeira.com.br\/home\/wp-content\/uploads\/2025\/12\/IMG-20251217-WA0036.jpg?resize=525%2C300&ssl=1 1.5x, https:\/\/i0.wp.com\/blogdafeira.com.br\/home\/wp-content\/uploads\/2025\/12\/IMG-20251217-WA0036.jpg?resize=700%2C400&ssl=1 2x, https:\/\/i0.wp.com\/blogdafeira.com.br\/home\/wp-content\/uploads\/2025\/12\/IMG-20251217-WA0036.jpg?resize=1050%2C600&ssl=1 3x"},"classes":[]},{"id":70298,"url":"https:\/\/blogdafeira.com.br\/home\/2025\/11\/18\/colegio-estadual-ana-alice-comemora-o-mes-da-consciencia-negra\/","url_meta":{"origin":73859,"position":4},"title":"Col\u00e9gio Estadual Ana Alice comemora o M\u00eas da Consci\u00eancia Negra","author":"Ascom","date":"18\/11\/2025","format":false,"excerpt":"Durante todo o ano de 2025, estudantes do Col\u00e9gio Estadual de Tempo Integral Professora Ana Alice Figueredo dos Santos (antigo Col\u00e9gio Polivalente) fizeram a leitura de livros que retratam a realidade de negros e ind\u00edgenas e que trazem como tema de reflex\u00e3o, diversos problemas sociais. Na lista de obras lidas\u2026","rel":"","context":"Em &quot;Cidade&quot;","block_context":{"text":"Cidade","link":"https:\/\/blogdafeira.com.br\/home\/categoria\/cidade\/"},"img":{"alt_text":"","src":"https:\/\/i0.wp.com\/blogdafeira.com.br\/home\/wp-content\/uploads\/2025\/11\/Screenshot_20251118-192558.png?resize=350%2C200&ssl=1","width":350,"height":200,"srcset":"https:\/\/i0.wp.com\/blogdafeira.com.br\/home\/wp-content\/uploads\/2025\/11\/Screenshot_20251118-192558.png?resize=350%2C200&ssl=1 1x, https:\/\/i0.wp.com\/blogdafeira.com.br\/home\/wp-content\/uploads\/2025\/11\/Screenshot_20251118-192558.png?resize=525%2C300&ssl=1 1.5x, https:\/\/i0.wp.com\/blogdafeira.com.br\/home\/wp-content\/uploads\/2025\/11\/Screenshot_20251118-192558.png?resize=700%2C400&ssl=1 2x, https:\/\/i0.wp.com\/blogdafeira.com.br\/home\/wp-content\/uploads\/2025\/11\/Screenshot_20251118-192558.png?resize=1050%2C600&ssl=1 3x"},"classes":[]},{"id":13289,"url":"https:\/\/blogdafeira.com.br\/home\/2014\/11\/04\/banda-argentina-las-taradas-vai-se-apresentar-no-feira-noise\/","url_meta":{"origin":73859,"position":5},"title":"Banda argentina &#8216;Las Taradas&#8217; vai se apresentar no Feira Noise","author":"Ascom","date":"04\/11\/2014","format":false,"excerpt":"A banda argentina Las Taradas \u00e9 a atra\u00e7\u00e3o internacional do Festival Feira Noise 2014 que acontece de 26 a 30 deste m\u00eas em Feira de Santana. A maioria das atra\u00e7\u00f5es no entanto s\u00e3o nomes novos e menos badalados pelo grande p\u00fablico. Nomes j\u00e1 conhecidos como M\u00f3veis Coloniais de Acaju e\u2026","rel":"","context":"Em &quot;Home&quot;","block_context":{"text":"Home","link":"https:\/\/blogdafeira.com.br\/home\/categoria\/raiz\/"},"img":{"alt_text":"","src":"","width":0,"height":0},"classes":[]}],"_links":{"self":[{"href":"https:\/\/blogdafeira.com.br\/home\/wp-json\/wp\/v2\/posts\/73859","targetHints":{"allow":["GET"]}}],"collection":[{"href":"https:\/\/blogdafeira.com.br\/home\/wp-json\/wp\/v2\/posts"}],"about":[{"href":"https:\/\/blogdafeira.com.br\/home\/wp-json\/wp\/v2\/types\/post"}],"author":[{"embeddable":true,"href":"https:\/\/blogdafeira.com.br\/home\/wp-json\/wp\/v2\/users\/1"}],"replies":[{"embeddable":true,"href":"https:\/\/blogdafeira.com.br\/home\/wp-json\/wp\/v2\/comments?post=73859"}],"version-history":[{"count":2,"href":"https:\/\/blogdafeira.com.br\/home\/wp-json\/wp\/v2\/posts\/73859\/revisions"}],"predecessor-version":[{"id":73862,"href":"https:\/\/blogdafeira.com.br\/home\/wp-json\/wp\/v2\/posts\/73859\/revisions\/73862"}],"wp:featuredmedia":[{"embeddable":true,"href":"https:\/\/blogdafeira.com.br\/home\/wp-json\/wp\/v2\/media\/73860"}],"wp:attachment":[{"href":"https:\/\/blogdafeira.com.br\/home\/wp-json\/wp\/v2\/media?parent=73859"}],"wp:term":[{"taxonomy":"category","embeddable":true,"href":"https:\/\/blogdafeira.com.br\/home\/wp-json\/wp\/v2\/categories?post=73859"},{"taxonomy":"post_tag","embeddable":true,"href":"https:\/\/blogdafeira.com.br\/home\/wp-json\/wp\/v2\/tags?post=73859"}],"curies":[{"name":"wp","href":"https:\/\/api.w.org\/{rel}","templated":true}]}}