{"id":73863,"date":"2026-09-03T11:08:50","date_gmt":"2026-09-03T14:08:50","guid":{"rendered":"https:\/\/blogdafeira.com.br\/home\/?p=73863"},"modified":"2026-09-03T11:08:50","modified_gmt":"2026-09-03T14:08:50","slug":"comite-da-bacia-do-sao-francisco-divulga-carta-aberta-aos-candidatos-a-presidente","status":"publish","type":"post","link":"https:\/\/blogdafeira.com.br\/home\/2026\/09\/03\/comite-da-bacia-do-sao-francisco-divulga-carta-aberta-aos-candidatos-a-presidente\/","title":{"rendered":"Comit\u00ea da Bacia do S\u00e3o Francisco divulga Carta Aberta aos candidatos a Presidente"},"content":{"rendered":"<div id=\"blogd-1989128807\" class=\"blogd-fim-do-post-mobile blogd-entity-placement\" style=\"margin-left: auto;margin-right: auto;text-align: center;\"><a href=\"https:\/\/expofeira.ba.gov.br\/\" target=_blank><picture>\r\n  <source media=\"(min-width: 768px)\" srcset=\"https:\/\/blogdafeira.com.br\/home\/wp-content\/uploads\/2026\/08\/980x1503.gif\">\r\n  \r\n  <img decoding=\"async\" src=\"https:\/\/blogdafeira.com.br\/home\/wp-content\/uploads\/2026\/08\/350x2005.gif\" alt=\"Publicidade\" style=\"width: 100%; max-width: 100%; height: auto; display: block; margin: 0 auto;\">\r\n\t<\/picture><\/a><\/div><p>O Comit\u00ea da Bacia Hidrogr\u00e1fica do Rio S\u00e3o Francisco (CBHSF) apresenta aos candidatos \u00e0 Presid\u00eancia da Rep\u00fablica e aos governos dos estados que integram a Bacia do Rio S\u00e3o Francisco uma agenda estrat\u00e9gica para que a \u00e1gua, a seguran\u00e7a h\u00eddrica e a revitaliza\u00e7\u00e3o da bacia sejam incorporadas aos programas de governo e planos de a\u00e7\u00e3o das Elei\u00e7\u00f5es 2026. A iniciativa \u00e9 composta por dois documentos complementares: uma Carta Aberta aos(\u00e0s) candidatos(as) \u00e0 Presid\u00eancia da Rep\u00fablica e aos governos dos estados da Bacia Hidrogr\u00e1fica do Rio S\u00e3o Francisco e o documento t\u00e9cnico \u201cCompromissos Estrat\u00e9gicos para os Programas de Governo e Planos de A\u00e7\u00e3o \u2013 Elei\u00e7\u00f5es 2026: Contribui\u00e7\u00f5es para a incorpora\u00e7\u00e3o da agenda da \u00e1gua, da seguran\u00e7a h\u00eddrica e da revitaliza\u00e7\u00e3o da bacia\u201d.<\/p>\n<p>A proposta \u00e9 oferecer subs\u00eddios t\u00e9cnicos e institucionais para o debate eleitoral e contribuir para que os desafios relacionados \u00e0 gest\u00e3o das \u00e1guas estejam entre as prioridades das futuras administra\u00e7\u00f5es. O documento re\u00fane diretrizes relacionadas \u00e0 gest\u00e3o dos recursos h\u00eddricos e \u00e0 revitaliza\u00e7\u00e3o da bacia, fundamentadas na Pol\u00edtica Nacional e nas Pol\u00edticas Estaduais de Recursos H\u00eddricos, nos sistemas nacional e estaduais de gerenciamento, no planejamento da Bacia do S\u00e3o Francisco e nas discuss\u00f5es conduzidas pelo CBHSF e pelos comit\u00eas de bacias afluentes.<\/p>\n<p>A iniciativa considera a dimens\u00e3o estrat\u00e9gica do Rio S\u00e3o Francisco para o pa\u00eds. Com aproximadamente 2.836 quil\u00f4metros de extens\u00e3o e uma \u00e1rea de drenagem de cerca de 640 mil km\u00b2, a bacia abrange 505 munic\u00edpios com \u00e1rea significativamente inserida em seu territ\u00f3rio, distribu\u00eddos por Minas Gerais, Goi\u00e1s, Bahia, Pernambuco, Alagoas e Sergipe, al\u00e9m do Distrito Federal, reunindo uma popula\u00e7\u00e3o estimada em cerca de 15 milh\u00f5es de habitantes.<\/p>\n<p>As \u00e1guas do S\u00e3o Francisco s\u00e3o fundamentais para o abastecimento humano, gera\u00e7\u00e3o de energia, irriga\u00e7\u00e3o, produ\u00e7\u00e3o de alimentos, atividades industriais, turismo, pesca, conserva\u00e7\u00e3o ambiental e desenvolvimento regional. Ao mesmo tempo, a bacia enfrenta desafios relacionados \u00e0 degrada\u00e7\u00e3o ambiental, d\u00e9ficit de saneamento b\u00e1sico, assoreamento, conflitos pelo uso da \u00e1gua, redu\u00e7\u00e3o da disponibilidade h\u00eddrica e intensifica\u00e7\u00e3o dos efeitos das mudan\u00e7as clim\u00e1ticas.<\/p>\n<p><strong>Dez compromissos para o futuro da Bacia do S\u00e3o Francisco: <\/strong>A Agenda Estrat\u00e9gica organiza as contribui\u00e7\u00f5es do CBHSF em dez compromissos considerados priorit\u00e1rios para a revitaliza\u00e7\u00e3o e a seguran\u00e7a h\u00eddrica da bacia.<\/p>\n<p>Entre eles est\u00e3o o fortalecimento da governan\u00e7a das \u00e1guas e dos sistemas de gerenciamento de recursos h\u00eddricos; a amplia\u00e7\u00e3o dos investimentos em revitaliza\u00e7\u00e3o hidroambiental; a universaliza\u00e7\u00e3o do saneamento b\u00e1sico urbano e rural e a redu\u00e7\u00e3o da polui\u00e7\u00e3o h\u00eddrica; e a ado\u00e7\u00e3o de medidas voltadas \u00e0 seguran\u00e7a h\u00eddrica, \u00e0 conviv\u00eancia com o semi\u00e1rido e \u00e0 resili\u00eancia clim\u00e1tica.<\/p>\n<p>O documento tamb\u00e9m prop\u00f5e o fortalecimento do planejamento integrado da Bacia do S\u00e3o Francisco; maior apoio t\u00e9cnico, institucional e financeiro aos munic\u00edpios; amplia\u00e7\u00e3o do monitoramento, da produ\u00e7\u00e3o de dados e da gest\u00e3o do conhecimento; promo\u00e7\u00e3o do uso sustent\u00e1vel da \u00e1gua e da seguran\u00e7a dos usos m\u00faltiplos; fortalecimento da participa\u00e7\u00e3o social, da educa\u00e7\u00e3o ambiental e da comunica\u00e7\u00e3o; e a consolida\u00e7\u00e3o da revitaliza\u00e7\u00e3o do Rio S\u00e3o Francisco como pol\u00edtica de Estado.<\/p>\n<p>O saneamento aparece entre as prioridades da agenda. O documento considera os impactos da insufici\u00eancia da coleta e do tratamento de esgoto, da disposi\u00e7\u00e3o inadequada de res\u00edduos s\u00f3lidos e das defici\u00eancias de drenagem urbana sobre a qualidade das \u00e1guas e a sa\u00fade p\u00fablica. Nas \u00e1reas rurais, tamb\u00e9m s\u00e3o consideradas as necessidades relacionadas ao abastecimento de \u00e1gua e ao esgotamento sanit\u00e1rio, especialmente em pequenas comunidades.<\/p>\n<p>Outro ponto de aten\u00e7\u00e3o \u00e9 a adapta\u00e7\u00e3o \u00e0s mudan\u00e7as clim\u00e1ticas. Aproximadamente 78% da Bacia do S\u00e3o Francisco est\u00e1 inserida no semi\u00e1rido, o que amplia a import\u00e2ncia de pol\u00edticas permanentes de seguran\u00e7a h\u00eddrica, monitoramento hidrometeorol\u00f3gico, gest\u00e3o de eventos cr\u00edticos, recupera\u00e7\u00e3o ambiental e conviv\u00eancia sustent\u00e1vel com as condi\u00e7\u00f5es clim\u00e1ticas da regi\u00e3o.<\/p>\n<p><strong>Novo planejamento integrado da bacia <\/strong>&#8211; A constru\u00e7\u00e3o do Plano Integrado de Recursos H\u00eddricos da Bacia Hidrogr\u00e1fica do Rio S\u00e3o Francisco (PIRH-SF) ocupa lugar de destaque nos documentos apresentados pelo Comit\u00ea.<\/p>\n<p>O novo plano dar\u00e1 continuidade ao ciclo de planejamento do PRH-SF 2016\u20132025 e dever\u00e1 atualizar dados, diagn\u00f3sticos, cen\u00e1rios e prioridades para a gest\u00e3o das \u00e1guas. Pela primeira vez, o planejamento est\u00e1 sendo estruturado a partir de uma perspectiva integrada entre o rio principal e suas bacias afluentes, considerando a interdepend\u00eancia hidrol\u00f3gica, institucional e territorial de todo o sistema.<\/p>\n<p>A proposta \u00e9 fortalecer a articula\u00e7\u00e3o entre Uni\u00e3o, estados, Distrito Federal, munic\u00edpios, \u00f3rg\u00e3os gestores, comit\u00eas de bacias afluentes, entidades delegat\u00e1rias, usu\u00e1rios de \u00e1gua e sociedade civil, al\u00e9m de harmonizar instrumentos de planejamento, investimentos e a\u00e7\u00f5es desenvolvidas em toda a Bacia do S\u00e3o Francisco.<\/p>\n<p>Entre os objetivos previstos est\u00e3o a constru\u00e7\u00e3o de uma base de dados comum e compartilhada, a elabora\u00e7\u00e3o de um balan\u00e7o h\u00eddrico \u00fanico de refer\u00eancia para a bacia, o fortalecimento do monitoramento das a\u00e7\u00f5es, a gest\u00e3o integrada de \u00e1reas cr\u00edticas e a amplia\u00e7\u00e3o da capacidade de resposta coordenada a eventos como secas, cheias e contamina\u00e7\u00f5es.<\/p>\n<p><strong>\u00c1gua como agenda de desenvolvimento &#8211;\u00a0<\/strong>Ao apresentar os documentos, o CBHSF busca ampliar a compreens\u00e3o de que a revitaliza\u00e7\u00e3o do S\u00e3o Francisco ultrapassa a dimens\u00e3o estritamente ambiental. A agenda est\u00e1 diretamente relacionada \u00e0 seguran\u00e7a h\u00eddrica e alimentar, sa\u00fade p\u00fablica, produ\u00e7\u00e3o de alimentos, energia, conserva\u00e7\u00e3o da biodiversidade, desenvolvimento econ\u00f4mico, adapta\u00e7\u00e3o clim\u00e1tica e redu\u00e7\u00e3o das desigualdades sociais e regionais.<\/p>\n<p>A proposta tamb\u00e9m refor\u00e7a a necessidade de maior integra\u00e7\u00e3o entre as pol\u00edticas de recursos h\u00eddricos e as \u00e1reas de meio ambiente, saneamento, agricultura, energia, infraestrutura, desenvolvimento regional e adapta\u00e7\u00e3o \u00e0s mudan\u00e7as clim\u00e1ticas.<\/p>\n<p>Outro eixo \u00e9 o fortalecimento da participa\u00e7\u00e3o social na gest\u00e3o das \u00e1guas, com amplia\u00e7\u00e3o da presen\u00e7a de comunidades tradicionais, povos ind\u00edgenas, quilombolas, juventudes, mulheres e popula\u00e7\u00f5es vulner\u00e1veis nos processos decis\u00f3rios, al\u00e9m do incentivo \u00e0 educa\u00e7\u00e3o ambiental, \u00e0 mobiliza\u00e7\u00e3o social e \u00e0 comunica\u00e7\u00e3o p\u00fablica sobre a gest\u00e3o dos recursos h\u00eddricos.<\/p>\n<p>Com a iniciativa, o CBHSF coloca \u00e0 disposi\u00e7\u00e3o dos candidatos e de suas equipes t\u00e9cnicas informa\u00e7\u00f5es e propostas constru\u00eddas a partir da realidade da Bacia do S\u00e3o Francisco, buscando contribuir para a formula\u00e7\u00e3o de pol\u00edticas, programas, projetos e investimentos de longo prazo.<\/p>\n<div id=\"blogd-1442546013\" class=\"blogd-final-post blogd-entity-placement\"><a href=\"https:\/\/www.feiradesantana.ba.leg.br\/\" target=\"_blank\" aria-label=\"BANNER-SITE_CA\u0302MARA_AGOSTO_728x90px\"><img loading=\"lazy\" decoding=\"async\" src=\"https:\/\/blogdafeira.com.br\/home\/wp-content\/uploads\/2026\/03\/BANNER-SITE_CAMARA_AGOSTO_728x90px.gif\" alt=\"\"  class=\"no-lazyload\" width=\"728\" height=\"90\"   \/><\/a><\/div><p>A Agenda Estrat\u00e9gica parte do princ\u00edpio de que os desafios da Bacia do S\u00e3o Francisco ultrapassam os ciclos de governo e, por isso, demandam continuidade administrativa, estabilidade institucional, previsibilidade de investimentos e coopera\u00e7\u00e3o permanente entre os diferentes entes federativos.<\/p>\n","protected":false},"excerpt":{"rendered":"<p>O Comit\u00ea da Bacia Hidrogr\u00e1fica do Rio S\u00e3o Francisco (CBHSF) apresenta aos candidatos \u00e0 Presid\u00eancia da Rep\u00fablica e aos governos dos estados que integram a Bacia do Rio S\u00e3o Francisco uma agenda estrat\u00e9gica para que a \u00e1gua, a seguran\u00e7a h\u00eddrica e a revitaliza\u00e7\u00e3o da bacia sejam incorporadas aos programas de governo e planos de a\u00e7\u00e3o<\/p>\n","protected":false},"author":1,"featured_media":73864,"comment_status":"open","ping_status":"open","sticky":false,"template":"","format":"standard","meta":{"cybocfi_hide_featured_image":"","_jetpack_newsletter_access":"","_jetpack_dont_email_post_to_subs":false,"_jetpack_newsletter_tier_id":0,"_jetpack_memberships_contains_paywalled_content":false,"_jetpack_memberships_contains_paid_content":false,"footnotes":"","jetpack_publicize_message":"","jetpack_publicize_feature_enabled":true,"jetpack_social_post_already_shared":true,"jetpack_social_options":{"image_generator_settings":{"template":"highway","default_image_id":0,"font":"","enabled":false},"version":2},"jetpack_post_was_ever_published":false},"categories":[603,774,631],"tags":[],"class_list":["post-73863","post","type-post","status-publish","format-standard","has-post-thumbnail","hentry","category-destaques","category-economia","category-politica"],"jetpack_publicize_connections":[],"jetpack_featured_media_url":"https:\/\/blogdafeira.com.br\/home\/wp-content\/uploads\/2026\/09\/ISS-48_Itaparica_Reservoir_on_the_Sao_Francisco_River_eastern_Brazil-1-scaled.jpg","jetpack_shortlink":"https:\/\/wp.me\/p3niVf-jdl","jetpack_sharing_enabled":true,"jetpack-related-posts":[{"id":20953,"url":"https:\/\/blogdafeira.com.br\/home\/2016\/04\/22\/comite-da-bacia-do-sao-francisco-abre-inscricao-para-eleicoes\/","url_meta":{"origin":73863,"position":0},"title":"Comit\u00ea da Bacia do S\u00e3o Francisco abre inscri\u00e7\u00e3o para elei\u00e7\u00f5es","author":"Ascom","date":"22\/04\/2016","format":false,"excerpt":"Comit\u00ea da Bacia Hidrogr\u00e1fica (CBH) do rio S\u00e3o Francisco deu in\u00edcio ao processo de elei\u00e7\u00e3o para novos membros. A cada tr\u00eas anos s\u00e3o eleitos representantes da\u00a0sociedade\u00a0civil, de \u00f3rg\u00e3os p\u00fablicos federais, estaduais e municipais, al\u00e9m dos usu\u00e1rios das \u00e1guas da bacia. As inscri\u00e7\u00f5es est\u00e3o abertas desde o dia 8 de mar\u00e7o\u2026","rel":"","context":"Em &quot;Distritos&quot;","block_context":{"text":"Distritos","link":"https:\/\/blogdafeira.com.br\/home\/categoria\/distritos\/"},"img":{"alt_text":"","src":"","width":0,"height":0},"classes":[]},{"id":11459,"url":"https:\/\/blogdafeira.com.br\/home\/2014\/07\/21\/indios-do-rio-sao-francisco-querem-isencao-de-outorga-das-aguas\/","url_meta":{"origin":73863,"position":1},"title":"\u00cdndios do Rio S\u00e3o Francisco querem &#8216;isen\u00e7\u00e3o de outorga&#8217; das \u00e1guas","author":"Ascom","date":"21\/07\/2014","format":false,"excerpt":"No \u00faltimo final de semana representantes de comunidades ind\u00edgenas localizadas na bacia do Rio S\u00e3o Francisco reuniram-se em um Semin\u00e1rio na Aldeia M\u00e3e Patax\u00f3 Barra Velha, a cerca de 200km de Porto Seguro, litoral sul da Bahia. E l\u00e1 elaboraram um documento que ser\u00e1 encaminhado ao Comit\u00ea da Bacia Hidrogr\u00e1fica\u2026","rel":"","context":"Em &quot;Home&quot;","block_context":{"text":"Home","link":"https:\/\/blogdafeira.com.br\/home\/categoria\/raiz\/"},"img":{"alt_text":"Cacique Yss\u00f4 debate com os \u00edndios Tabajaras-1","src":"https:\/\/i0.wp.com\/blogdafeira.com.br\/home\/wp-content\/uploads\/2014\/07\/Cacique-Yss%C3%B4-debate-com-os-%C3%ADndios-Tabajaras-1.jpg?resize=350%2C200","width":350,"height":200,"srcset":"https:\/\/i0.wp.com\/blogdafeira.com.br\/home\/wp-content\/uploads\/2014\/07\/Cacique-Yss%C3%B4-debate-com-os-%C3%ADndios-Tabajaras-1.jpg?resize=350%2C200 1x, https:\/\/i0.wp.com\/blogdafeira.com.br\/home\/wp-content\/uploads\/2014\/07\/Cacique-Yss%C3%B4-debate-com-os-%C3%ADndios-Tabajaras-1.jpg?resize=525%2C300 1.5x"},"classes":[]},{"id":23132,"url":"https:\/\/blogdafeira.com.br\/home\/2016\/08\/19\/comite-do-velho-chico-discute-novo-modelo-de-cobranca-pelo-uso-da-agua\/","url_meta":{"origin":73863,"position":2},"title":"Comit\u00ea do Velho Chico discute novo modelo de cobran\u00e7a pelo uso da \u00e1gua","author":"Ascom","date":"19\/08\/2016","format":false,"excerpt":"A reuni\u00e3o realizada pela C\u00e2mara T\u00e9cnica de Outorga e Cobran\u00e7a (CTOC), do Comit\u00ea da Bacia Hidrogr\u00e1fica do Rio S\u00e3o Francisco, nesta quinta-feira (18.08), no audit\u00f3rio do Hotel Ponta Verde, em Macei\u00f3 (AL) discutiu um novo modelo na metodologia de cobran\u00e7a pelo uso da \u00e1gua bruta do rio S\u00e3o Francisco. O\u2026","rel":"","context":"Em &quot;Home&quot;","block_context":{"text":"Home","link":"https:\/\/blogdafeira.com.br\/home\/categoria\/raiz\/"},"img":{"alt_text":"DSC04036","src":"https:\/\/i0.wp.com\/blogdafeira.com.br\/home\/wp-content\/uploads\/2016\/08\/DSC04036.jpg?resize=350%2C200","width":350,"height":200,"srcset":"https:\/\/i0.wp.com\/blogdafeira.com.br\/home\/wp-content\/uploads\/2016\/08\/DSC04036.jpg?resize=350%2C200 1x, https:\/\/i0.wp.com\/blogdafeira.com.br\/home\/wp-content\/uploads\/2016\/08\/DSC04036.jpg?resize=525%2C300 1.5x"},"classes":[]},{"id":51484,"url":"https:\/\/blogdafeira.com.br\/home\/2022\/03\/26\/reservatorios-de-sobradinho-e-itaparica-ficam-cheios-em-abril\/","url_meta":{"origin":73863,"position":3},"title":"Reservat\u00f3rios de Sobradinho e Itaparica ficam cheios em abril","author":"Ascom","date":"26\/03\/2022","format":false,"excerpt":"A Companhia Hidro El\u00e9trica do S\u00e3o Francisco (Chesf) , decorridos mais de dois meses, fechou o vertimento de \u00e1guas nas usinas da cascata do Velho Chico. Agora, as vaz\u00f5es ser\u00e3o totalmente turbinadas, sem vertimento, ou seja, o volume de \u00e1gua de sa\u00edda do reservat\u00f3rio passar\u00e1 pelas turbinas gerando energia, ao\u2026","rel":"","context":"Em &quot;Geral&quot;","block_context":{"text":"Geral","link":"https:\/\/blogdafeira.com.br\/home\/categoria\/geral\/"},"img":{"alt_text":"","src":"","width":0,"height":0},"classes":[]},{"id":23008,"url":"https:\/\/blogdafeira.com.br\/home\/2016\/08\/11\/plano-novo-chico-pretende-investir-r11-bi-na-revitalizacao-do-sao-francisco\/","url_meta":{"origin":73863,"position":4},"title":"Plano &#8216;Novo Chico&#8217; pretende investir R$1,1 bi na revitaliza\u00e7\u00e3o do S\u00e3o Francisco","author":"Ascom","date":"11\/08\/2016","format":false,"excerpt":"A implanta\u00e7\u00e3o de sistemas de esgotamento sanit\u00e1rio em localidades ribeirinhas, a\u00e7\u00e3o executada pela Companhia de Desenvolvimento dos Vales do S\u00e3o Francisco e Parna\u00edba (Codevasf), empresa p\u00fablica vinculada ao Minist\u00e9rio da Integra\u00e7\u00e3o Nacional, est\u00e1 prestes a ganhar novo impulso: o Projeto de Conserva\u00e7\u00e3o e Revitaliza\u00e7\u00e3o do Rio S\u00e3o Francisco prev\u00ea a\u2026","rel":"","context":"Em &quot;Home&quot;","block_context":{"text":"Home","link":"https:\/\/blogdafeira.com.br\/home\/categoria\/raiz\/"},"img":{"alt_text":"DSC04036","src":"https:\/\/i0.wp.com\/blogdafeira.com.br\/home\/wp-content\/uploads\/2016\/08\/DSC04036.jpg?resize=350%2C200","width":350,"height":200,"srcset":"https:\/\/i0.wp.com\/blogdafeira.com.br\/home\/wp-content\/uploads\/2016\/08\/DSC04036.jpg?resize=350%2C200 1x, https:\/\/i0.wp.com\/blogdafeira.com.br\/home\/wp-content\/uploads\/2016\/08\/DSC04036.jpg?resize=525%2C300 1.5x"},"classes":[]},{"id":22573,"url":"https:\/\/blogdafeira.com.br\/home\/2016\/07\/19\/kenia-assume-presidencia-da-codevasf-nesta-terca-feira-em-brasilia\/","url_meta":{"origin":73863,"position":5},"title":"K\u00eania assume presid\u00eancia da Codevasf nesta ter\u00e7a-feira em Bras\u00edlia","author":"Ascom","date":"19\/07\/2016","format":false,"excerpt":"K\u00eania R\u00e9gia Anasenko Marcelino \u00e9 a nova presidente da Companhia de Desenvolvimento dos Vales do S\u00e3o Francisco e do Parna\u00edba (Codevasf). A nomea\u00e7\u00e3o foi publicada no Di\u00e1rio Oficial da Uni\u00e3o desta segunda-feira (18). Natural de Goian\u00e9sia (GO), K\u00eania \u00e9 zoot\u00e9cnica graduada pela Universidade Cat\u00f3lica de Goi\u00e1s (PUC), mestre em Ci\u00eancias\u2026","rel":"","context":"Em &quot;Distritos&quot;","block_context":{"text":"Distritos","link":"https:\/\/blogdafeira.com.br\/home\/categoria\/distritos\/"},"img":{"alt_text":"K\u00eania Marcelino \u00e9 primeira mulher a presidir a Codevasf","src":"https:\/\/i0.wp.com\/c8.staticflickr.com\/8\/7563\/27779681583_1385e2c43f.jpg?resize=350%2C200&ssl=1","width":350,"height":200},"classes":[]}],"_links":{"self":[{"href":"https:\/\/blogdafeira.com.br\/home\/wp-json\/wp\/v2\/posts\/73863","targetHints":{"allow":["GET"]}}],"collection":[{"href":"https:\/\/blogdafeira.com.br\/home\/wp-json\/wp\/v2\/posts"}],"about":[{"href":"https:\/\/blogdafeira.com.br\/home\/wp-json\/wp\/v2\/types\/post"}],"author":[{"embeddable":true,"href":"https:\/\/blogdafeira.com.br\/home\/wp-json\/wp\/v2\/users\/1"}],"replies":[{"embeddable":true,"href":"https:\/\/blogdafeira.com.br\/home\/wp-json\/wp\/v2\/comments?post=73863"}],"version-history":[{"count":1,"href":"https:\/\/blogdafeira.com.br\/home\/wp-json\/wp\/v2\/posts\/73863\/revisions"}],"predecessor-version":[{"id":73865,"href":"https:\/\/blogdafeira.com.br\/home\/wp-json\/wp\/v2\/posts\/73863\/revisions\/73865"}],"wp:featuredmedia":[{"embeddable":true,"href":"https:\/\/blogdafeira.com.br\/home\/wp-json\/wp\/v2\/media\/73864"}],"wp:attachment":[{"href":"https:\/\/blogdafeira.com.br\/home\/wp-json\/wp\/v2\/media?parent=73863"}],"wp:term":[{"taxonomy":"category","embeddable":true,"href":"https:\/\/blogdafeira.com.br\/home\/wp-json\/wp\/v2\/categories?post=73863"},{"taxonomy":"post_tag","embeddable":true,"href":"https:\/\/blogdafeira.com.br\/home\/wp-json\/wp\/v2\/tags?post=73863"}],"curies":[{"name":"wp","href":"https:\/\/api.w.org\/{rel}","templated":true}]}}