{"id":73866,"date":"2026-09-03T12:45:26","date_gmt":"2026-09-03T15:45:26","guid":{"rendered":"https:\/\/blogdafeira.com.br\/home\/?p=73866"},"modified":"2026-09-03T12:45:26","modified_gmt":"2026-09-03T15:45:26","slug":"mar-de-lama-em-ebulicao","status":"publish","type":"post","link":"https:\/\/blogdafeira.com.br\/home\/2026\/09\/03\/mar-de-lama-em-ebulicao\/","title":{"rendered":"Mar de lama em ebuli\u00e7\u00e3o"},"content":{"rendered":"<div id=\"blogd-1443496897\" class=\"blogd-fim-do-post-mobile blogd-entity-placement\" style=\"margin-left: auto;margin-right: auto;text-align: center;\"><a href=\"https:\/\/expofeira.ba.gov.br\/\" target=_blank><picture>\r\n  <source media=\"(min-width: 768px)\" srcset=\"https:\/\/blogdafeira.com.br\/home\/wp-content\/uploads\/2026\/08\/980x1503.gif\">\r\n  \r\n  <img decoding=\"async\" src=\"https:\/\/blogdafeira.com.br\/home\/wp-content\/uploads\/2026\/08\/350x2005.gif\" alt=\"Publicidade\" style=\"width: 100%; max-width: 100%; height: auto; display: block; margin: 0 auto;\">\r\n\t<\/picture><\/a><\/div><p>O cen\u00e1rio pol\u00edtico brasileiro entrou em ebuli\u00e7\u00e3o anteontem, com revela\u00e7\u00f5es sobre as estreitas liga\u00e7\u00f5es entre o ministro Alexandre de Moraes, do Supremo Tribunal Federal, e o ex-banqueiro Daniel Vorcaro. J\u00e1 ontem, veio \u00e0 tona que o tamb\u00e9m ministro Andr\u00e9 Mendon\u00e7a \u2013 na v\u00e9spera, esteio moral do Brasil \u2013 tamb\u00e9m manteve seus contatos com Vorcaro. Em suma, muita gente teve l\u00e1 suas conversas reservadas com o ex-banqueiro. Inclusive Fl\u00e1vio Bolsonaro, o filho do \u201cmito\u201d, candidato \u00e0 presid\u00eancia.<\/p>\n<p>A eclos\u00e3o de crises institucionais costuma vir acompanhada de receitas dr\u00e1sticas para a solu\u00e7\u00e3o dos problemas. Sobretudo quando fica no ar a sensa\u00e7\u00e3o de que todos os gra\u00fados da Rep\u00fablica est\u00e3o envolvidos em esc\u00e2ndalos de corrup\u00e7\u00e3o. \u00c9 exatamente o caso atual do STF. \u00c9 exatamente, tamb\u00e9m, o discurso que muitos cultivam por a\u00ed sobre tudo, o tempo todo.<\/p>\n<p>Qual a solu\u00e7\u00e3o para tanta corrup\u00e7\u00e3o, ent\u00e3o? A ascens\u00e3o de um l\u00edder investido de plenos poderes para nos conduzir, de novo, a um tempo de ordem e progresso, como no passado. Em suma, um salvador, um redentor, patriota, incorrupt\u00edvel, defensor da fam\u00edlia, conservador dos costumes e liberal na economia. Qualquer semelhan\u00e7a com o passado recente n\u00e3o \u00e9 coincid\u00eancia. E j\u00e1 deu no que deu.<\/p>\n<p>O discurso borbulha nos canais da extrema-direita e, desta vez, conta com um aliado poderoso: Donald Trump, cujo entorno extremista parece disposto a influir nas elei\u00e7\u00f5es brasileiras. Ap\u00f3s intervir na Venezuela, Trump moveu-se para interferir nos pleitos do Peru, da Col\u00f4mbia e no Chile, como acusa a oposi\u00e7\u00e3o nestes pa\u00edses.<\/p>\n<div id=\"blogd-2960969768\" class=\"blogd-final-post blogd-entity-placement\"><a href=\"https:\/\/www.feiradesantana.ba.leg.br\/\" target=\"_blank\" aria-label=\"BANNER-SITE_CA\u0302MARA_AGOSTO_728x90px\"><img loading=\"lazy\" decoding=\"async\" src=\"https:\/\/blogdafeira.com.br\/home\/wp-content\/uploads\/2026\/03\/BANNER-SITE_CAMARA_AGOSTO_728x90px.gif\" alt=\"\"  class=\"no-lazyload\" width=\"728\" height=\"90\"   \/><\/a><\/div><p>\u00c9 evidente que a democracia brasileira segue a perigo, sob incessantes amea\u00e7as h\u00e1 muitos anos. Seria ingenuidade imaginar que, neste pleito conturbado de 2026, os golpistas n\u00e3o retomariam suas manobras para chegar ao poder. Est\u00e3o a\u00ed, ativos, tentando embolar as elei\u00e7\u00f5es&#8230;<\/p>\n","protected":false},"excerpt":{"rendered":"<p>O cen\u00e1rio pol\u00edtico brasileiro entrou em ebuli\u00e7\u00e3o anteontem, com revela\u00e7\u00f5es sobre as estreitas liga\u00e7\u00f5es entre o ministro Alexandre de Moraes, do Supremo Tribunal Federal, e o ex-banqueiro Daniel Vorcaro. J\u00e1 ontem, veio \u00e0 tona que o tamb\u00e9m ministro Andr\u00e9 Mendon\u00e7a \u2013 na v\u00e9spera, esteio moral do Brasil \u2013 tamb\u00e9m manteve seus contatos com Vorcaro. Em<\/p>\n","protected":false},"author":13,"featured_media":73867,"comment_status":"open","ping_status":"open","sticky":false,"template":"","format":"standard","meta":{"cybocfi_hide_featured_image":"","_jetpack_newsletter_access":"","_jetpack_dont_email_post_to_subs":false,"_jetpack_newsletter_tier_id":0,"_jetpack_memberships_contains_paywalled_content":false,"_jetpack_memberships_contains_paid_content":false,"footnotes":"","jetpack_publicize_message":"","jetpack_publicize_feature_enabled":true,"jetpack_social_post_already_shared":true,"jetpack_social_options":{"image_generator_settings":{"template":"highway","default_image_id":0,"font":"","enabled":false},"version":2},"jetpack_post_was_ever_published":false},"categories":[592,603,631],"tags":[],"class_list":["post-73866","post","type-post","status-publish","format-standard","has-post-thumbnail","hentry","category-colunistas","category-destaques","category-politica"],"jetpack_publicize_connections":[],"jetpack_featured_media_url":"https:\/\/blogdafeira.com.br\/home\/wp-content\/uploads\/2026\/09\/images.png","jetpack_shortlink":"https:\/\/wp.me\/p3niVf-jdo","jetpack_sharing_enabled":true,"jetpack-related-posts":[{"id":31850,"url":"https:\/\/blogdafeira.com.br\/home\/2019\/07\/02\/ex-banqueiro-angelo-calmon-de-sa-quis-doar-terrasem-jaiba-para-ser-campus-da-ufrb-de-feira\/","url_meta":{"origin":73866,"position":0},"title":"Ex-banqueiro \u00c2ngelo Calmon de S\u00e1 quis doar terras,em Ja\u00edba, para ser campus da UFRB de Feira","author":"J\u00e2nio R\u00eago","date":"02\/07\/2019","format":false,"excerpt":"Antes de ser definida a atual \u00e1rea, na BR 116 Sul,\u00a0 para ser o campus da Universidade Federal do Rec\u00f4ncavo da Bahia em Feira de Santana, uma fazenda no distrito de Jaiba chegou a ser visitada por t\u00e9cnicos da universidade que estudavam as \u00e1reas mais adequadas ao empreendimento. A fazenda\u2026","rel":"","context":"Em &quot;Distritos&quot;","block_context":{"text":"Distritos","link":"https:\/\/blogdafeira.com.br\/home\/categoria\/distritos\/"},"img":{"alt_text":"","src":"https:\/\/i0.wp.com\/blogdafeira.com.br\/home\/wp-content\/uploads\/2019\/06\/100354-3-1.jpg?resize=350%2C200","width":350,"height":200},"classes":[]},{"id":16925,"url":"https:\/\/blogdafeira.com.br\/home\/2015\/10\/03\/ex-banqueiro-angelo-calmon-quer-doar-area-para-campus-da-ufrb-em-feira\/","url_meta":{"origin":73866,"position":1},"title":"Ex-banqueiro Angelo Calmon quer doar \u00e1rea para campus da UFRB em Feira","author":"Blog da Feira","date":"03\/10\/2015","format":false,"excerpt":"O ex-banqueiro \u00c2ngelo Calmon de S\u00e1 quer doar a \u00e1rea de terra necess\u00e1ria para instala\u00e7\u00e3o do campus da Universidade Federal do Rec\u00f4ncavo da Bahia (UFRB) em sua fazenda\u00a0que fica pr\u00f3xima ao distrito rural de Jaiba. T\u00e9cnicos e professores da UFRB j\u00e1 visitaram a propriedade do ex-banqueiro dono do extinto Banco\u2026","rel":"","context":"Em &quot;Distritos&quot;","block_context":{"text":"Distritos","link":"https:\/\/blogdafeira.com.br\/home\/categoria\/distritos\/"},"img":{"alt_text":"","src":"","width":0,"height":0},"classes":[]},{"id":67252,"url":"https:\/\/blogdafeira.com.br\/home\/2025\/05\/14\/a-micareta-os-buracos-e-a-sugesta-do-povo-cronica-de-uma-cidade-em-ebulicao\/","url_meta":{"origin":73866,"position":2},"title":"A Micareta, os buracos e a sugesta do povo: cr\u00f4nica de uma cidade em ebuli\u00e7\u00e3o","author":"Blog da Feira","date":"14\/05\/2025","format":false,"excerpt":"Por mais que Feira de Santana j\u00e1 esteja acostumada com a \u201csugesta\u201d, a edi\u00e7\u00e3o do programa Acorda Cidade desta segunda-feira (13), foi uma verdadeira tempestade de vozes impacientes, cr\u00edticas afiadas e desabafos carregados de frustra\u00e7\u00e3o. A pauta inicial era a micareta \u2014 sim, a tradicional festa popular que neste ano\u2026","rel":"","context":"Em &quot;Colunistas&quot;","block_context":{"text":"Colunistas","link":"https:\/\/blogdafeira.com.br\/home\/categoria\/colunistas\/"},"img":{"alt_text":"","src":"https:\/\/i0.wp.com\/blogdafeira.com.br\/home\/wp-content\/uploads\/2025\/05\/416YIZVN-Iasmim-Santos-Foto-Kaio-Vinicius-Acorda-Cidade-png.webp?resize=350%2C200&ssl=1","width":350,"height":200,"srcset":"https:\/\/i0.wp.com\/blogdafeira.com.br\/home\/wp-content\/uploads\/2025\/05\/416YIZVN-Iasmim-Santos-Foto-Kaio-Vinicius-Acorda-Cidade-png.webp?resize=350%2C200&ssl=1 1x, https:\/\/i0.wp.com\/blogdafeira.com.br\/home\/wp-content\/uploads\/2025\/05\/416YIZVN-Iasmim-Santos-Foto-Kaio-Vinicius-Acorda-Cidade-png.webp?resize=525%2C300&ssl=1 1.5x"},"classes":[]},{"id":53016,"url":"https:\/\/blogdafeira.com.br\/home\/2022\/06\/22\/jeronimo-comenta-prisao-de-ex-ministro-e-provoca-acm-neto-eu-tenho-lado\/","url_meta":{"origin":73866,"position":3},"title":"Jer\u00f4nimo comenta pris\u00e3o de ex-ministro e provoca ACM Neto: &#8220;eu tenho lado&#8221;","author":"Blog da Feira","date":"22\/06\/2022","format":false,"excerpt":"Ex-secret\u00e1rio da Educa\u00e7\u00e3o da Bahia, o pr\u00e9-candidato a governador Jer\u00f4nimo Rodrigues comentou sobre a pris\u00e3o do ex-ministro de Educa\u00e7\u00e3o, Milton Ribeiro. \"A Educa\u00e7\u00e3o n\u00e3o \u00e9 balc\u00e3o de neg\u00f3cio, n\u00e3o pode ser trocada por barras de ouro\", disse ap\u00f3s afirmar que torce \"por uma apura\u00e7\u00e3o independente, rigorosa e c\u00e9lere sobre o\u2026","rel":"","context":"Em &quot;Home&quot;","block_context":{"text":"Home","link":"https:\/\/blogdafeira.com.br\/home\/categoria\/raiz\/"},"img":{"alt_text":"","src":"https:\/\/i0.wp.com\/blogdafeira.com.br\/home\/wp-content\/uploads\/2022\/06\/jeroninu.jpg?resize=350%2C200&ssl=1","width":350,"height":200},"classes":[]},{"id":5354,"url":"https:\/\/blogdafeira.com.br\/home\/2013\/10\/01\/banqueiros-ou-bancarios-estao-em-greve\/","url_meta":{"origin":73866,"position":4},"title":"Banqueiros ou Banc\u00e1rios est\u00e3o em Greve?","author":"Blog da Feira","date":"01\/10\/2013","format":false,"excerpt":"Todos os anos \u00e9 mesma coisa, chega em setembro os banc\u00e1rios entram em greve reivindicando melhores \u00edndices salariais, melhores condi\u00e7\u00f5es de trabalho, etc., solicitam um certo percentual de reajuste, a FEBRABAN leva dias estudando e oferece a metade pleiteada. A popula\u00e7\u00e3o mais carente que na sua maioria v\u00e3o as casas\u2026","rel":"","context":"Em &quot;Home&quot;","block_context":{"text":"Home","link":"https:\/\/blogdafeira.com.br\/home\/categoria\/raiz\/"},"img":{"alt_text":"","src":"","width":0,"height":0},"classes":[]},{"id":18351,"url":"https:\/\/blogdafeira.com.br\/home\/2015\/12\/15\/campus-da-ufrb-em-feira-vai-ser-em-area-de-terra-na-br-116-sul-2\/","url_meta":{"origin":73866,"position":5},"title":"Campus da UFRB em Feira vai ser em \u00e1rea de terra na BR-116 Sul","author":"Blog da Feira","date":"15\/12\/2015","format":false,"excerpt":"A \u00e1rea de terra onde ser\u00e1 implantado o campus da Universidade Federal do Rec\u00f4ncavo da Bahia (UFRB) j\u00e1 est\u00e1 escolhida. Ap\u00f3s diversas visitas de t\u00e9cnicos e autoridades pol\u00edticas e acad\u00eamicas a diversos locais de Feira de Santana, uma \u00e1rea de terra localizada entre a BR-116 Sul e a Estrada do\u2026","rel":"","context":"Em &quot;Home&quot;","block_context":{"text":"Home","link":"https:\/\/blogdafeira.com.br\/home\/categoria\/raiz\/"},"img":{"alt_text":"BR-116-BA-KM-495_Ponte_Rio_Paragua\u00e7u","src":"https:\/\/i0.wp.com\/blogdafeira.com.br\/home\/wp-content\/uploads\/2015\/12\/BR-116-BA-KM-495_Ponte_Rio_Paragua%C3%A7u.jpg?resize=350%2C200","width":350,"height":200,"srcset":"https:\/\/i0.wp.com\/blogdafeira.com.br\/home\/wp-content\/uploads\/2015\/12\/BR-116-BA-KM-495_Ponte_Rio_Paragua%C3%A7u.jpg?resize=350%2C200 1x, https:\/\/i0.wp.com\/blogdafeira.com.br\/home\/wp-content\/uploads\/2015\/12\/BR-116-BA-KM-495_Ponte_Rio_Paragua%C3%A7u.jpg?resize=525%2C300 1.5x"},"classes":[]}],"_links":{"self":[{"href":"https:\/\/blogdafeira.com.br\/home\/wp-json\/wp\/v2\/posts\/73866","targetHints":{"allow":["GET"]}}],"collection":[{"href":"https:\/\/blogdafeira.com.br\/home\/wp-json\/wp\/v2\/posts"}],"about":[{"href":"https:\/\/blogdafeira.com.br\/home\/wp-json\/wp\/v2\/types\/post"}],"author":[{"embeddable":true,"href":"https:\/\/blogdafeira.com.br\/home\/wp-json\/wp\/v2\/users\/13"}],"replies":[{"embeddable":true,"href":"https:\/\/blogdafeira.com.br\/home\/wp-json\/wp\/v2\/comments?post=73866"}],"version-history":[{"count":1,"href":"https:\/\/blogdafeira.com.br\/home\/wp-json\/wp\/v2\/posts\/73866\/revisions"}],"predecessor-version":[{"id":73868,"href":"https:\/\/blogdafeira.com.br\/home\/wp-json\/wp\/v2\/posts\/73866\/revisions\/73868"}],"wp:featuredmedia":[{"embeddable":true,"href":"https:\/\/blogdafeira.com.br\/home\/wp-json\/wp\/v2\/media\/73867"}],"wp:attachment":[{"href":"https:\/\/blogdafeira.com.br\/home\/wp-json\/wp\/v2\/media?parent=73866"}],"wp:term":[{"taxonomy":"category","embeddable":true,"href":"https:\/\/blogdafeira.com.br\/home\/wp-json\/wp\/v2\/categories?post=73866"},{"taxonomy":"post_tag","embeddable":true,"href":"https:\/\/blogdafeira.com.br\/home\/wp-json\/wp\/v2\/tags?post=73866"}],"curies":[{"name":"wp","href":"https:\/\/api.w.org\/{rel}","templated":true}]}}