{"id":73869,"date":"2026-09-03T14:27:59","date_gmt":"2026-09-03T17:27:59","guid":{"rendered":"https:\/\/blogdafeira.com.br\/home\/?p=73869"},"modified":"2026-09-03T14:27:59","modified_gmt":"2026-09-03T17:27:59","slug":"casarao-froes-da-mota-e-ideal-para-uma-caixa-cultural-mas-feira-nao-tem-forca","status":"publish","type":"post","link":"https:\/\/blogdafeira.com.br\/home\/2026\/09\/03\/casarao-froes-da-mota-e-ideal-para-uma-caixa-cultural-mas-feira-nao-tem-forca\/","title":{"rendered":"Casar\u00e3o Fr\u00f3es da Mota \u00e9 ideal para uma &#8216;CAIXA Cultural&#8217;, mas Feira n\u00e3o tem for\u00e7a"},"content":{"rendered":"<div id=\"blogd-3877745732\" class=\"blogd-fim-do-post-mobile blogd-entity-placement\" style=\"margin-left: auto;margin-right: auto;text-align: center;\"><a href=\"https:\/\/expofeira.ba.gov.br\/\" target=_blank><picture>\r\n  <source media=\"(min-width: 768px)\" srcset=\"https:\/\/blogdafeira.com.br\/home\/wp-content\/uploads\/2026\/08\/980x1503.gif\">\r\n  \r\n  <img decoding=\"async\" src=\"https:\/\/blogdafeira.com.br\/home\/wp-content\/uploads\/2026\/08\/350x2005.gif\" alt=\"Publicidade\" style=\"width: 100%; max-width: 100%; height: auto; display: block; margin: 0 auto;\">\r\n\t<\/picture><\/a><\/div><div id=\"blogd-2692462682\" class=\"blogd-final-post blogd-entity-placement\"><a href=\"https:\/\/www.feiradesantana.ba.leg.br\/\" target=\"_blank\" aria-label=\"BANNER-SITE_CA\u0302MARA_AGOSTO_728x90px\"><img loading=\"lazy\" decoding=\"async\" src=\"https:\/\/blogdafeira.com.br\/home\/wp-content\/uploads\/2026\/03\/BANNER-SITE_CAMARA_AGOSTO_728x90px.gif\" alt=\"\"  class=\"no-lazyload\" width=\"728\" height=\"90\"   \/><\/a><\/div><p style=\"text-align: left;\">O Casar\u00e3o Froes da Mota \u00e9 ideal para uma &#8216;Caixa Cultural&#8217; na Feira. Mas o banco s\u00f3 instala esses equipamentos nas capitais. E Feira n\u00e3o tem for\u00e7a pra argumentar, muito menos pressionar. \u00c9 a maior cidade do interior do Nordeste, aqui a Caixa Econ\u00f4mica tem um grande volume de neg\u00f3cios inclusive com a Prefeitura mas a Feira n\u00e3o for\u00e7a nem representatividade. Feira nunca teve representatividade pol\u00edtica forte. Ficam hoje com esse discurso de eleger &#8220;candidatos da terra&#8221; como se isso fosse passaporte pro desenvolvimento de Feira.\u00a0Teve tempo dessa cidade ter quase meia d\u00fazia de deputados e mesmo assim n\u00e3o tinha for\u00e7a pol\u00edtica.\u00a0Se tivesse, por exemplo, o Anel do Contorno estava duplicado e urbanizado h\u00e1 muito tempo. N\u00e3o \u00e9 falta de pol\u00edtico com atestado de resid\u00eancia feirense. \u00c9 fraqueza moral da pr\u00f3pria cidade, transcende a culpa ou a incompet\u00eancia individual. As raz\u00f5es dessa fraqueza? Nem um daqueles TCCs onde o t\u00edtulo quilom\u00e9trico pretende dizer tudo, explica esse car\u00e1ter de Feira. S\u00f3 um doutorado da futura &#8220;universidade federal&#8221;.<\/p>\n","protected":false},"excerpt":{"rendered":"<p>O Casar\u00e3o Froes da Mota \u00e9 ideal para uma &#8216;Caixa Cultural&#8217; na Feira. Mas o banco s\u00f3 instala esses equipamentos nas capitais. E Feira n\u00e3o tem for\u00e7a pra argumentar, muito menos pressionar. \u00c9 a maior cidade do interior do Nordeste, aqui a Caixa Econ\u00f4mica tem um grande volume de neg\u00f3cios inclusive com a Prefeitura mas<\/p>\n","protected":false},"author":8,"featured_media":73870,"comment_status":"open","ping_status":"open","sticky":false,"template":"","format":"standard","meta":{"cybocfi_hide_featured_image":"","_jetpack_newsletter_access":"","_jetpack_dont_email_post_to_subs":false,"_jetpack_newsletter_tier_id":0,"_jetpack_memberships_contains_paywalled_content":false,"_jetpack_memberships_contains_paid_content":false,"footnotes":"","jetpack_publicize_message":"","jetpack_publicize_feature_enabled":true,"jetpack_social_post_already_shared":true,"jetpack_social_options":{"image_generator_settings":{"template":"highway","default_image_id":0,"font":"","enabled":false},"version":2},"jetpack_post_was_ever_published":false},"categories":[592,603],"tags":[],"class_list":["post-73869","post","type-post","status-publish","format-standard","has-post-thumbnail","hentry","category-colunistas","category-destaques"],"jetpack_publicize_connections":[],"jetpack_featured_media_url":"https:\/\/blogdafeira.com.br\/home\/wp-content\/uploads\/2026\/09\/IMG_20250110_101759855_HDR3-scaled.jpg","jetpack_shortlink":"https:\/\/wp.me\/p3niVf-jdr","jetpack_sharing_enabled":true,"jetpack-related-posts":[{"id":4900,"url":"https:\/\/blogdafeira.com.br\/home\/2013\/09\/09\/casarao-froes-da-mota-pode-ser-sede-da-caixa-cultural-em-feira\/","url_meta":{"origin":73869,"position":0},"title":"Casar\u00e3o Fr\u00f3es da Mota pode ser sede da Caixa Cultural em Feira","author":"Blog da Feira","date":"09\/09\/2013","format":false,"excerpt":"A Caixa Econ\u00f4mica Federal e a Funda\u00e7\u00e3o Senhor dos Passos iniciaram negocia\u00e7\u00f5es com vistas a destinar o Casar\u00e3o Fr\u00f3es da Motta, administrado pela Funda\u00e7\u00e3o, para funcionar como mais uma sede da Caixa Cultural na Bahia. O 'Casar\u00e3o Fr\u00f3es da Mota' foi restaurado pela Funda\u00e7\u00e3o Senhor dos Passos que encontra dificuldades\u2026","rel":"","context":"Em &quot;Home&quot;","block_context":{"text":"Home","link":"https:\/\/blogdafeira.com.br\/home\/categoria\/raiz\/"},"img":{"alt_text":"DSC06518","src":"https:\/\/i0.wp.com\/blogdafeira.com.br\/home\/wp-content\/uploads\/2013\/09\/DSC06518.jpg?resize=350%2C200","width":350,"height":200,"srcset":"https:\/\/i0.wp.com\/blogdafeira.com.br\/home\/wp-content\/uploads\/2013\/09\/DSC06518.jpg?resize=350%2C200 1x, https:\/\/i0.wp.com\/blogdafeira.com.br\/home\/wp-content\/uploads\/2013\/09\/DSC06518.jpg?resize=525%2C300 1.5x"},"classes":[]},{"id":69466,"url":"https:\/\/blogdafeira.com.br\/home\/2025\/09\/09\/breve-em-exibicao-documentario-sobre-o-casarao-froes-da-motta\/","url_meta":{"origin":73869,"position":1},"title":"Breve, em exibi\u00e7\u00e3o: document\u00e1rio sobre o Casar\u00e3o Fr\u00f3es da Motta","author":"Blog da Feira","date":"09\/09\/2025","format":false,"excerpt":"J\u00e1 foram conclu\u00eddas as fases de filmagens e entrevistas do document\u00e1rio \u201cO Casar\u00e3o Fr\u00f3es da Mota\u201d, realizado pela Linear Filmes. A pesquisa e o roteiro s\u00e3o do jornalista Edson Felloni Borges e a dire\u00e7\u00e3o geral \u00e9 de Reinaldo Bacelar, propriet\u00e1rio da produtora. O filme retrata a hist\u00f3ria do casar\u00e3o, que\u2026","rel":"","context":"Em &quot;Cultura&quot;","block_context":{"text":"Cultura","link":"https:\/\/blogdafeira.com.br\/home\/categoria\/cultura\/"},"img":{"alt_text":"","src":"https:\/\/i0.wp.com\/blogdafeira.com.br\/home\/wp-content\/uploads\/2025\/09\/IMG-20250909-WA00132.jpg?resize=350%2C200&ssl=1","width":350,"height":200,"srcset":"https:\/\/i0.wp.com\/blogdafeira.com.br\/home\/wp-content\/uploads\/2025\/09\/IMG-20250909-WA00132.jpg?resize=350%2C200&ssl=1 1x, https:\/\/i0.wp.com\/blogdafeira.com.br\/home\/wp-content\/uploads\/2025\/09\/IMG-20250909-WA00132.jpg?resize=525%2C300&ssl=1 1.5x, https:\/\/i0.wp.com\/blogdafeira.com.br\/home\/wp-content\/uploads\/2025\/09\/IMG-20250909-WA00132.jpg?resize=700%2C400&ssl=1 2x, https:\/\/i0.wp.com\/blogdafeira.com.br\/home\/wp-content\/uploads\/2025\/09\/IMG-20250909-WA00132.jpg?resize=1050%2C600&ssl=1 3x, https:\/\/i0.wp.com\/blogdafeira.com.br\/home\/wp-content\/uploads\/2025\/09\/IMG-20250909-WA00132.jpg?resize=1400%2C800&ssl=1 4x"},"classes":[]},{"id":63600,"url":"https:\/\/blogdafeira.com.br\/home\/2024\/09\/03\/sexta-no-casarao-froes-da-mota-tem-vivaldo-lima-e-as-maquetes-da-feira-antiga\/","url_meta":{"origin":73869,"position":2},"title":"Sexta no Casar\u00e3o Fr\u00f3es da Mota tem Vivaldo Lima e as maquetes da Feira antiga","author":"Blog da Feira","date":"03\/09\/2024","format":false,"excerpt":"Artista pl\u00e1stico que fez trabalhos de restaura\u00e7\u00e3o no Paco Municipal e no Casar\u00e3o Fr\u00f3es da Mota, Vivaldo Lima exp\u00f5e, nesta sexta-feira, 6, no Casar\u00e3o, as maquetes de im\u00f3veis e lugares da Feita de Antigamente, resultado de trabalhos com alunos seus do curso de Arquitetura da UNEF.\u00a0 A abertura acontece \u00e0s\u2026","rel":"","context":"Em &quot;Cultura&quot;","block_context":{"text":"Cultura","link":"https:\/\/blogdafeira.com.br\/home\/categoria\/cultura\/"},"img":{"alt_text":"","src":"https:\/\/i0.wp.com\/blogdafeira.com.br\/home\/wp-content\/uploads\/2024\/09\/images-472.jpeg?resize=350%2C200&ssl=1","width":350,"height":200,"srcset":"https:\/\/i0.wp.com\/blogdafeira.com.br\/home\/wp-content\/uploads\/2024\/09\/images-472.jpeg?resize=350%2C200&ssl=1 1x, https:\/\/i0.wp.com\/blogdafeira.com.br\/home\/wp-content\/uploads\/2024\/09\/images-472.jpeg?resize=525%2C300&ssl=1 1.5x, https:\/\/i0.wp.com\/blogdafeira.com.br\/home\/wp-content\/uploads\/2024\/09\/images-472.jpeg?resize=700%2C400&ssl=1 2x"},"classes":[]},{"id":1669,"url":"https:\/\/blogdafeira.com.br\/home\/2013\/05\/16\/fundacao-que-restaurou-o-casarao-froes-da-mota-em-feira-completa-17-anos\/","url_meta":{"origin":73869,"position":3},"title":"Funda\u00e7\u00e3o que restaurou o &#8216;Casar\u00e3o Fr\u00f3es da Mota&#8217;, em Feira, completa 17 anos","author":"Blog da Feira","date":"16\/05\/2013","format":false,"excerpt":"A Funda\u00e7\u00e3o Senhor dos Passos, de Feira de Santana, est\u00e1 completando 17 anos de funda\u00e7\u00e3o nesta quinta-feira (16). Ciada por \u00a0membros do Encontro de Casais com Cristo (ECC) da igreja cat\u00f3lica, ligados \u00e0 par\u00f3quia da Igreja Senhor dos Passos, no centro da cidade, a Funda\u00e7\u00e3o\u00a0\u00a0tem se notabilizado por projetos de\u2026","rel":"","context":"Em &quot;Home&quot;","block_context":{"text":"Home","link":"https:\/\/blogdafeira.com.br\/home\/categoria\/raiz\/"},"img":{"alt_text":"","src":"","width":0,"height":0},"classes":[]},{"id":18296,"url":"https:\/\/blogdafeira.com.br\/home\/2015\/12\/11\/namoradeira-do-casarao-de-eduardo-froes-da-mota-em-feira\/","url_meta":{"origin":73869,"position":4},"title":"&#8216;Namoradeira&#8217; do casar\u00e3o de Eduardo Fr\u00f3es da Mota em Feira","author":"Blog da Feira","date":"11\/12\/2015","format":false,"excerpt":"\"Namoradeira\" \u00e9 o nome de um m\u00f3vel usado no in\u00edcio do s\u00e9culo passado. Conheci um exemplar dessa pe\u00e7a de madeira na luxuosa resid\u00eancia de Eduardo Froes da Mota, na d\u00e9cada de 80, em Feira de Sant'Anna. Naquele dia dos anos 80 eu acompanhava os jornalistas Z\u00e9 Coi\u00f3 e\u00a0Reginaldo Pereira (que\u2026","rel":"","context":"Em &quot;Home&quot;","block_context":{"text":"Home","link":"https:\/\/blogdafeira.com.br\/home\/categoria\/raiz\/"},"img":{"alt_text":"casar\u00e3o fores da mota 2","src":"https:\/\/i0.wp.com\/blogdafeira.com.br\/home\/wp-content\/uploads\/2015\/12\/casar%C3%A3o-fores-da-mota-2.jpg?resize=350%2C200","width":350,"height":200},"classes":[]},{"id":25348,"url":"https:\/\/blogdafeira.com.br\/home\/2017\/01\/12\/dragoes-alados-gargulas-e-monstros-do-casarao-froes-da-mota-em-feira\/","url_meta":{"origin":73869,"position":5},"title":"Drag\u00f5es alados, g\u00e1rgulas e monstros do Casar\u00e3o Fr\u00f3es da Mota em Feira","author":"Blog da Feira","date":"12\/01\/2017","format":false,"excerpt":"Conta-se que o rico coronel Agostinho Fr\u00f3es da Mota inspirou-se em mandar fazer essas criaturas estranhas ap\u00f3s uma viagem que realizou \u00e0 Europa. Quem foi o pedreiro-artes\u00e3o que executou o capricho do Coronel? \u00a0- N\u00e3o sei. E\u00a0n\u00e3o acredito que saiba a Funda\u00e7\u00e3o Senhor dos Passos, detentora do patrim\u00f4nio. Mas isso\u2026","rel":"","context":"Em &quot;Home&quot;","block_context":{"text":"Home","link":"https:\/\/blogdafeira.com.br\/home\/categoria\/raiz\/"},"img":{"alt_text":"img_20170112_062909","src":"https:\/\/i0.wp.com\/blogdafeira.com.br\/home\/wp-content\/uploads\/2017\/01\/IMG_20170112_062909.jpg?resize=350%2C200","width":350,"height":200,"srcset":"https:\/\/i0.wp.com\/blogdafeira.com.br\/home\/wp-content\/uploads\/2017\/01\/IMG_20170112_062909.jpg?resize=350%2C200 1x, https:\/\/i0.wp.com\/blogdafeira.com.br\/home\/wp-content\/uploads\/2017\/01\/IMG_20170112_062909.jpg?resize=525%2C300 1.5x"},"classes":[]}],"_links":{"self":[{"href":"https:\/\/blogdafeira.com.br\/home\/wp-json\/wp\/v2\/posts\/73869","targetHints":{"allow":["GET"]}}],"collection":[{"href":"https:\/\/blogdafeira.com.br\/home\/wp-json\/wp\/v2\/posts"}],"about":[{"href":"https:\/\/blogdafeira.com.br\/home\/wp-json\/wp\/v2\/types\/post"}],"author":[{"embeddable":true,"href":"https:\/\/blogdafeira.com.br\/home\/wp-json\/wp\/v2\/users\/8"}],"replies":[{"embeddable":true,"href":"https:\/\/blogdafeira.com.br\/home\/wp-json\/wp\/v2\/comments?post=73869"}],"version-history":[{"count":1,"href":"https:\/\/blogdafeira.com.br\/home\/wp-json\/wp\/v2\/posts\/73869\/revisions"}],"predecessor-version":[{"id":73871,"href":"https:\/\/blogdafeira.com.br\/home\/wp-json\/wp\/v2\/posts\/73869\/revisions\/73871"}],"wp:featuredmedia":[{"embeddable":true,"href":"https:\/\/blogdafeira.com.br\/home\/wp-json\/wp\/v2\/media\/73870"}],"wp:attachment":[{"href":"https:\/\/blogdafeira.com.br\/home\/wp-json\/wp\/v2\/media?parent=73869"}],"wp:term":[{"taxonomy":"category","embeddable":true,"href":"https:\/\/blogdafeira.com.br\/home\/wp-json\/wp\/v2\/categories?post=73869"},{"taxonomy":"post_tag","embeddable":true,"href":"https:\/\/blogdafeira.com.br\/home\/wp-json\/wp\/v2\/tags?post=73869"}],"curies":[{"name":"wp","href":"https:\/\/api.w.org\/{rel}","templated":true}]}}