{"id":73882,"date":"2026-09-04T20:05:38","date_gmt":"2026-09-04T23:05:38","guid":{"rendered":"https:\/\/blogdafeira.com.br\/home\/?p=73882"},"modified":"2026-09-03T23:20:42","modified_gmt":"2026-09-04T02:20:42","slug":"marcas-e-milagres-de-frei-damiao-pelo-nordeste","status":"publish","type":"post","link":"https:\/\/blogdafeira.com.br\/home\/2026\/09\/04\/marcas-e-milagres-de-frei-damiao-pelo-nordeste\/","title":{"rendered":"Marcas e milagres de Frei Dami\u00e3o pelo Nordeste"},"content":{"rendered":"<div id=\"blogd-527144914\" class=\"blogd-fim-do-post-mobile blogd-entity-placement\" style=\"margin-left: auto;margin-right: auto;text-align: center;\"><a href=\"https:\/\/expofeira.ba.gov.br\/\" target=_blank><picture>\r\n  <source media=\"(min-width: 768px)\" srcset=\"https:\/\/blogdafeira.com.br\/home\/wp-content\/uploads\/2026\/08\/980x1503.gif\">\r\n  \r\n  <img decoding=\"async\" src=\"https:\/\/blogdafeira.com.br\/home\/wp-content\/uploads\/2026\/08\/350x2005.gif\" alt=\"Publicidade\" style=\"width: 100%; max-width: 100%; height: auto; display: block; margin: 0 auto;\">\r\n\t<\/picture><\/a><\/div><p>Essa &#8216;Cruz Radiante&#8217; sobre o pedestal marca uma miss\u00e3o de Frei Dami\u00e3o. O Capuchinho de Bozzano era um acontecimento pelos sert\u00f5es.\u00a0Em alguns lugares do Nordeste, superou a empatia m\u00edstica do insuper\u00e1vel l\u00edder religioso e pol\u00edtico sertanejo Padim Padre C\u00edcero.<\/p>\n<p>No Rio Grande do Norte, por exemplo, muito pela campanha que moveu o senador Felipe Guerra, os milagres do Padre em Juazeiro n\u00e3o atraiam devotos nem romeiros como em outros estados da regi\u00e3o. Mas quando surgiu Frei Dami\u00e3o, o RN se ajoelhou aos p\u00e9s do pregador.<\/p>\n<p>Os milagres de Frei Damiao aconteciam em quase todas as miss\u00f5es. Coxo andava, cego via, e a presen\u00e7a do frade incendiava a f\u00e9 cat\u00f3lica e a vida urbana adormecidas nas pequenas cidades, bairros e lugarejos.<\/p>\n<div id=\"blogd-63962295\" class=\"blogd-final-post blogd-entity-placement\"><a href=\"https:\/\/www.feiradesantana.ba.leg.br\/\" target=\"_blank\" aria-label=\"BANNER-SITE_CA\u0302MARA_AGOSTO_728x90px\"><img loading=\"lazy\" decoding=\"async\" src=\"https:\/\/blogdafeira.com.br\/home\/wp-content\/uploads\/2026\/03\/BANNER-SITE_CAMARA_AGOSTO_728x90px.gif\" alt=\"\"  class=\"no-lazyload\" width=\"728\" height=\"90\"   \/><\/a><\/div><p>Essa Cruz da Gl\u00f3ria, voltada para o nascente, margeia uma estrada, antes silenciosa, entre s\u00edtios e serras. L\u00e1 perto morava um jovem, aben\u00e7oado por um milagre do frade numa cidade vizinha, anos antes dessa miss\u00e3o, lembrada pela Cruz Resplandecente.<\/p>\n","protected":false},"excerpt":{"rendered":"<p>Essa &#8216;Cruz Radiante&#8217; sobre o pedestal marca uma miss\u00e3o de Frei Dami\u00e3o. O Capuchinho de Bozzano era um acontecimento pelos sert\u00f5es.\u00a0Em alguns lugares do Nordeste, superou a empatia m\u00edstica do insuper\u00e1vel l\u00edder religioso e pol\u00edtico sertanejo Padim Padre C\u00edcero. No Rio Grande do Norte, por exemplo, muito pela campanha que moveu o senador Felipe Guerra,<\/p>\n","protected":false},"author":8,"featured_media":73883,"comment_status":"open","ping_status":"open","sticky":false,"template":"","format":"standard","meta":{"cybocfi_hide_featured_image":"","_jetpack_newsletter_access":"","_jetpack_dont_email_post_to_subs":false,"_jetpack_newsletter_tier_id":0,"_jetpack_memberships_contains_paywalled_content":false,"_jetpack_memberships_contains_paid_content":false,"footnotes":"","jetpack_publicize_message":"","jetpack_publicize_feature_enabled":true,"jetpack_social_post_already_shared":true,"jetpack_social_options":{"image_generator_settings":{"template":"highway","default_image_id":0,"font":"","enabled":false},"version":2},"jetpack_post_was_ever_published":false},"categories":[592,603,751],"tags":[],"class_list":["post-73882","post","type-post","status-publish","format-standard","has-post-thumbnail","hentry","category-colunistas","category-destaques","category-geral"],"jetpack_publicize_connections":[],"jetpack_featured_media_url":"https:\/\/blogdafeira.com.br\/home\/wp-content\/uploads\/2026\/09\/IMG_20171122_1613033063-scaled.jpg","jetpack_shortlink":"https:\/\/wp.me\/p3niVf-jdE","jetpack_sharing_enabled":true,"jetpack-related-posts":[{"id":48329,"url":"https:\/\/blogdafeira.com.br\/home\/2021\/11\/12\/o-milagre-de-frei-damiao-em-damiao-caboco\/","url_meta":{"origin":73882,"position":0},"title":"Um milagre de Frei Dami\u00e3o","author":"J\u00e2nio R\u00eago","date":"12\/11\/2021","format":false,"excerpt":"Em Doutor Severiano \"contava-se nos dedos\" quem tinha um jeep, uma camioneta ou outro transporte a motor adequado \u00e0s estradas sofr\u00edveis daqueles tempos. Dami\u00e3o viajou num desses jeeps para Pau dos Ferros onde deu-se o primeiro e fatal encontro com seu hom\u00f4nimo, o santo, o frade peregrino que andava pelo\u2026","rel":"","context":"Em &quot;Colunistas&quot;","block_context":{"text":"Colunistas","link":"https:\/\/blogdafeira.com.br\/home\/categoria\/colunistas\/"},"img":{"alt_text":"","src":"https:\/\/i0.wp.com\/blogdafeira.com.br\/home\/wp-content\/uploads\/2021\/11\/IMG_20211111_171019_924.jpg?resize=350%2C200&ssl=1","width":350,"height":200,"srcset":"https:\/\/i0.wp.com\/blogdafeira.com.br\/home\/wp-content\/uploads\/2021\/11\/IMG_20211111_171019_924.jpg?resize=350%2C200&ssl=1 1x, https:\/\/i0.wp.com\/blogdafeira.com.br\/home\/wp-content\/uploads\/2021\/11\/IMG_20211111_171019_924.jpg?resize=525%2C300&ssl=1 1.5x"},"classes":[]},{"id":52668,"url":"https:\/\/blogdafeira.com.br\/home\/2022\/05\/31\/nordeste-lembra-hoje-25-anos-da-morte-de-frei-damiao-de-bozzano\/","url_meta":{"origin":73882,"position":1},"title":"Nordeste lembra hoje 25 anos da morte de Frei Dami\u00e3o de Bozzano","author":"Blog da Feira","date":"31\/05\/2022","format":false,"excerpt":"H\u00e1 25 anos, em 1997, falecia em Recife, Pernambuco, o frade capuchinhos conhecido como Frei Dami\u00e3o de Bozzano. Ele percorreu toda a regi\u00e3o do Nordeste em prega\u00e7\u00f5es mission\u00e1rias que atraiam milhares de pessoas principalmente nas pequenas e m\u00e9dias cidades. Frei Dami\u00e3o nasceu em Bozano, na It\u00e1lia, e chegou ao Brasil\u2026","rel":"","context":"Em &quot;Cultura&quot;","block_context":{"text":"Cultura","link":"https:\/\/blogdafeira.com.br\/home\/categoria\/cultura\/"},"img":{"alt_text":"","src":"","width":0,"height":0},"classes":[]},{"id":25563,"url":"https:\/\/blogdafeira.com.br\/home\/2017\/02\/06\/estatuas-de-santos-e-martires-marcam-o-catolicismo-popular-no-nordeste\/","url_meta":{"origin":73882,"position":2},"title":"Est\u00e1tuas de &#8216;santos e m\u00e1rtires&#8217; marcam o catolicismo popular no Nordeste","author":"Blog da Feira","date":"06\/02\/2017","format":false,"excerpt":"A proximidade de uma esta\u00e7\u00e3o de energia el\u00e9trica confere uma met\u00e1fora\u00a0poderosa \u00e0 imagem do 'santo milagroso' de Juazeiro do Norte, padre C\u00edcero Rom\u00e3o Batista, Padre C\u00edcero, Padim Padre C\u00edcero, Padim Ci\u00e7o. A est\u00e1tua da foto est\u00e1 \u00e0 margem de uma das maiores e mais movimentadas estradas do pa\u00eds, a BR-116,\u2026","rel":"","context":"Em &quot;Home&quot;","block_context":{"text":"Home","link":"https:\/\/blogdafeira.com.br\/home\/categoria\/raiz\/"},"img":{"alt_text":"img_20170125_234155","src":"https:\/\/i0.wp.com\/blogdafeira.com.br\/home\/wp-content\/uploads\/2017\/02\/IMG_20170125_234155-1024x576.jpg?resize=350%2C200","width":350,"height":200,"srcset":"https:\/\/i0.wp.com\/blogdafeira.com.br\/home\/wp-content\/uploads\/2017\/02\/IMG_20170125_234155-1024x576.jpg?resize=350%2C200 1x, https:\/\/i0.wp.com\/blogdafeira.com.br\/home\/wp-content\/uploads\/2017\/02\/IMG_20170125_234155-1024x576.jpg?resize=525%2C300 1.5x, https:\/\/i0.wp.com\/blogdafeira.com.br\/home\/wp-content\/uploads\/2017\/02\/IMG_20170125_234155-1024x576.jpg?resize=700%2C400 2x"},"classes":[]},{"id":850,"url":"https:\/\/blogdafeira.com.br\/home\/2013\/04\/24\/camarote-dos-capuchinhosze-vaqueiro-faz-versos-e-lembra-frei-damiao\/","url_meta":{"origin":73882,"position":3},"title":"Camarote dos Capuchinhos:Z\u00e9 Vaqueiro faz versos e lembra Frei Dami\u00e3o","author":"Blog da Feira","date":"24\/04\/2013","format":false,"excerpt":"Os capuchinhos de Feira Esquecem \u00a0frei Dami\u00e3o O Mission\u00e1rio do Sert\u00e3o Que era contra a bandalheira E bradava contra a sujeira De certos maus sacerdotes Que ousavam dar \u2018pinotes\u2019 Contrariando a \u00a0igreja. Quanto mais \u00a0beber cerveja Em festa de camarotes! (Z\u00e9 Vaqueiro da Feira)","rel":"","context":"Em &quot;Cidade&quot;","block_context":{"text":"Cidade","link":"https:\/\/blogdafeira.com.br\/home\/categoria\/cidade\/"},"img":{"alt_text":"","src":"","width":0,"height":0},"classes":[]},{"id":23578,"url":"https:\/\/blogdafeira.com.br\/home\/2016\/09\/14\/devocao-a-cosme-e-damiao-e-uma-das-mais-sincreticas-e-populares-da-bahia\/","url_meta":{"origin":73882,"position":4},"title":"Devo\u00e7\u00e3o a Cosme e Dami\u00e3o \u00e9 uma das mais sincr\u00e9ticas e populares da Bahia","author":"Blog da Feira","date":"14\/09\/2016","format":false,"excerpt":"Em Feira de Santana um dos locais onde existe a devo\u00e7\u00e3o a S\u00e3o Cosme e S\u00e3o Dami\u00e3o \u00e9 no Mercado de Arte Popular (MAP). O dia de S\u00e3o Cosme e S\u00e3o Dami\u00e3o \u00a0\u00e9 no \u00a026 de setembro e na Bahia homenageia os santos g\u00eameos da igreja cat\u00f3lica, os Ib\u00eajis do\u2026","rel":"","context":"Em &quot;Home&quot;","block_context":{"text":"Home","link":"https:\/\/blogdafeira.com.br\/home\/categoria\/raiz\/"},"img":{"alt_text":".facebook_1473808878567","src":"https:\/\/i0.wp.com\/blogdafeira.com.br\/home\/wp-content\/uploads\/2016\/09\/facebook_1473808878567.jpg?resize=350%2C200","width":350,"height":200,"srcset":"https:\/\/i0.wp.com\/blogdafeira.com.br\/home\/wp-content\/uploads\/2016\/09\/facebook_1473808878567.jpg?resize=350%2C200 1x, https:\/\/i0.wp.com\/blogdafeira.com.br\/home\/wp-content\/uploads\/2016\/09\/facebook_1473808878567.jpg?resize=525%2C300 1.5x"},"classes":[]},{"id":15791,"url":"https:\/\/blogdafeira.com.br\/home\/2015\/07\/25\/homenagem-ao-poeta-ze-marcolino-damiao-e-geraldo-sanfoneiro\/","url_meta":{"origin":73882,"position":5},"title":"Homenagem ao poeta Z\u00e9 Marcolino &#8211; Dami\u00e3o e Geraldo Sanfoneiro","author":"Blog da Feira","date":"25\/07\/2015","format":false,"excerpt":"","rel":"","context":"Em &quot;Home&quot;","block_context":{"text":"Home","link":"https:\/\/blogdafeira.com.br\/home\/categoria\/raiz\/"},"img":{"alt_text":"","src":"","width":0,"height":0},"classes":[]}],"_links":{"self":[{"href":"https:\/\/blogdafeira.com.br\/home\/wp-json\/wp\/v2\/posts\/73882","targetHints":{"allow":["GET"]}}],"collection":[{"href":"https:\/\/blogdafeira.com.br\/home\/wp-json\/wp\/v2\/posts"}],"about":[{"href":"https:\/\/blogdafeira.com.br\/home\/wp-json\/wp\/v2\/types\/post"}],"author":[{"embeddable":true,"href":"https:\/\/blogdafeira.com.br\/home\/wp-json\/wp\/v2\/users\/8"}],"replies":[{"embeddable":true,"href":"https:\/\/blogdafeira.com.br\/home\/wp-json\/wp\/v2\/comments?post=73882"}],"version-history":[{"count":1,"href":"https:\/\/blogdafeira.com.br\/home\/wp-json\/wp\/v2\/posts\/73882\/revisions"}],"predecessor-version":[{"id":73884,"href":"https:\/\/blogdafeira.com.br\/home\/wp-json\/wp\/v2\/posts\/73882\/revisions\/73884"}],"wp:featuredmedia":[{"embeddable":true,"href":"https:\/\/blogdafeira.com.br\/home\/wp-json\/wp\/v2\/media\/73883"}],"wp:attachment":[{"href":"https:\/\/blogdafeira.com.br\/home\/wp-json\/wp\/v2\/media?parent=73882"}],"wp:term":[{"taxonomy":"category","embeddable":true,"href":"https:\/\/blogdafeira.com.br\/home\/wp-json\/wp\/v2\/categories?post=73882"},{"taxonomy":"post_tag","embeddable":true,"href":"https:\/\/blogdafeira.com.br\/home\/wp-json\/wp\/v2\/tags?post=73882"}],"curies":[{"name":"wp","href":"https:\/\/api.w.org\/{rel}","templated":true}]}}