{"id":73885,"date":"2026-09-04T17:09:57","date_gmt":"2026-09-04T20:09:57","guid":{"rendered":"https:\/\/blogdafeira.com.br\/home\/?p=73885"},"modified":"2026-09-04T17:11:13","modified_gmt":"2026-09-04T20:11:13","slug":"constancio-guardiao-do-parque-de-exposicoes-de-feira","status":"publish","type":"post","link":"https:\/\/blogdafeira.com.br\/home\/2026\/09\/04\/constancio-guardiao-do-parque-de-exposicoes-de-feira\/","title":{"rendered":"Const\u00e2ncio, guardi\u00e3o do Parque de Exposi\u00e7\u00f5es de Feira"},"content":{"rendered":"<div id=\"blogd-1436720553\" class=\"blogd-fim-do-post-mobile blogd-entity-placement\" style=\"margin-left: auto;margin-right: auto;text-align: center;\"><a href=\"https:\/\/expofeira.ba.gov.br\/\" target=_blank><picture>\r\n  <source media=\"(min-width: 768px)\" srcset=\"https:\/\/blogdafeira.com.br\/home\/wp-content\/uploads\/2026\/08\/980x1503.gif\">\r\n  \r\n  <img decoding=\"async\" src=\"https:\/\/blogdafeira.com.br\/home\/wp-content\/uploads\/2026\/08\/350x2005.gif\" alt=\"Publicidade\" style=\"width: 100%; max-width: 100%; height: auto; display: block; margin: 0 auto;\">\r\n\t<\/picture><\/a><\/div><p>Const\u00e2ncio das Neves foi um guardi\u00e3o do Parque de Exposi\u00e7\u00e3o de Feira. Trabalhou muitos anos cuidando do equipamento, organizando <em>ExpoFeiras<\/em>, assessorando prefeitos.<\/p>\n<p>Quando Z\u00e9 Falc\u00e3o assumiu o terceiro mandato de Prefeito, Const\u00e2ncio, de quem era compadre, era seu parceiro nas idas \u00e0 zona rural nos fins de semana. Const\u00e2ncio conhecia pessoas e circunst\u00e2ncias.<\/p>\n<p>Em tempos de ExpoFeira, quando s\u00e3o exaltados, com justi\u00e7a, figuras de pecuaristas pioneiros e dedicados, \u00e9 uma honra lembrar a figura simples de Const\u00e2ncio das Neves.<\/p>\n<div id=\"blogd-2179808098\" class=\"blogd-final-post blogd-entity-placement\"><a href=\"https:\/\/www.feiradesantana.ba.leg.br\/\" target=\"_blank\" aria-label=\"BANNER-SITE_CA\u0302MARA_AGOSTO_728x90px\"><img loading=\"lazy\" decoding=\"async\" src=\"https:\/\/blogdafeira.com.br\/home\/wp-content\/uploads\/2026\/03\/BANNER-SITE_CAMARA_AGOSTO_728x90px.gif\" alt=\"\"  class=\"no-lazyload\" width=\"728\" height=\"90\"   \/><\/a><\/div><p><em>Foto do Arquivo da familia<\/em><\/p>\n","protected":false},"excerpt":{"rendered":"<p>Const\u00e2ncio das Neves foi um guardi\u00e3o do Parque de Exposi\u00e7\u00e3o de Feira. Trabalhou muitos anos cuidando do equipamento, organizando ExpoFeiras, assessorando prefeitos. Quando Z\u00e9 Falc\u00e3o assumiu o terceiro mandato de Prefeito, Const\u00e2ncio, de quem era compadre, era seu parceiro nas idas \u00e0 zona rural nos fins de semana. Const\u00e2ncio conhecia pessoas e circunst\u00e2ncias. Em tempos<\/p>\n","protected":false},"author":8,"featured_media":73888,"comment_status":"open","ping_status":"open","sticky":false,"template":"","format":"standard","meta":{"cybocfi_hide_featured_image":"","_jetpack_newsletter_access":"","_jetpack_dont_email_post_to_subs":false,"_jetpack_newsletter_tier_id":0,"_jetpack_memberships_contains_paywalled_content":false,"_jetpack_memberships_contains_paid_content":false,"footnotes":"","jetpack_publicize_message":"","jetpack_publicize_feature_enabled":true,"jetpack_social_post_already_shared":true,"jetpack_social_options":{"image_generator_settings":{"template":"highway","default_image_id":0,"font":"","enabled":false},"version":2},"jetpack_post_was_ever_published":false},"categories":[3,603],"tags":[],"class_list":["post-73885","post","type-post","status-publish","format-standard","has-post-thumbnail","hentry","category-cidade","category-destaques"],"jetpack_publicize_connections":[],"jetpack_featured_media_url":"https:\/\/blogdafeira.com.br\/home\/wp-content\/uploads\/2026\/09\/IMG-20260903-WA01372.jpg","jetpack_shortlink":"https:\/\/wp.me\/p3niVf-jdH","jetpack_sharing_enabled":true,"jetpack-related-posts":[{"id":63681,"url":"https:\/\/blogdafeira.com.br\/home\/2024\/09\/09\/presenca-do-senar-na-45a-expofeira-fez-do-parque-uma-grande-escola-diz-colbert\/","url_meta":{"origin":73885,"position":0},"title":"Presen\u00e7a do Senar na 45\u00aa ExpoFeira fez do Parque &#8220;uma grande escola&#8221;, diz Colbert","author":"Blog da Feira","date":"09\/09\/2024","format":false,"excerpt":"A 45\u00aa Exposi\u00e7\u00e3o Agropecu\u00e1ria de Feira de Santana (ExpoFeira), realizada de 1\u00ba de setembro at\u00e9 ontem (domingo,8), no Parque de Exposi\u00e7\u00e3o Jo\u00e3o Martins da Silva, atraiu um p\u00fablico diversificado e de diversas faixas et\u00e1rias. Trouxe minha fam\u00edlia para passearmos e para meus filhos conhecerem a Expofeira e terem contato com\u2026","rel":"","context":"Em &quot;Cidade&quot;","block_context":{"text":"Cidade","link":"https:\/\/blogdafeira.com.br\/home\/categoria\/cidade\/"},"img":{"alt_text":"","src":"https:\/\/i0.wp.com\/blogdafeira.com.br\/home\/wp-content\/uploads\/2024\/09\/WhatsApp-Image-2024-09-08-at-21.09.26-1-scaled.jpeg?resize=350%2C200&ssl=1","width":350,"height":200,"srcset":"https:\/\/i0.wp.com\/blogdafeira.com.br\/home\/wp-content\/uploads\/2024\/09\/WhatsApp-Image-2024-09-08-at-21.09.26-1-scaled.jpeg?resize=350%2C200&ssl=1 1x, https:\/\/i0.wp.com\/blogdafeira.com.br\/home\/wp-content\/uploads\/2024\/09\/WhatsApp-Image-2024-09-08-at-21.09.26-1-scaled.jpeg?resize=525%2C300&ssl=1 1.5x, https:\/\/i0.wp.com\/blogdafeira.com.br\/home\/wp-content\/uploads\/2024\/09\/WhatsApp-Image-2024-09-08-at-21.09.26-1-scaled.jpeg?resize=700%2C400&ssl=1 2x, https:\/\/i0.wp.com\/blogdafeira.com.br\/home\/wp-content\/uploads\/2024\/09\/WhatsApp-Image-2024-09-08-at-21.09.26-1-scaled.jpeg?resize=1050%2C600&ssl=1 3x, https:\/\/i0.wp.com\/blogdafeira.com.br\/home\/wp-content\/uploads\/2024\/09\/WhatsApp-Image-2024-09-08-at-21.09.26-1-scaled.jpeg?resize=1400%2C800&ssl=1 4x"},"classes":[]},{"id":68947,"url":"https:\/\/blogdafeira.com.br\/home\/2025\/08\/12\/cerca-de-300-criadores-ja-confirmaram-presenca-na-expofeira-em-setembro\/","url_meta":{"origin":73885,"position":1},"title":"Cerca de 300 criadores j\u00e1 confirmaram presen\u00e7a na ExpoFeira em setembro","author":"Blog da Feira","date":"12\/08\/2025","format":false,"excerpt":"A 46\u00aa Exposi\u00e7\u00e3o Agropecu\u00e1ria de Feira de Santana (Expofeira 2025),\u00a0 ocorrer\u00e1 no Parque de Exposi\u00e7\u00f5es Jo\u00e3o Martins da Silva, no per\u00edodo de 7 a 14 de setembro. Toda a estrutura para o evento, com a presen\u00e7a de produtores rurais e animais ranqueados de todo o Brasil, foi apresentada pelo prefeito\u2026","rel":"","context":"Em &quot;Cidade&quot;","block_context":{"text":"Cidade","link":"https:\/\/blogdafeira.com.br\/home\/categoria\/cidade\/"},"img":{"alt_text":"","src":"https:\/\/i0.wp.com\/blogdafeira.com.br\/home\/wp-content\/uploads\/2025\/08\/Screenshot_20250812-212216.png?resize=350%2C200&ssl=1","width":350,"height":200,"srcset":"https:\/\/i0.wp.com\/blogdafeira.com.br\/home\/wp-content\/uploads\/2025\/08\/Screenshot_20250812-212216.png?resize=350%2C200&ssl=1 1x, https:\/\/i0.wp.com\/blogdafeira.com.br\/home\/wp-content\/uploads\/2025\/08\/Screenshot_20250812-212216.png?resize=525%2C300&ssl=1 1.5x, https:\/\/i0.wp.com\/blogdafeira.com.br\/home\/wp-content\/uploads\/2025\/08\/Screenshot_20250812-212216.png?resize=700%2C400&ssl=1 2x, https:\/\/i0.wp.com\/blogdafeira.com.br\/home\/wp-content\/uploads\/2025\/08\/Screenshot_20250812-212216.png?resize=1050%2C600&ssl=1 3x"},"classes":[]},{"id":69453,"url":"https:\/\/blogdafeira.com.br\/home\/2025\/09\/08\/previsao-e-que-cerca-de-300-mil-pessoas-visitem-a-expofeira-ate-o-proximo-domingo\/","url_meta":{"origin":73885,"position":2},"title":"Previs\u00e3o \u00e9 que cerca de 300 mil pessoas visitem a ExpoFeira at\u00e9 domingo","author":"Blog da Feira","date":"08\/09\/2025","format":false,"excerpt":"Foi oficialmente aberta, ontem(domingo 7) a 46\u00aa Exposi\u00e7\u00e3o Agropecu\u00e1ria de Feira de Santana (Expofeira 2025), um dos eventos mais tradicionais do calend\u00e1rio agropecu\u00e1rio do interior da Bahia. A cerim\u00f4nia de abertura contou com a presen\u00e7a de importantes autoridades.e.representantes do setor agropecu\u00e1rio,\u00a0 incluindo o prefeito Z\u00e9 Ronaldo de Carvalho, o governador\u2026","rel":"","context":"Em &quot;Economia&quot;","block_context":{"text":"Economia","link":"https:\/\/blogdafeira.com.br\/home\/categoria\/economia\/"},"img":{"alt_text":"","src":"https:\/\/i0.wp.com\/blogdafeira.com.br\/home\/wp-content\/uploads\/2025\/09\/Expofeira-Prefeito-Abertura-Fotos-Washington-Nery-07-09-25-5.jpeg?resize=350%2C200&ssl=1","width":350,"height":200,"srcset":"https:\/\/i0.wp.com\/blogdafeira.com.br\/home\/wp-content\/uploads\/2025\/09\/Expofeira-Prefeito-Abertura-Fotos-Washington-Nery-07-09-25-5.jpeg?resize=350%2C200&ssl=1 1x, https:\/\/i0.wp.com\/blogdafeira.com.br\/home\/wp-content\/uploads\/2025\/09\/Expofeira-Prefeito-Abertura-Fotos-Washington-Nery-07-09-25-5.jpeg?resize=525%2C300&ssl=1 1.5x, https:\/\/i0.wp.com\/blogdafeira.com.br\/home\/wp-content\/uploads\/2025\/09\/Expofeira-Prefeito-Abertura-Fotos-Washington-Nery-07-09-25-5.jpeg?resize=700%2C400&ssl=1 2x, https:\/\/i0.wp.com\/blogdafeira.com.br\/home\/wp-content\/uploads\/2025\/09\/Expofeira-Prefeito-Abertura-Fotos-Washington-Nery-07-09-25-5.jpeg?resize=1050%2C600&ssl=1 3x"},"classes":[]},{"id":12256,"url":"https:\/\/blogdafeira.com.br\/home\/2014\/09\/02\/expofeira-comeca-no-domingo-no-parque-de-exposicao-joao-martins\/","url_meta":{"origin":73885,"position":3},"title":"ExpoFeira come\u00e7a no domingo no Parque de Exposi\u00e7\u00e3o Jo\u00e3o Martins","author":"Blog da Feira","date":"02\/09\/2014","format":false,"excerpt":"Come\u00e7a no pr\u00f3ximo domingo, em Feira de Santana,a 39\u00aa ExpoFeira no Parque Exposi\u00e7\u00e3o Jo\u00e3o Martins da Siva que acontece at\u00e9 o dia 14 de setembro. Os transportes p\u00fablicos para a ExpoFeira ter\u00e3o linhas e hor\u00e1rios especiais. A esta\u00e7\u00e3o especial de embarque do transporte coletivo urbano por \u00f4nibus e a bilheteria\u2026","rel":"","context":"Em &quot;Home&quot;","block_context":{"text":"Home","link":"https:\/\/blogdafeira.com.br\/home\/categoria\/raiz\/"},"img":{"alt_text":"","src":"","width":0,"height":0},"classes":[]},{"id":73889,"url":"https:\/\/blogdafeira.com.br\/home\/2026\/09\/04\/expofeira-tera-tres-estacionamentos-ocupando-uma-area-de-100-mil-metros-quadrados\/","url_meta":{"origin":73885,"position":4},"title":"ExpoFeira ter\u00e1 tr\u00eas estacionamentos ocupando uma \u00e1rea de 100 mil metros quadrados","author":"Blog da Feira","date":"04\/09\/2026","format":false,"excerpt":"O Parque de Exposi\u00e7\u00e3o Jo\u00e3o Martins da Silva passa a contar com mais estrutura para movimentar grandes neg\u00f3cios na ExpoFeira que come\u00e7a neste domingo, 6. Hoje, 4, o Prefeito de Feira, Z\u00e9 Ronaldo, recebeu a imprensa no Parque onde mostrou as inova\u00e7\u00f5es e investimentos feitos para garantir o sucesso do\u2026","rel":"","context":"Em &quot;Cidade&quot;","block_context":{"text":"Cidade","link":"https:\/\/blogdafeira.com.br\/home\/categoria\/cidade\/"},"img":{"alt_text":"","src":"https:\/\/i0.wp.com\/blogdafeira.com.br\/home\/wp-content\/uploads\/2026\/09\/Expofeira-Imprensa-Almoco-Fotos-Washington-Nery-04-09-26-9-1.jpeg?resize=350%2C200&ssl=1","width":350,"height":200,"srcset":"https:\/\/i0.wp.com\/blogdafeira.com.br\/home\/wp-content\/uploads\/2026\/09\/Expofeira-Imprensa-Almoco-Fotos-Washington-Nery-04-09-26-9-1.jpeg?resize=350%2C200&ssl=1 1x, https:\/\/i0.wp.com\/blogdafeira.com.br\/home\/wp-content\/uploads\/2026\/09\/Expofeira-Imprensa-Almoco-Fotos-Washington-Nery-04-09-26-9-1.jpeg?resize=525%2C300&ssl=1 1.5x, https:\/\/i0.wp.com\/blogdafeira.com.br\/home\/wp-content\/uploads\/2026\/09\/Expofeira-Imprensa-Almoco-Fotos-Washington-Nery-04-09-26-9-1.jpeg?resize=700%2C400&ssl=1 2x, https:\/\/i0.wp.com\/blogdafeira.com.br\/home\/wp-content\/uploads\/2026\/09\/Expofeira-Imprensa-Almoco-Fotos-Washington-Nery-04-09-26-9-1.jpeg?resize=1050%2C600&ssl=1 3x"},"classes":[]},{"id":63550,"url":"https:\/\/blogdafeira.com.br\/home\/2024\/09\/01\/apos-quatro-anos-expofeira-voltou-e-acontece-ate-o-proximo-domingo8\/","url_meta":{"origin":73885,"position":5},"title":"Ap\u00f3s quatro anos,  ExpoFeira voltou e acontece at\u00e9 o pr\u00f3ximo domingo,8","author":"Blog da Feira","date":"01\/09\/2024","format":false,"excerpt":"Devido \u00e0 pandemia da Covid-19 e aos impactos econ\u00f4micos causados por ela, um dos maiores eventos agropecu\u00e1rios do Norte-Nordeste do Brasil passou quatro anos sem ser realizado. Em 2024, ap\u00f3s um esfor\u00e7o conjunto entre a Prefeitura de Feira de Santana, o SENAR (Servi\u00e7o Nacional de Aprendizagem Rural) e diversas entidades\u2026","rel":"","context":"Em &quot;Economia&quot;","block_context":{"text":"Economia","link":"https:\/\/blogdafeira.com.br\/home\/categoria\/economia\/"},"img":{"alt_text":"","src":"https:\/\/i0.wp.com\/blogdafeira.com.br\/home\/wp-content\/uploads\/2024\/09\/Screenshot_20240901-1306092.png?resize=350%2C200&ssl=1","width":350,"height":200,"srcset":"https:\/\/i0.wp.com\/blogdafeira.com.br\/home\/wp-content\/uploads\/2024\/09\/Screenshot_20240901-1306092.png?resize=350%2C200&ssl=1 1x, https:\/\/i0.wp.com\/blogdafeira.com.br\/home\/wp-content\/uploads\/2024\/09\/Screenshot_20240901-1306092.png?resize=525%2C300&ssl=1 1.5x, https:\/\/i0.wp.com\/blogdafeira.com.br\/home\/wp-content\/uploads\/2024\/09\/Screenshot_20240901-1306092.png?resize=700%2C400&ssl=1 2x, https:\/\/i0.wp.com\/blogdafeira.com.br\/home\/wp-content\/uploads\/2024\/09\/Screenshot_20240901-1306092.png?resize=1050%2C600&ssl=1 3x"},"classes":[]}],"_links":{"self":[{"href":"https:\/\/blogdafeira.com.br\/home\/wp-json\/wp\/v2\/posts\/73885","targetHints":{"allow":["GET"]}}],"collection":[{"href":"https:\/\/blogdafeira.com.br\/home\/wp-json\/wp\/v2\/posts"}],"about":[{"href":"https:\/\/blogdafeira.com.br\/home\/wp-json\/wp\/v2\/types\/post"}],"author":[{"embeddable":true,"href":"https:\/\/blogdafeira.com.br\/home\/wp-json\/wp\/v2\/users\/8"}],"replies":[{"embeddable":true,"href":"https:\/\/blogdafeira.com.br\/home\/wp-json\/wp\/v2\/comments?post=73885"}],"version-history":[{"count":1,"href":"https:\/\/blogdafeira.com.br\/home\/wp-json\/wp\/v2\/posts\/73885\/revisions"}],"predecessor-version":[{"id":73887,"href":"https:\/\/blogdafeira.com.br\/home\/wp-json\/wp\/v2\/posts\/73885\/revisions\/73887"}],"wp:featuredmedia":[{"embeddable":true,"href":"https:\/\/blogdafeira.com.br\/home\/wp-json\/wp\/v2\/media\/73888"}],"wp:attachment":[{"href":"https:\/\/blogdafeira.com.br\/home\/wp-json\/wp\/v2\/media?parent=73885"}],"wp:term":[{"taxonomy":"category","embeddable":true,"href":"https:\/\/blogdafeira.com.br\/home\/wp-json\/wp\/v2\/categories?post=73885"},{"taxonomy":"post_tag","embeddable":true,"href":"https:\/\/blogdafeira.com.br\/home\/wp-json\/wp\/v2\/tags?post=73885"}],"curies":[{"name":"wp","href":"https:\/\/api.w.org\/{rel}","templated":true}]}}