{"id":73889,"date":"2026-09-04T17:26:10","date_gmt":"2026-09-04T20:26:10","guid":{"rendered":"https:\/\/blogdafeira.com.br\/home\/?p=73889"},"modified":"2026-09-04T17:26:10","modified_gmt":"2026-09-04T20:26:10","slug":"expofeira-tera-tres-estacionamentos-ocupando-uma-area-de-100-mil-metros-quadrados","status":"publish","type":"post","link":"https:\/\/blogdafeira.com.br\/home\/2026\/09\/04\/expofeira-tera-tres-estacionamentos-ocupando-uma-area-de-100-mil-metros-quadrados\/","title":{"rendered":"ExpoFeira ter\u00e1 tr\u00eas estacionamentos ocupando uma \u00e1rea de 100 mil metros quadrados"},"content":{"rendered":"<div id=\"blogd-2879027817\" class=\"blogd-fim-do-post-mobile blogd-entity-placement\" style=\"margin-left: auto;margin-right: auto;text-align: center;\"><a href=\"https:\/\/expofeira.ba.gov.br\/\" target=_blank><picture>\r\n  <source media=\"(min-width: 768px)\" srcset=\"https:\/\/blogdafeira.com.br\/home\/wp-content\/uploads\/2026\/08\/980x1503.gif\">\r\n  \r\n  <img decoding=\"async\" src=\"https:\/\/blogdafeira.com.br\/home\/wp-content\/uploads\/2026\/08\/350x2005.gif\" alt=\"Publicidade\" style=\"width: 100%; max-width: 100%; height: auto; display: block; margin: 0 auto;\">\r\n\t<\/picture><\/a><\/div><p>O Parque de Exposi\u00e7\u00e3o Jo\u00e3o Martins da Silva passa a contar com mais estrutura para movimentar grandes neg\u00f3cios na ExpoFeira que come\u00e7a neste domingo, 6. Hoje, 4, o Prefeito de Feira, Z\u00e9 Ronaldo, recebeu a imprensa no Parque onde mostrou as inova\u00e7\u00f5es e investimentos feitos para garantir o sucesso do evento agropecuario.<\/p>\n<p>Conforme ressaltou o prefeito os investimentos foram\u00a0 da ordem de R$ 5 milh\u00f5es. A nova estrutura ampliou a capacidade de 54 expositores para mais de 130 expositores. E os novos espa\u00e7os, abertos na \u00e1rea do antigo redondel, ganharam ruas pavimentadas com asfalto.<\/p>\n<p>O Parque\u00a0 tamb\u00e9m passa a contar com um novo redondel, com mais espa\u00e7o, estrutura de pista e ilumina\u00e7\u00e3o especial, ocupando uma \u00e1rea tr\u00eas vezes superior ao espa\u00e7o antigo. Tamb\u00e9m ter\u00e1 um complexo de redond\u00e9is estruturado para ovinos, bovinos e equinos. E ainda ter\u00e1 espa\u00e7o exclusivo para passeios de p\u00f4neis, mais seguro para visitantes e para quem curte os tradicionais passeios.<\/p>\n<p>Para o p\u00fablico visitante que optar por ir de ve\u00edculo pr\u00f3prio, ser\u00e3o disponibilizados tr\u00eas estacionamentos privados, com amplia\u00e7\u00e3o de 18 mil metros quadrados para 100 mil metros quadrados. Tamb\u00e9m ter\u00e1 estacionamento exclusivo para expositores\/trabalhadores. J\u00e1 quem optar por se deslocar para o Parque de Exposi\u00e7\u00e3o no transporte coletivo urbano, a Prefeitura de Feira disponibilizou sistema de transbordo gratuito para quem chegar de \u00f4nibus.<\/p>\n<p>O secret\u00e1rio de Agricultura, Silvaney Ara\u00fajo, alerta quem for de transporte pr\u00f3prio ou de ve\u00edculo por aplicativo (carro ou moto) que deve entrar obrigatoriamente pela avenida Noide Cerqueira. J\u00e1 os \u00f4nibus do transporte p\u00fablico ter\u00e3o acesso exclusivo pela BR-324. \u201cCarros, motos e pedestres n\u00e3o poder\u00e3o acessar o Parque de Exposi\u00e7\u00e3o pela BR-324\u201d, adverte.<\/p>\n<div id=\"blogd-4028871482\" class=\"blogd-final-post blogd-entity-placement\"><a href=\"https:\/\/www.feiradesantana.ba.leg.br\/\" target=\"_blank\" aria-label=\"BANNER-SITE_CA\u0302MARA_AGOSTO_728x90px\"><img loading=\"lazy\" decoding=\"async\" src=\"https:\/\/blogdafeira.com.br\/home\/wp-content\/uploads\/2026\/03\/BANNER-SITE_CAMARA_AGOSTO_728x90px.gif\" alt=\"\"  class=\"no-lazyload\" width=\"728\" height=\"90\"   \/><\/a><\/div><p><strong><em>Foto: Washington Nery<\/em><\/strong><\/p>\n<p>&nbsp;<\/p>\n","protected":false},"excerpt":{"rendered":"<p>O Parque de Exposi\u00e7\u00e3o Jo\u00e3o Martins da Silva passa a contar com mais estrutura para movimentar grandes neg\u00f3cios na ExpoFeira que come\u00e7a neste domingo, 6. Hoje, 4, o Prefeito de Feira, Z\u00e9 Ronaldo, recebeu a imprensa no Parque onde mostrou as inova\u00e7\u00f5es e investimentos feitos para garantir o sucesso do evento agropecuario. Conforme ressaltou o<\/p>\n","protected":false},"author":1,"featured_media":73890,"comment_status":"open","ping_status":"open","sticky":false,"template":"","format":"standard","meta":{"cybocfi_hide_featured_image":"","_jetpack_newsletter_access":"","_jetpack_dont_email_post_to_subs":false,"_jetpack_newsletter_tier_id":0,"_jetpack_memberships_contains_paywalled_content":false,"_jetpack_memberships_contains_paid_content":false,"footnotes":"","jetpack_publicize_message":"","jetpack_publicize_feature_enabled":true,"jetpack_social_post_already_shared":true,"jetpack_social_options":{"image_generator_settings":{"template":"highway","default_image_id":0,"font":"","enabled":false},"version":2},"jetpack_post_was_ever_published":false},"categories":[3,603],"tags":[],"class_list":["post-73889","post","type-post","status-publish","format-standard","has-post-thumbnail","hentry","category-cidade","category-destaques"],"jetpack_publicize_connections":[],"jetpack_featured_media_url":"https:\/\/blogdafeira.com.br\/home\/wp-content\/uploads\/2026\/09\/Expofeira-Imprensa-Almoco-Fotos-Washington-Nery-04-09-26-9-1.jpeg","jetpack_shortlink":"https:\/\/wp.me\/p3niVf-jdL","jetpack_sharing_enabled":true,"jetpack-related-posts":[{"id":73608,"url":"https:\/\/blogdafeira.com.br\/home\/2026\/08\/17\/parque-joao-martins-fica-pronto-para-a-expofeira-2026-no-proximo-dia-1\/","url_meta":{"origin":73889,"position":0},"title":"Parque Jo\u00e3o Martins fica pronto para a ExpoFeira 2026 no pr\u00f3ximo dia 1\u00b0","author":"Secom\/FSA","date":"17\/08\/2026","format":false,"excerpt":"A previs\u00e3o \u00e9 que a instala\u00e7\u00e3o f\u00edsica seja conclu\u00edda at\u00e9 1\u00ba de setembro, reservando o per\u00edodo at\u00e9 o dia 5 para adapta\u00e7\u00f5es e testes finais. A Prefeitura de Feira de Santana, por meio da Secretaria Municipal de Agricultura, Recursos H\u00eddricos e Desenvolvimento Rural (Seagri), iniciou a montagem das estruturas para\u2026","rel":"","context":"Em &quot;Cidade&quot;","block_context":{"text":"Cidade","link":"https:\/\/blogdafeira.com.br\/home\/categoria\/cidade\/"},"img":{"alt_text":"","src":"https:\/\/i0.wp.com\/blogdafeira.com.br\/home\/wp-content\/uploads\/2026\/08\/Secretarios-visitam-obras-no-Parque-de-Exposicoes-Foto-Marcelo-Magalhaes-14.jpeg?resize=350%2C200&ssl=1","width":350,"height":200,"srcset":"https:\/\/i0.wp.com\/blogdafeira.com.br\/home\/wp-content\/uploads\/2026\/08\/Secretarios-visitam-obras-no-Parque-de-Exposicoes-Foto-Marcelo-Magalhaes-14.jpeg?resize=350%2C200&ssl=1 1x, https:\/\/i0.wp.com\/blogdafeira.com.br\/home\/wp-content\/uploads\/2026\/08\/Secretarios-visitam-obras-no-Parque-de-Exposicoes-Foto-Marcelo-Magalhaes-14.jpeg?resize=525%2C300&ssl=1 1.5x, https:\/\/i0.wp.com\/blogdafeira.com.br\/home\/wp-content\/uploads\/2026\/08\/Secretarios-visitam-obras-no-Parque-de-Exposicoes-Foto-Marcelo-Magalhaes-14.jpeg?resize=700%2C400&ssl=1 2x, https:\/\/i0.wp.com\/blogdafeira.com.br\/home\/wp-content\/uploads\/2026\/08\/Secretarios-visitam-obras-no-Parque-de-Exposicoes-Foto-Marcelo-Magalhaes-14.jpeg?resize=1050%2C600&ssl=1 3x"},"classes":[]},{"id":57638,"url":"https:\/\/blogdafeira.com.br\/home\/2023\/05\/15\/camara-faz-audiencia-publica-antes-de-cede-hectares-do-parque-de-exposicao-para-o-senarira\/","url_meta":{"origin":73889,"position":1},"title":"C\u00e2mara faz &#8220;audi\u00eancia p\u00fablica&#8221; antes de ceder hectares do Parque de Exposi\u00e7\u00e3o para o SENAR","author":"Secom\/FSA","date":"15\/05\/2023","format":false,"excerpt":"Tr\u00eas hectares da \u00e1rea do Parque de Exposi\u00e7\u00e3o de Feira de Santana, um im\u00f3vel p\u00fablico com mais de 40 anos de exist\u00eancia poder\u00e1 ser ocupado por um Centro voltado para a forma\u00e7\u00e3o rural administrado pelo Senar, \u00f3rgt\u00e3o vinculado \u00e0 Confedera\u00e7\u00e3o Nacional da Agricultura (CNA) hoje presidida pelo pecuarista feirense Jo\u00e3o\u2026","rel":"","context":"Em &quot;Home&quot;","block_context":{"text":"Home","link":"https:\/\/blogdafeira.com.br\/home\/categoria\/raiz\/"},"img":{"alt_text":"","src":"https:\/\/i0.wp.com\/blogdafeira.com.br\/home\/wp-content\/uploads\/2023\/05\/f892de9fb0dcf1425d15d9815ae6bc42.jpg?resize=350%2C200&ssl=1","width":350,"height":200,"srcset":"https:\/\/i0.wp.com\/blogdafeira.com.br\/home\/wp-content\/uploads\/2023\/05\/f892de9fb0dcf1425d15d9815ae6bc42.jpg?resize=350%2C200&ssl=1 1x, https:\/\/i0.wp.com\/blogdafeira.com.br\/home\/wp-content\/uploads\/2023\/05\/f892de9fb0dcf1425d15d9815ae6bc42.jpg?resize=525%2C300&ssl=1 1.5x"},"classes":[]},{"id":68947,"url":"https:\/\/blogdafeira.com.br\/home\/2025\/08\/12\/cerca-de-300-criadores-ja-confirmaram-presenca-na-expofeira-em-setembro\/","url_meta":{"origin":73889,"position":2},"title":"Cerca de 300 criadores j\u00e1 confirmaram presen\u00e7a na ExpoFeira em setembro","author":"Secom\/FSA","date":"12\/08\/2025","format":false,"excerpt":"A 46\u00aa Exposi\u00e7\u00e3o Agropecu\u00e1ria de Feira de Santana (Expofeira 2025),\u00a0 ocorrer\u00e1 no Parque de Exposi\u00e7\u00f5es Jo\u00e3o Martins da Silva, no per\u00edodo de 7 a 14 de setembro. Toda a estrutura para o evento, com a presen\u00e7a de produtores rurais e animais ranqueados de todo o Brasil, foi apresentada pelo prefeito\u2026","rel":"","context":"Em &quot;Cidade&quot;","block_context":{"text":"Cidade","link":"https:\/\/blogdafeira.com.br\/home\/categoria\/cidade\/"},"img":{"alt_text":"","src":"https:\/\/i0.wp.com\/blogdafeira.com.br\/home\/wp-content\/uploads\/2025\/08\/Screenshot_20250812-212216.png?resize=350%2C200&ssl=1","width":350,"height":200,"srcset":"https:\/\/i0.wp.com\/blogdafeira.com.br\/home\/wp-content\/uploads\/2025\/08\/Screenshot_20250812-212216.png?resize=350%2C200&ssl=1 1x, https:\/\/i0.wp.com\/blogdafeira.com.br\/home\/wp-content\/uploads\/2025\/08\/Screenshot_20250812-212216.png?resize=525%2C300&ssl=1 1.5x, https:\/\/i0.wp.com\/blogdafeira.com.br\/home\/wp-content\/uploads\/2025\/08\/Screenshot_20250812-212216.png?resize=700%2C400&ssl=1 2x, https:\/\/i0.wp.com\/blogdafeira.com.br\/home\/wp-content\/uploads\/2025\/08\/Screenshot_20250812-212216.png?resize=1050%2C600&ssl=1 3x"},"classes":[]},{"id":63681,"url":"https:\/\/blogdafeira.com.br\/home\/2024\/09\/09\/presenca-do-senar-na-45a-expofeira-fez-do-parque-uma-grande-escola-diz-colbert\/","url_meta":{"origin":73889,"position":3},"title":"Presen\u00e7a do Senar na 45\u00aa ExpoFeira fez do Parque &#8220;uma grande escola&#8221;, diz Colbert","author":"Secom\/FSA","date":"09\/09\/2024","format":false,"excerpt":"A 45\u00aa Exposi\u00e7\u00e3o Agropecu\u00e1ria de Feira de Santana (ExpoFeira), realizada de 1\u00ba de setembro at\u00e9 ontem (domingo,8), no Parque de Exposi\u00e7\u00e3o Jo\u00e3o Martins da Silva, atraiu um p\u00fablico diversificado e de diversas faixas et\u00e1rias. Trouxe minha fam\u00edlia para passearmos e para meus filhos conhecerem a Expofeira e terem contato com\u2026","rel":"","context":"Em &quot;Cidade&quot;","block_context":{"text":"Cidade","link":"https:\/\/blogdafeira.com.br\/home\/categoria\/cidade\/"},"img":{"alt_text":"","src":"https:\/\/i0.wp.com\/blogdafeira.com.br\/home\/wp-content\/uploads\/2024\/09\/WhatsApp-Image-2024-09-08-at-21.09.26-1-scaled.jpeg?resize=350%2C200&ssl=1","width":350,"height":200,"srcset":"https:\/\/i0.wp.com\/blogdafeira.com.br\/home\/wp-content\/uploads\/2024\/09\/WhatsApp-Image-2024-09-08-at-21.09.26-1-scaled.jpeg?resize=350%2C200&ssl=1 1x, https:\/\/i0.wp.com\/blogdafeira.com.br\/home\/wp-content\/uploads\/2024\/09\/WhatsApp-Image-2024-09-08-at-21.09.26-1-scaled.jpeg?resize=525%2C300&ssl=1 1.5x, https:\/\/i0.wp.com\/blogdafeira.com.br\/home\/wp-content\/uploads\/2024\/09\/WhatsApp-Image-2024-09-08-at-21.09.26-1-scaled.jpeg?resize=700%2C400&ssl=1 2x, https:\/\/i0.wp.com\/blogdafeira.com.br\/home\/wp-content\/uploads\/2024\/09\/WhatsApp-Image-2024-09-08-at-21.09.26-1-scaled.jpeg?resize=1050%2C600&ssl=1 3x, https:\/\/i0.wp.com\/blogdafeira.com.br\/home\/wp-content\/uploads\/2024\/09\/WhatsApp-Image-2024-09-08-at-21.09.26-1-scaled.jpeg?resize=1400%2C800&ssl=1 4x"},"classes":[]},{"id":69453,"url":"https:\/\/blogdafeira.com.br\/home\/2025\/09\/08\/previsao-e-que-cerca-de-300-mil-pessoas-visitem-a-expofeira-ate-o-proximo-domingo\/","url_meta":{"origin":73889,"position":4},"title":"Previs\u00e3o \u00e9 que cerca de 300 mil pessoas visitem a ExpoFeira at\u00e9 domingo","author":"Secom\/FSA","date":"08\/09\/2025","format":false,"excerpt":"Foi oficialmente aberta, ontem(domingo 7) a 46\u00aa Exposi\u00e7\u00e3o Agropecu\u00e1ria de Feira de Santana (Expofeira 2025), um dos eventos mais tradicionais do calend\u00e1rio agropecu\u00e1rio do interior da Bahia. A cerim\u00f4nia de abertura contou com a presen\u00e7a de importantes autoridades.e.representantes do setor agropecu\u00e1rio,\u00a0 incluindo o prefeito Z\u00e9 Ronaldo de Carvalho, o governador\u2026","rel":"","context":"Em &quot;Economia&quot;","block_context":{"text":"Economia","link":"https:\/\/blogdafeira.com.br\/home\/categoria\/economia\/"},"img":{"alt_text":"","src":"https:\/\/i0.wp.com\/blogdafeira.com.br\/home\/wp-content\/uploads\/2025\/09\/Expofeira-Prefeito-Abertura-Fotos-Washington-Nery-07-09-25-5.jpeg?resize=350%2C200&ssl=1","width":350,"height":200,"srcset":"https:\/\/i0.wp.com\/blogdafeira.com.br\/home\/wp-content\/uploads\/2025\/09\/Expofeira-Prefeito-Abertura-Fotos-Washington-Nery-07-09-25-5.jpeg?resize=350%2C200&ssl=1 1x, https:\/\/i0.wp.com\/blogdafeira.com.br\/home\/wp-content\/uploads\/2025\/09\/Expofeira-Prefeito-Abertura-Fotos-Washington-Nery-07-09-25-5.jpeg?resize=525%2C300&ssl=1 1.5x, https:\/\/i0.wp.com\/blogdafeira.com.br\/home\/wp-content\/uploads\/2025\/09\/Expofeira-Prefeito-Abertura-Fotos-Washington-Nery-07-09-25-5.jpeg?resize=700%2C400&ssl=1 2x, https:\/\/i0.wp.com\/blogdafeira.com.br\/home\/wp-content\/uploads\/2025\/09\/Expofeira-Prefeito-Abertura-Fotos-Washington-Nery-07-09-25-5.jpeg?resize=1050%2C600&ssl=1 3x"},"classes":[]},{"id":73679,"url":"https:\/\/blogdafeira.com.br\/home\/2026\/08\/21\/todos-espacos-comerciais-da-expofeira-reservados-mas-ha-inadimplencia\/","url_meta":{"origin":73889,"position":5},"title":"Todos os espa\u00e7os comerciais da Expofeira est\u00e3o reservados mas h\u00e1 inadimpl\u00eancia","author":"Secom\/FSA","date":"21\/08\/2026","format":false,"excerpt":"Todos os espa\u00e7os comerciais da ExpoFeira 2026 foram reservados. Entretanto, alguns ainda n\u00e3o confirmaram os pagamentos do DAM (Documento de Arrecada\u00e7\u00e3o Municipal), com o valor correspondente \u00e0 \u00e1rea ocupada. Essas pessoas, f\u00edsicas ou jur\u00eddicas, est\u00e3o sendo contactadas pela Secretaria de Agricultura para que confirmem ou n\u00e3o o interesse em participar\u2026","rel":"","context":"Em &quot;Destaques&quot;","block_context":{"text":"Destaques","link":"https:\/\/blogdafeira.com.br\/home\/categoria\/destaques\/"},"img":{"alt_text":"","src":"https:\/\/i0.wp.com\/blogdafeira.com.br\/home\/wp-content\/uploads\/2026\/08\/Parque-de-exposicoes-21-08-2026-Foto-Gabriel-Calazans-3.jpeg?resize=350%2C200&ssl=1","width":350,"height":200,"srcset":"https:\/\/i0.wp.com\/blogdafeira.com.br\/home\/wp-content\/uploads\/2026\/08\/Parque-de-exposicoes-21-08-2026-Foto-Gabriel-Calazans-3.jpeg?resize=350%2C200&ssl=1 1x, https:\/\/i0.wp.com\/blogdafeira.com.br\/home\/wp-content\/uploads\/2026\/08\/Parque-de-exposicoes-21-08-2026-Foto-Gabriel-Calazans-3.jpeg?resize=525%2C300&ssl=1 1.5x, https:\/\/i0.wp.com\/blogdafeira.com.br\/home\/wp-content\/uploads\/2026\/08\/Parque-de-exposicoes-21-08-2026-Foto-Gabriel-Calazans-3.jpeg?resize=700%2C400&ssl=1 2x, https:\/\/i0.wp.com\/blogdafeira.com.br\/home\/wp-content\/uploads\/2026\/08\/Parque-de-exposicoes-21-08-2026-Foto-Gabriel-Calazans-3.jpeg?resize=1050%2C600&ssl=1 3x"},"classes":[]}],"_links":{"self":[{"href":"https:\/\/blogdafeira.com.br\/home\/wp-json\/wp\/v2\/posts\/73889","targetHints":{"allow":["GET"]}}],"collection":[{"href":"https:\/\/blogdafeira.com.br\/home\/wp-json\/wp\/v2\/posts"}],"about":[{"href":"https:\/\/blogdafeira.com.br\/home\/wp-json\/wp\/v2\/types\/post"}],"author":[{"embeddable":true,"href":"https:\/\/blogdafeira.com.br\/home\/wp-json\/wp\/v2\/users\/1"}],"replies":[{"embeddable":true,"href":"https:\/\/blogdafeira.com.br\/home\/wp-json\/wp\/v2\/comments?post=73889"}],"version-history":[{"count":1,"href":"https:\/\/blogdafeira.com.br\/home\/wp-json\/wp\/v2\/posts\/73889\/revisions"}],"predecessor-version":[{"id":73891,"href":"https:\/\/blogdafeira.com.br\/home\/wp-json\/wp\/v2\/posts\/73889\/revisions\/73891"}],"wp:featuredmedia":[{"embeddable":true,"href":"https:\/\/blogdafeira.com.br\/home\/wp-json\/wp\/v2\/media\/73890"}],"wp:attachment":[{"href":"https:\/\/blogdafeira.com.br\/home\/wp-json\/wp\/v2\/media?parent=73889"}],"wp:term":[{"taxonomy":"category","embeddable":true,"href":"https:\/\/blogdafeira.com.br\/home\/wp-json\/wp\/v2\/categories?post=73889"},{"taxonomy":"post_tag","embeddable":true,"href":"https:\/\/blogdafeira.com.br\/home\/wp-json\/wp\/v2\/tags?post=73889"}],"curies":[{"name":"wp","href":"https:\/\/api.w.org\/{rel}","templated":true}]}}