{"id":73902,"date":"2026-09-05T20:10:55","date_gmt":"2026-09-05T23:10:55","guid":{"rendered":"https:\/\/blogdafeira.com.br\/home\/?p=73902"},"modified":"2026-09-05T20:10:55","modified_gmt":"2026-09-05T23:10:55","slug":"do-supremo-do-imperio-ao-stf-crise-de-confianca-atravessa-os-seculos","status":"publish","type":"post","link":"https:\/\/blogdafeira.com.br\/home\/2026\/09\/05\/do-supremo-do-imperio-ao-stf-crise-de-confianca-atravessa-os-seculos\/","title":{"rendered":"Do Supremo do Imp\u00e9rio ao STF: crise de confian\u00e7a atravessa os s\u00e9culos"},"content":{"rendered":"<div id=\"blogd-924440137\" class=\"blogd-fim-do-post-mobile blogd-entity-placement\" style=\"margin-left: auto;margin-right: auto;text-align: center;\"><a href=\"https:\/\/expofeira.ba.gov.br\/\" target=_blank><picture>\r\n  <source media=\"(min-width: 768px)\" srcset=\"https:\/\/blogdafeira.com.br\/home\/wp-content\/uploads\/2026\/08\/980x1503.gif\">\r\n  \r\n  <img decoding=\"async\" src=\"https:\/\/blogdafeira.com.br\/home\/wp-content\/uploads\/2026\/08\/350x2005.gif\" alt=\"Publicidade\" style=\"width: 100%; max-width: 100%; height: auto; display: block; margin: 0 auto;\">\r\n\t<\/picture><\/a><\/div><p>Em 28 de fevereiro de 1891 o STF &#8211; Supremo Tribunal Federal realizou sua primeira sess\u00e3o, no Rio de Janeiro, ent\u00e3o capital. Vingava com a nova ordem republicana, uma institui\u00e7\u00e3o destinada a exercer papel central na defesa da Constitui\u00e7\u00e3o e no equil\u00edbrio entre os Poderes. Agora o STF completou 135. Mas, que Supremo temos hoje e que Supremo queremos para o futuro? Com o passar dos anos a ferrugem corroeu a institui\u00e7\u00e3o neste Brasil em que todo mundo, de uma forma ou de outra se locupleta. A pol\u00edtica e a Justi\u00e7a irmanadas na tese \u201cEi, voc\u00ea a\u00ed, me d\u00e1 um dinheiro a\u00ed\u201d, como fala uma velha marchinha de Carnaval.<\/p>\n<p>O STF e outros vivem h\u00e1 anos uma crise de confian\u00e7a perante a sociedade. Decis\u00f5es controversas, protagonismo crescente em quest\u00f5es pol\u00edticas, embates com o Congresso, investiga\u00e7\u00f5es envolvendo autoridades e a exposi\u00e7\u00e3o p\u00fablica de seus ministros alimentam a percep\u00e7\u00e3o de que a Corte, em determinados momentos, deixou de ser apenas a guardi\u00e3 da Constitui\u00e7\u00e3o para ocupar um espa\u00e7o de poder pol\u00edtico que desperta desconforto.<\/p>\n<p>L\u00e1 no per\u00edodo imperial brasileiro, havia o Supremo Tribunal de Justi\u00e7a. A Constitui\u00e7\u00e3o de 1824 determinou a exist\u00eancia da Corte, composta por ju\u00edzes letrados escolhidos entre magistrados das Rela\u00e7\u00f5es. A Lei de 18 de setembro de 1828 regulamentou sua cria\u00e7\u00e3o e suas atribui\u00e7\u00f5es. Mas j\u00e1 come\u00e7ou corrompido. O Judici\u00e1rio imperial n\u00e3o possu\u00eda o mesmo papel constitucional que viria a assumir na Rep\u00fablica. O Supremo Tribunal de Justi\u00e7a n\u00e3o era uma corte constitucional nos moldes que posteriormente se consolidariam. N\u00e3o tinha, por exemplo, o poder de exercer o controle de constitucionalidade das leis como o STF faz atualmente.<\/p>\n<p>Sem falar que a pol\u00edtica do Imp\u00e9rio colocava a magistratura dentro de uma estrutura na qual a influ\u00eancia do Poder Executivo era significativa. A independ\u00eancia judicial, portanto, estava longe de possuir as garantias e a concep\u00e7\u00e3o institucional que seriam constru\u00eddas posteriormente. O resultado foi um Judici\u00e1rio com autoridade limitada e submetido \u00e0s caracter\u00edsticas de um regime centralizador.<\/p>\n<p>Na chegada da Rep\u00fablica, em 1889, n\u00e3o se tratou simplesmente de trocar a placa de uma institui\u00e7\u00e3o. A mudan\u00e7a de regime exigia uma nova arquitetura constitucional. Surge o Supremo Tribunal Federal. A Constitui\u00e7\u00e3o republicana de 1891 estabeleceu o STF como \u00f3rg\u00e3o de c\u00fapula do Judici\u00e1rio nacional, com inspira\u00e7\u00e3o no modelo da Suprema Corte dos Estados Unidos (que tamb\u00e9m vai mal das pernas), dentro de uma concep\u00e7\u00e3o de federalismo, separa\u00e7\u00e3o dos Poderes e prote\u00e7\u00e3o das garantias individuais.<\/p>\n<p>Seu primeiro presidente interino foi Jo\u00e3o Evangelista de Negreiros Say\u00e3o Lobato, o Visconde de Sabar\u00e1, que havia presidido o antigo Supremo Tribunal de Justi\u00e7a. As raposas republicanas chegavam de olho na limita\u00e7\u00e3o do poder do estado. O Supremo foi criado para impedir que o poder pol\u00edtico fosse absoluto. Mas j\u00e1 se transformava rapidamente &#8211; ele pr\u00f3prio -em um poder absoluto.<\/p>\n<p>O Brasil de 2026 det\u00e9m uma Constitui\u00e7\u00e3o que atribui ao STF enorme conjunto de compet\u00eancias. A Corte julga a\u00e7\u00f5es de controle de constitucionalidade, conflitos entre institui\u00e7\u00f5es, processos envolvendo autoridades e uma infinidade de quest\u00f5es que chegam ao Tribunal direta ou indiretamente. A quest\u00e3o n\u00e3o \u00e9 a exist\u00eancia dessas compet\u00eancias. A quest\u00e3o \u00e9 que em dados momentos percebe-se que o STF entra na disputa pol\u00edtica fazendo parte desse Fla-Flu que vivemos hoje entre direita e esquerda.<\/p>\n<p>Seus componentes ocupam espa\u00e7o permanente nos notici\u00e1rios. Decis\u00f5es individuais ganham enorme repercuss\u00e3o. Inqu\u00e9ritos e medidas cautelares envolvendo figuras pol\u00edticas produziram discuss\u00f5es sobre os limites entre Judici\u00e1rio, Minist\u00e9rio P\u00fablico, Pol\u00edcia e Poder Legislativo. \u00c9 leg\u00edtimo que o Supremo cumpra sua miss\u00e3o constitucional. Mas temos direitos a perguntar se todos os seus atos est\u00e3o contribuindo para fortalecer ou enfraquecer a confian\u00e7a na institui\u00e7\u00e3o. Sem confian\u00e7a n\u00e3o d\u00e1.<\/p>\n<p>O STF perdeu seu charme de ser um lugar culto e isento, cora\u00e7\u00e3o do cidad\u00e3o e guardi\u00e3o da Constitui\u00e7\u00e3o. Hoje \u00e9 uma ferida aberta origin\u00e1ria de um modelo brasileiro desde sua origem republicana: a escolha dos ministros pelo presidente da Rep\u00fablica, sujeita \u00e0 aprova\u00e7\u00e3o do Senado. O sistema \u00e9 constitucional. Portanto, n\u00e3o se trata de ilegalidade. Mas legalidade n\u00e3o significa necessariamente que o modelo seja perfeito. Quando um presidente escolhe para o Supremo algu\u00e9m que lhe \u00e9 politicamente pr\u00f3ximo, surge inevitavelmente a suspeita de que a nomea\u00e7\u00e3o possa carregar expectativa de gratid\u00e3o futura. Quando o indicado possui trajet\u00f3ria pol\u00edtica muito mais evidente do que uma reconhecida atua\u00e7\u00e3o jur\u00eddica, a desconfian\u00e7a aumenta. Vale para qualquer presidente, de qualquer partido: Lula, Bolsonaro, Temer, Dilma ou Fernando Henrique Cardoso.<\/p>\n<p>A quest\u00e3o est\u00e1 no fato do sistema permitir ao chefe do Executivo escolher quem poder\u00e1, no futuro, julgar quest\u00f5es que envolvam seu pr\u00f3prio governo, seus aliados ou seus advers\u00e1rios. E quando se acrescenta um pouco de pimenta que \u00e9 um Senado que frequentemente atua de acordo com seus interesses pol\u00edticos e n\u00e3o do pa\u00eds, a independ\u00eancia percebida da Corte fica inevitavelmente sob suspeita. \u00c9, claro, vergonhoso o que se passa. Um p\u00e9ssimo espet\u00e1culo.<\/p>\n<p>Ministro do Supremo n\u00e3o deveria ser celebridade, cabo eleitoral, comentarista pol\u00edtico ou protagonista de guerra ideol\u00f3gica. Deveria ser juiz. O curioso nesse lamento todo \u00e9 que a hist\u00f3ria ensinou uma li\u00e7\u00e3o. O Supremo Tribunal de Justi\u00e7a do Imp\u00e9rio nasceu com limita\u00e7\u00f5es porque o sistema pol\u00edtico n\u00e3o queria conceder ao Judici\u00e1rio um poder capaz de confrontar os demais centros de autoridade. A Rep\u00fablica rompeu com esse modelo e criou uma Suprema Corte mais forte, concebida para proteger a Constitui\u00e7\u00e3o e os direitos individuais. Pois 135 anos depois estamos diante de outro problema: uma Corte que conquistou enorme poder e precisa encontrar os limites desse pr\u00f3prio poder.<\/p>\n<p>Claro que o Brasil precisa de um Supremo forte. Juridicamente, n\u00e3o politicamente. Precisa ter crit\u00e9rios mais rigorosos para nomea\u00e7\u00e3o, quarentenas para ocupantes de cargos pol\u00edticos, maior transpar\u00eancia nos procedimentos e limites mais claros para decis\u00f5es monocr\u00e1ticas e impedir paix\u00f5es partid\u00e1rias. Em 1891, a Rep\u00fablica criou o STF para substituir uma estrutura judicial considerada inadequada \u00e0 nova ordem constitucional. Hoje, tanto tempo depois, a pr\u00f3pria Rep\u00fablica precisa perguntar avaliar se o modelo que construiu continua adequado ao pa\u00eds. A hist\u00f3ria tem dessas ironias.<\/p>\n<div id=\"blogd-3306425459\" class=\"blogd-final-post blogd-entity-placement\"><a href=\"https:\/\/www.feiradesantana.ba.leg.br\/\" target=\"_blank\" aria-label=\"BANNER-SITE_CA\u0302MARA_AGOSTO_728x90px\"><img loading=\"lazy\" decoding=\"async\" src=\"https:\/\/blogdafeira.com.br\/home\/wp-content\/uploads\/2026\/03\/BANNER-SITE_CAMARA_AGOSTO_728x90px.gif\" alt=\"\"  class=\"no-lazyload\" width=\"728\" height=\"90\"   \/><\/a><\/div><p><span style=\"font-size: 12px;\">Foto: Plen\u00e1rio do STF no Rio de Janeiro, antes da transfer\u00eancia para Bras\u00edlia. STF\/divulga\u00e7\u00e3o\u00a0<\/span><\/p>\n","protected":false},"excerpt":{"rendered":"<p>Em 28 de fevereiro de 1891 o STF &#8211; Supremo Tribunal Federal realizou sua primeira sess\u00e3o, no Rio de Janeiro, ent\u00e3o capital. Vingava com a nova ordem republicana, uma institui\u00e7\u00e3o destinada a exercer papel central na defesa da Constitui\u00e7\u00e3o e no equil\u00edbrio entre os Poderes. Agora o STF completou 135. Mas, que Supremo temos hoje<\/p>\n","protected":false},"author":23,"featured_media":73903,"comment_status":"open","ping_status":"open","sticky":false,"template":"","format":"standard","meta":{"cybocfi_hide_featured_image":"","_jetpack_newsletter_access":"","_jetpack_dont_email_post_to_subs":false,"_jetpack_newsletter_tier_id":0,"_jetpack_memberships_contains_paywalled_content":false,"_jetpack_memberships_contains_paid_content":false,"footnotes":"","jetpack_publicize_message":"","jetpack_publicize_feature_enabled":true,"jetpack_social_post_already_shared":true,"jetpack_social_options":{"image_generator_settings":{"template":"highway","default_image_id":0,"font":"","enabled":false},"version":2},"jetpack_post_was_ever_published":false},"categories":[592,603],"tags":[],"class_list":["post-73902","post","type-post","status-publish","format-standard","has-post-thumbnail","hentry","category-colunistas","category-destaques"],"jetpack_publicize_connections":[],"jetpack_featured_media_url":"https:\/\/blogdafeira.com.br\/home\/wp-content\/uploads\/2026\/09\/plenarioa.jpg","jetpack_shortlink":"https:\/\/wp.me\/p3niVf-jdY","jetpack_sharing_enabled":true,"jetpack-related-posts":[{"id":1920,"url":"https:\/\/blogdafeira.com.br\/home\/2013\/05\/24\/indicado-de-dilma-para-stf-roberto-barroso-fez-palestra-hoje-em-salvador\/","url_meta":{"origin":73902,"position":0},"title":"Indicado de Dilma para STF, Roberto Barroso fez palestra hoje em Salvador","author":"Blog da Feira","date":"24\/05\/2013","format":false,"excerpt":"Rec\u00e9m-indicado pela presidenta Dilma Roussef para ocupar vaga de ministro no Supremo Tribunal Federal (STF),o advogado Luis Roberto Barroso foi um dos palestrantes do 13\u00ba Congresso Brasileiro de Direito do Estado que foi encerrado nesta sexta-feira, em Salvador. Constitucionalista e professor titular de Direito Constitucional da Universidade Estadual do Rio\u2026","rel":"","context":"Em &quot;Cidade&quot;","block_context":{"text":"Cidade","link":"https:\/\/blogdafeira.com.br\/home\/categoria\/cidade\/"},"img":{"alt_text":"congresso_direito_24052013_palestra","src":"https:\/\/i0.wp.com\/blogdafeira.com.br\/home\/wp-content\/uploads\/2013\/05\/congresso_direito_24052013_palestra.jpg?resize=350%2C200","width":350,"height":200,"srcset":"https:\/\/i0.wp.com\/blogdafeira.com.br\/home\/wp-content\/uploads\/2013\/05\/congresso_direito_24052013_palestra.jpg?resize=350%2C200 1x, https:\/\/i0.wp.com\/blogdafeira.com.br\/home\/wp-content\/uploads\/2013\/05\/congresso_direito_24052013_palestra.jpg?resize=525%2C300 1.5x"},"classes":[]},{"id":46426,"url":"https:\/\/blogdafeira.com.br\/home\/2021\/07\/13\/stf-nao-e-templo-religioso\/","url_meta":{"origin":73902,"position":1},"title":"STF n\u00e3o \u00e9 templo religioso","author":"Luis Santos","date":"13\/07\/2021","format":false,"excerpt":"O presidente da Rep\u00fablica Federativa do Brasil, Jair Messias Bolsonaro (sem partido), indicou o nome de Andr\u00e9 Luiz de Almeida Mendon\u00e7a para a vaga de ministro deixada pelo decano do Supremo Tribunal Federal (STF), Marco Aur\u00e9lio Mendes de Farias Mello. Aposentado, Marco Aur\u00e9lio deixou a Corte nesta segunda feira, 12,\u2026","rel":"","context":"Em &quot;Colunistas&quot;","block_context":{"text":"Colunistas","link":"https:\/\/blogdafeira.com.br\/home\/categoria\/colunistas\/"},"img":{"alt_text":"","src":"https:\/\/i0.wp.com\/blogdafeira.com.br\/home\/wp-content\/uploads\/2021\/07\/stf-crucifixo.jpg?resize=350%2C200&ssl=1","width":350,"height":200,"srcset":"https:\/\/i0.wp.com\/blogdafeira.com.br\/home\/wp-content\/uploads\/2021\/07\/stf-crucifixo.jpg?resize=350%2C200&ssl=1 1x, https:\/\/i0.wp.com\/blogdafeira.com.br\/home\/wp-content\/uploads\/2021\/07\/stf-crucifixo.jpg?resize=525%2C300&ssl=1 1.5x, https:\/\/i0.wp.com\/blogdafeira.com.br\/home\/wp-content\/uploads\/2021\/07\/stf-crucifixo.jpg?resize=700%2C400&ssl=1 2x"},"classes":[]},{"id":16729,"url":"https:\/\/blogdafeira.com.br\/home\/2015\/09\/18\/governador-da-bahia-comemora-decisao-do-stf-sobre-doacao-de-campanha\/","url_meta":{"origin":73902,"position":2},"title":"Governador da Bahia comemora decis\u00e3o do STF sobre doa\u00e7\u00e3o de campanha","author":"Blog da Feira","date":"18\/09\/2015","format":false,"excerpt":"\u00a0\"Sou absolutamente favor\u00e1vel e estou comemorando a decis\u00e3o do STF\". A afirma\u00e7\u00e3o \u00e9 do governador \u00a0da Bahia, Rui Costa, que comentou a proibi\u00e7\u00e3o, pelo Supremo Tribunal Federal, de doa\u00e7\u00e3o de empresas para partidos pol\u00edticos e campanhas eleitorais no pa\u00eds. A declara\u00e7\u00e3o foi dada \u00e0 imprensa durante o 4\u00ba Encontro de\u2026","rel":"","context":"Em &quot;Home&quot;","block_context":{"text":"Home","link":"https:\/\/blogdafeira.com.br\/home\/categoria\/raiz\/"},"img":{"alt_text":"RUI COSTA (1)","src":"https:\/\/i0.wp.com\/blogdafeira.com.br\/home\/wp-content\/uploads\/2015\/03\/RUI-COSTA-1-1024x768.jpg?resize=350%2C200","width":350,"height":200,"srcset":"https:\/\/i0.wp.com\/blogdafeira.com.br\/home\/wp-content\/uploads\/2015\/03\/RUI-COSTA-1-1024x768.jpg?resize=350%2C200 1x, https:\/\/i0.wp.com\/blogdafeira.com.br\/home\/wp-content\/uploads\/2015\/03\/RUI-COSTA-1-1024x768.jpg?resize=525%2C300 1.5x"},"classes":[]},{"id":3593,"url":"https:\/\/blogdafeira.com.br\/home\/2013\/07\/16\/operacao-voucher-colbert-espera-que-o-stf-julgue-logo-o-processo\/","url_meta":{"origin":73902,"position":3},"title":"&#8216;Opera\u00e7\u00e3o Voucher&#8217;: Colbert espera que o STF julgue logo o processo","author":"Blog da Feira","date":"16\/07\/2013","format":false,"excerpt":"A Controladoria Geral da Uni\u00e3o (CGU) inocenta o deputado federal Colbert Martins Filho (PMDB) de qualquer conduta irregular quando ele exercia a fun\u00e7\u00e3o de secret\u00e1rio nacional de Desenvolvimento de Programas de Turismo. \u201cA CGU \u00e9, reconhecidamente, um \u00f3rg\u00e3o s\u00e9rio e esta \u00e9 a primeira prova da minha inoc\u00eancia\u201d, destaca o\u2026","rel":"","context":"Em &quot;Home&quot;","block_context":{"text":"Home","link":"https:\/\/blogdafeira.com.br\/home\/categoria\/raiz\/"},"img":{"alt_text":"colbert plen\u00e1rio","src":"https:\/\/i0.wp.com\/blogdafeira.com.br\/home\/wp-content\/uploads\/2013\/06\/colbert-plen%C3%A1rio-98x150.jpg?resize=350%2C200","width":350,"height":200},"classes":[]},{"id":66201,"url":"https:\/\/blogdafeira.com.br\/home\/2025\/03\/15\/dias-tofolli-recebe-titulo-de-cidadao-baiano-e-agradece-a-wagner-pelo-ingresso-dele-no-stf\/","url_meta":{"origin":73902,"position":4},"title":"Dias Tofolli recebe t\u00edtulo de &#8216;Cidad\u00e3o Baiano&#8217; e  agradece a Wagner pelo ingresso dele no STF","author":"Blog da Feira","date":"15\/03\/2025","format":false,"excerpt":"A outorga do t\u00edtulo de Cidad\u00e3o Baiano ao ministro do Supremo Tribunal Federal (STF), Dias Toffoli, e ao procurador-geral da Rep\u00fablica, Paulo Gonet, ontem, na Assembleia Legislativa da Bahia, aconteceu em um cen\u00e1rio de emo\u00e7\u00e3o e amabilidades mas um agradecimento p\u00fablico feito por Tofolli ao senador Jaques Wagner e esposa\u2026","rel":"","context":"Em &quot;Home&quot;","block_context":{"text":"Home","link":"https:\/\/blogdafeira.com.br\/home\/categoria\/raiz\/"},"img":{"alt_text":"","src":"https:\/\/i0.wp.com\/blogdafeira.com.br\/home\/wp-content\/uploads\/2025\/03\/IMG-20250314-WA0051.jpg?resize=350%2C200&ssl=1","width":350,"height":200,"srcset":"https:\/\/i0.wp.com\/blogdafeira.com.br\/home\/wp-content\/uploads\/2025\/03\/IMG-20250314-WA0051.jpg?resize=350%2C200&ssl=1 1x, https:\/\/i0.wp.com\/blogdafeira.com.br\/home\/wp-content\/uploads\/2025\/03\/IMG-20250314-WA0051.jpg?resize=525%2C300&ssl=1 1.5x, https:\/\/i0.wp.com\/blogdafeira.com.br\/home\/wp-content\/uploads\/2025\/03\/IMG-20250314-WA0051.jpg?resize=700%2C400&ssl=1 2x, https:\/\/i0.wp.com\/blogdafeira.com.br\/home\/wp-content\/uploads\/2025\/03\/IMG-20250314-WA0051.jpg?resize=1050%2C600&ssl=1 3x, https:\/\/i0.wp.com\/blogdafeira.com.br\/home\/wp-content\/uploads\/2025\/03\/IMG-20250314-WA0051.jpg?resize=1400%2C800&ssl=1 4x"},"classes":[]},{"id":65604,"url":"https:\/\/blogdafeira.com.br\/home\/2025\/02\/10\/deputado-do-psol-comemora-queda-de-adolfo-menezes-venceu-a-democracia\/","url_meta":{"origin":73902,"position":5},"title":"Deputado do PSOL comemora queda de Adolfo Menezes: &#8220;venceu a democracia&#8221;","author":"Blog da Feira","date":"10\/02\/2025","format":false,"excerpt":"O deputado Hilton Coelho, do PSOL comemorou a queda do deputado Adolfo Menezes da Presid\u00eancia da Assembleia Legislativa da Bahia: \"venceu a democracia\". O psolista \u00e9 o autor da a\u00e7\u00e3o judicial que levou o Supremo Tribunal Federal a conceder liminar\u00a0 destituindo o deputado do cargo. No lugar de Adolfo Menezes\u2026","rel":"","context":"Em &quot;Home&quot;","block_context":{"text":"Home","link":"https:\/\/blogdafeira.com.br\/home\/categoria\/raiz\/"},"img":{"alt_text":"","src":"https:\/\/i0.wp.com\/blogdafeira.com.br\/home\/wp-content\/uploads\/2025\/02\/images-23.jpeg?resize=350%2C200&ssl=1","width":350,"height":200,"srcset":"https:\/\/i0.wp.com\/blogdafeira.com.br\/home\/wp-content\/uploads\/2025\/02\/images-23.jpeg?resize=350%2C200&ssl=1 1x, https:\/\/i0.wp.com\/blogdafeira.com.br\/home\/wp-content\/uploads\/2025\/02\/images-23.jpeg?resize=525%2C300&ssl=1 1.5x"},"classes":[]}],"_links":{"self":[{"href":"https:\/\/blogdafeira.com.br\/home\/wp-json\/wp\/v2\/posts\/73902","targetHints":{"allow":["GET"]}}],"collection":[{"href":"https:\/\/blogdafeira.com.br\/home\/wp-json\/wp\/v2\/posts"}],"about":[{"href":"https:\/\/blogdafeira.com.br\/home\/wp-json\/wp\/v2\/types\/post"}],"author":[{"embeddable":true,"href":"https:\/\/blogdafeira.com.br\/home\/wp-json\/wp\/v2\/users\/23"}],"replies":[{"embeddable":true,"href":"https:\/\/blogdafeira.com.br\/home\/wp-json\/wp\/v2\/comments?post=73902"}],"version-history":[{"count":1,"href":"https:\/\/blogdafeira.com.br\/home\/wp-json\/wp\/v2\/posts\/73902\/revisions"}],"predecessor-version":[{"id":73904,"href":"https:\/\/blogdafeira.com.br\/home\/wp-json\/wp\/v2\/posts\/73902\/revisions\/73904"}],"wp:featuredmedia":[{"embeddable":true,"href":"https:\/\/blogdafeira.com.br\/home\/wp-json\/wp\/v2\/media\/73903"}],"wp:attachment":[{"href":"https:\/\/blogdafeira.com.br\/home\/wp-json\/wp\/v2\/media?parent=73902"}],"wp:term":[{"taxonomy":"category","embeddable":true,"href":"https:\/\/blogdafeira.com.br\/home\/wp-json\/wp\/v2\/categories?post=73902"},{"taxonomy":"post_tag","embeddable":true,"href":"https:\/\/blogdafeira.com.br\/home\/wp-json\/wp\/v2\/tags?post=73902"}],"curies":[{"name":"wp","href":"https:\/\/api.w.org\/{rel}","templated":true}]}}