{"id":73906,"date":"2026-09-06T00:56:22","date_gmt":"2026-09-06T03:56:22","guid":{"rendered":"https:\/\/blogdafeira.com.br\/home\/?p=73906"},"modified":"2026-09-06T01:22:08","modified_gmt":"2026-09-06T04:22:08","slug":"expofeira-abre-hoje-com-apenas-dois-leiloes-mas-os-negocios-e-a-diversificacao-aumentaram","status":"publish","type":"post","link":"https:\/\/blogdafeira.com.br\/home\/2026\/09\/06\/expofeira-abre-hoje-com-apenas-dois-leiloes-mas-os-negocios-e-a-diversificacao-aumentaram\/","title":{"rendered":"Expofeira abre hoje com apenas dois leil\u00f5es mas boas expectativas de neg\u00f3cios"},"content":{"rendered":"<div id=\"blogd-1992388435\" class=\"blogd-fim-do-post-mobile blogd-entity-placement\" style=\"margin-left: auto;margin-right: auto;text-align: center;\"><a href=\"https:\/\/expofeira.ba.gov.br\/\" target=_blank><picture>\r\n  <source media=\"(min-width: 768px)\" srcset=\"https:\/\/blogdafeira.com.br\/home\/wp-content\/uploads\/2026\/08\/980x1503.gif\">\r\n  \r\n  <img decoding=\"async\" src=\"https:\/\/blogdafeira.com.br\/home\/wp-content\/uploads\/2026\/08\/350x2005.gif\" alt=\"Publicidade\" style=\"width: 100%; max-width: 100%; height: auto; display: block; margin: 0 auto;\">\r\n\t<\/picture><\/a><\/div><p>No auge do circuito de leil\u00f5es, durante o per\u00edodo da ExpoFeira, chegaram a acontecer, numa s\u00f3 edi\u00e7\u00e3o, at\u00e9 seis leil\u00f5es de animais: Leil\u00e3o Guzer\u00e1 (Dose Dupla\/Bahia e Sergipe), Nelore Jacuricy, Leil\u00e3o Nelore de Elite.(s\u00f3 para convidados), de Cavalos Mangalarga Marchador, Campolina\u00a0 e leil\u00e3o de Ovinos\/Caprinos (Santa In\u00eas e Dorper).<\/p>\n<p>Na 47\u00aa Exposi\u00e7\u00e3o Agropecu\u00e1ria de Feira de Santana que ser\u00e1 aberta neste domingo, 6,\u00a0 no Parque de Exposi\u00e7\u00e3o Jo\u00e3o Martins da Silva, est\u00e3o programados apenas dois leil\u00f5es presenciais, de cavalo quarto de milha e nelore.<\/p>\n<p>Essa mudan\u00e7a de perfil, por\u00e9m, n\u00e3o reduziu o volume total de neg\u00f3cios, mas\u00a0 diversificou e expandiu, dizem os entendidos.\u00a0 A ExpoFeira tornou-se, na linguagem\u00a0 dos economistas, um <em>hub<\/em>\u00a0<em>do agroneg\u00f3cio regional: <\/em>com movimenta\u00e7\u00e3o de capital, mas agora pulverizada entre tecnologia agr\u00edcola, cr\u00e9dito, vendas de balc\u00e3o e leil\u00f5es pontuais de alta liquidez, como os dois, programados. Os neg\u00f3cios com animais s\u00e3o feitos nas pr\u00f3prios pavilh\u00f5es onde est\u00e3o expostos.<\/p>\n<p>O espa\u00e7o f\u00edsico do Parque Jo\u00e3o Martins tamb\u00e9m tem passado por modifica\u00e7\u00f5es para se adequar aos novos tempos. Com a implanta\u00e7\u00e3o do Centro de Zootecnia do Senar em \u00e1rea doada pelo Parque, o antigo redondel foi mudado de lugar assim como o funcionamento operacional e de acessibilidade ao equipamento p\u00fablico. O movimento de entrada e sa\u00edda pela BR-324, por exemplo, foi abolida e passa a acontecer pela avenida Noite Cerqueira, entre outras mudan\u00e7as internas<\/p>\n<p>A diminui\u00e7\u00e3o do leil\u00f5es, por\u00e9m, n\u00e3o foi um fen\u00f4meno de Feira, n\u00e3o atingiu apenas a Expofeira, mas \u00e9 nacional. Principalmente ap\u00f3s a pandemia, o modelo de leil\u00e3o presencial (que exige custos\u00a0 de frete, contrata\u00e7\u00e3o de recinto, tatersal, viagem e estresse dos animais) foi em grande parte substitu\u00eddo pelos leil\u00f5es virtuais e transmitidos por canais de TV agroneg\u00f3cio (Canal Rural, Terraviva) e pela internet. Em Feira n\u00e3o foi diferente.<\/p>\n<p><strong>GUZER\u00c1<\/strong> &#8211; A pandemia afetou especialmente a participa\u00e7\u00e3o na Expofeira de uma ra\u00e7a bovina de grande import\u00e2ncia para o Nordeste semi-\u00e1rido. Com o \u00f3bito do m\u00e9dico Benicio Cavalcante, vitimado pela COVID,\u00a0 a cria\u00e7\u00e3o dessa ra\u00e7a perdeu o protagonismo que vinha ganhando na Expofeira. Por influ\u00eancia de Ben\u00edcio, esteve em Feira em mais de uma exposi\u00e7\u00e3o, o pecuarista Manoelito Argolo,\u00a0 representantes da Fazenda Carna\u00faba, na Para\u00edba.<\/p>\n<div id=\"blogd-4077999866\" class=\"blogd-final-post blogd-entity-placement\"><a href=\"https:\/\/www.feiradesantana.ba.leg.br\/\" target=\"_blank\" aria-label=\"BANNER-SITE_CA\u0302MARA_AGOSTO_728x90px\"><img loading=\"lazy\" decoding=\"async\" src=\"https:\/\/blogdafeira.com.br\/home\/wp-content\/uploads\/2026\/03\/BANNER-SITE_CAMARA_AGOSTO_728x90px.gif\" alt=\"\"  class=\"no-lazyload\" width=\"728\" height=\"90\"   \/><\/a><\/div><p><a href=\"https:\/\/expofeira.ba.gov.br\/\"><strong>Acesse a programa\u00e7\u00e3o completa clique aqui<\/strong><\/a><\/p>\n","protected":false},"excerpt":{"rendered":"<p>No auge do circuito de leil\u00f5es, durante o per\u00edodo da ExpoFeira, chegaram a acontecer, numa s\u00f3 edi\u00e7\u00e3o, at\u00e9 seis leil\u00f5es de animais: Leil\u00e3o Guzer\u00e1 (Dose Dupla\/Bahia e Sergipe), Nelore Jacuricy, Leil\u00e3o Nelore de Elite.(s\u00f3 para convidados), de Cavalos Mangalarga Marchador, Campolina\u00a0 e leil\u00e3o de Ovinos\/Caprinos (Santa In\u00eas e Dorper). Na 47\u00aa Exposi\u00e7\u00e3o Agropecu\u00e1ria de Feira<\/p>\n","protected":false},"author":1,"featured_media":73907,"comment_status":"open","ping_status":"open","sticky":false,"template":"","format":"standard","meta":{"cybocfi_hide_featured_image":"","_jetpack_newsletter_access":"","_jetpack_dont_email_post_to_subs":false,"_jetpack_newsletter_tier_id":0,"_jetpack_memberships_contains_paywalled_content":false,"_jetpack_memberships_contains_paid_content":false,"footnotes":"","jetpack_publicize_message":"","jetpack_publicize_feature_enabled":true,"jetpack_social_post_already_shared":true,"jetpack_social_options":{"image_generator_settings":{"template":"highway","default_image_id":0,"font":"","enabled":false},"version":2},"jetpack_post_was_ever_published":false},"categories":[3,603,774],"tags":[],"class_list":["post-73906","post","type-post","status-publish","format-standard","has-post-thumbnail","hentry","category-cidade","category-destaques","category-economia"],"jetpack_publicize_connections":[],"jetpack_featured_media_url":"https:\/\/blogdafeira.com.br\/home\/wp-content\/uploads\/2026\/09\/Julgamento-de-Equinos-Foto-Valdenir-Lima-41.jpg","jetpack_shortlink":"https:\/\/wp.me\/p3niVf-je2","jetpack_sharing_enabled":true,"jetpack-related-posts":[{"id":4776,"url":"https:\/\/blogdafeira.com.br\/home\/2013\/09\/04\/gado-da-raca-nelore-e-a-grande-estrela-da-exposicao-agropecuaria-de-feira\/","url_meta":{"origin":73906,"position":0},"title":"Gado da ra\u00e7a nelore \u00e9 a grande estrela da Exposi\u00e7\u00e3o Agropecu\u00e1ria de Feira","author":"Blog da Feira","date":"04\/09\/2013","format":false,"excerpt":"O chamado 'gado branco', da ra\u00e7a nelore, ocupa a maioria das baias abertas na Exposi\u00e7\u00e3o Agropecu\u00e1ria de Feira de Santana, a ExpoFeira. Animais de grande porte, que chegam a pesar cerca de 1300 kg, chamam a aten\u00e7\u00e3o dos visitantes e criadores. Nesta quarta-feira \u00e0 noite, um grande leil\u00e3o desses animais\u2026","rel":"","context":"Em &quot;Home&quot;","block_context":{"text":"Home","link":"https:\/\/blogdafeira.com.br\/home\/categoria\/raiz\/"},"img":{"alt_text":"DSC08704","src":"https:\/\/i0.wp.com\/blogdafeira.com.br\/home\/wp-content\/uploads\/2013\/09\/DSC08704-346x259.jpg?resize=350%2C200","width":350,"height":200},"classes":[]},{"id":4794,"url":"https:\/\/blogdafeira.com.br\/home\/2013\/09\/05\/expofeira-odebrecht-arremata-bezerra-nelore-por-r-100-mil\/","url_meta":{"origin":73906,"position":1},"title":"ExpoFeira: Odebrecht arremata bezerra nelore por R$ 100 mil","author":"Blog da Feira","date":"05\/09\/2013","format":false,"excerpt":"O pecuarista Maur\u00edcio Odebrecht, um dos maiores criadores do Nordeste, arrematou uma bezerra da ra\u00e7a nelore por 100 mil reais, em um leil\u00e3o da ExpoFeira, ocorrido ontem. A 'preciosidade' tem apenas dois meses de nascida e tem o ex\u00f3tico nome de Khaly Fiv, da fazenda Guanabara, na Bahia. O arremate\u2026","rel":"","context":"Em &quot;Home&quot;","block_context":{"text":"Home","link":"https:\/\/blogdafeira.com.br\/home\/categoria\/raiz\/"},"img":{"alt_text":"","src":"","width":0,"height":0},"classes":[]},{"id":68973,"url":"https:\/\/blogdafeira.com.br\/home\/2025\/08\/14\/adquira-seu-cavalo-de-raca-na-expofeira-atraves-de-compra-direta-ao-criador\/","url_meta":{"origin":73906,"position":2},"title":"Adquira seu cavalo de ra\u00e7a na Expofeira atrav\u00e9s de compra direta ao criador","author":"Blog da Feira","date":"14\/08\/2025","format":false,"excerpt":"A 46\u00aa Exposi\u00e7\u00e3o Agropecu\u00e1ria de Feira de Santana (Expofeira 2025) j\u00e1 tem diversos eventos confirmados para movimentar o Parque de Exposi\u00e7\u00e3o Jo\u00e3o Martins da Silva, no per\u00edodo de 7 a 14 de setembro. S\u00e3o atividades que envolvem diversas ra\u00e7as de bovinos e equinos, as principais estrelas da maior festa agropecu\u00e1ria\u2026","rel":"","context":"Em &quot;Distritos&quot;","block_context":{"text":"Distritos","link":"https:\/\/blogdafeira.com.br\/home\/categoria\/distritos\/"},"img":{"alt_text":"","src":"https:\/\/i0.wp.com\/blogdafeira.com.br\/home\/wp-content\/uploads\/2025\/08\/06082025163706.jpg?resize=350%2C200&ssl=1","width":350,"height":200,"srcset":"https:\/\/i0.wp.com\/blogdafeira.com.br\/home\/wp-content\/uploads\/2025\/08\/06082025163706.jpg?resize=350%2C200&ssl=1 1x, https:\/\/i0.wp.com\/blogdafeira.com.br\/home\/wp-content\/uploads\/2025\/08\/06082025163706.jpg?resize=525%2C300&ssl=1 1.5x, https:\/\/i0.wp.com\/blogdafeira.com.br\/home\/wp-content\/uploads\/2025\/08\/06082025163706.jpg?resize=700%2C400&ssl=1 2x, https:\/\/i0.wp.com\/blogdafeira.com.br\/home\/wp-content\/uploads\/2025\/08\/06082025163706.jpg?resize=1050%2C600&ssl=1 3x"},"classes":[]},{"id":73854,"url":"https:\/\/blogdafeira.com.br\/home\/2026\/09\/03\/expofeira-tera-um-galpao-somente-com-gado-nelore-coloridonelores-coloridos-ficarao-num-galpao-especifico-na-expofeira\/","url_meta":{"origin":73906,"position":3},"title":"Expofeira ter\u00e1 um galp\u00e3o somente com gado nelore colorido","author":"Blog da Feira","date":"03\/09\/2026","format":false,"excerpt":"O galp\u00e3o onde ficar\u00e3o os nelores coloridos dever\u00e1 ser um dos mais visitados. Belos, os animais com este tipo de pelagem v\u00e3o participar da Exposi\u00e7\u00e3o Agropecu\u00e1ria de Feira de Santana pela primeira vez em maior n\u00famero. A beleza dos nelores tradicionais desperta a aten\u00e7\u00e3o dos visitantes h\u00e1 d\u00e9cadas, pelo tamanho.\u2026","rel":"","context":"Em &quot;Cidade&quot;","block_context":{"text":"Cidade","link":"https:\/\/blogdafeira.com.br\/home\/categoria\/cidade\/"},"img":{"alt_text":"","src":"https:\/\/i0.wp.com\/blogdafeira.com.br\/home\/wp-content\/uploads\/2026\/09\/02092026162433.jpg?resize=350%2C200&ssl=1","width":350,"height":200,"srcset":"https:\/\/i0.wp.com\/blogdafeira.com.br\/home\/wp-content\/uploads\/2026\/09\/02092026162433.jpg?resize=350%2C200&ssl=1 1x, https:\/\/i0.wp.com\/blogdafeira.com.br\/home\/wp-content\/uploads\/2026\/09\/02092026162433.jpg?resize=525%2C300&ssl=1 1.5x, https:\/\/i0.wp.com\/blogdafeira.com.br\/home\/wp-content\/uploads\/2026\/09\/02092026162433.jpg?resize=700%2C400&ssl=1 2x, https:\/\/i0.wp.com\/blogdafeira.com.br\/home\/wp-content\/uploads\/2026\/09\/02092026162433.jpg?resize=1050%2C600&ssl=1 3x"},"classes":[]},{"id":16612,"url":"https:\/\/blogdafeira.com.br\/home\/2015\/09\/10\/leiloes-da-40a-exposicao-de-feira-de-santana-comecam-nesta-sexta\/","url_meta":{"origin":73906,"position":4},"title":"Leil\u00f5es da 40\u00aa Exposi\u00e7\u00e3o de Feira de Santana come\u00e7am nesta sexta","author":"Blog da Feira","date":"10\/09\/2015","format":false,"excerpt":"A temporada de leil\u00f5es no Parque de Exposi\u00e7\u00f5es Jo\u00e3o Martins da Silva ser\u00e1 aberta nesta sexta-feira, 11, \u00e0 noite, com o 9\u00ba Leil\u00e3o Marchador da Princesa e com o Campolina Shop Show. No primeiro evento citado, 42 cavalos e \u00e9guas ser\u00e3o levados \u00e0 venda. No shop show, que vai ser\u2026","rel":"","context":"Em &quot;Home&quot;","block_context":{"text":"Home","link":"https:\/\/blogdafeira.com.br\/home\/categoria\/raiz\/"},"img":{"alt_text":"leil\u00e3o","src":"https:\/\/i0.wp.com\/blogdafeira.com.br\/home\/wp-content\/uploads\/2015\/09\/leil%C3%A3o.jpg?resize=350%2C200","width":350,"height":200,"srcset":"https:\/\/i0.wp.com\/blogdafeira.com.br\/home\/wp-content\/uploads\/2015\/09\/leil%C3%A3o.jpg?resize=350%2C200 1x, https:\/\/i0.wp.com\/blogdafeira.com.br\/home\/wp-content\/uploads\/2015\/09\/leil%C3%A3o.jpg?resize=525%2C300 1.5x"},"classes":[]},{"id":63431,"url":"https:\/\/blogdafeira.com.br\/home\/2024\/08\/27\/expofeira-comeca-dia-1-e-tem-shows-e-forro-com-artistas-locais\/","url_meta":{"origin":73906,"position":5},"title":"ExpoFeira come\u00e7a dia 1\u00b0 e tem shows e forr\u00f3 com artistas locais","author":"Blog da Feira","date":"27\/08\/2024","format":false,"excerpt":"45\u00aa Exposi\u00e7\u00e3o Agropecu\u00e1ria de Feira de Santana (Expofeira 2024) contar\u00e1 com uma programa\u00e7\u00e3o repleta de eventos que combinam tradi\u00e7\u00e3o e inova\u00e7\u00e3o. De 1\u00ba a 8 de setembro, o Parque de Exposi\u00e7\u00f5es Jo\u00e3o Martins da Silva ser\u00e1 o palco de uma das maiores feiras agropecu\u00e1rias do interior da Bahia, com atividades\u2026","rel":"","context":"Em &quot;Geral&quot;","block_context":{"text":"Geral","link":"https:\/\/blogdafeira.com.br\/home\/categoria\/geral\/"},"img":{"alt_text":"","src":"https:\/\/i0.wp.com\/blogdafeira.com.br\/home\/wp-content\/uploads\/2024\/08\/IMG_20240401_142016175_HDR-scaled-420x280_c.webp?resize=350%2C200&ssl=1","width":350,"height":200},"classes":[]}],"_links":{"self":[{"href":"https:\/\/blogdafeira.com.br\/home\/wp-json\/wp\/v2\/posts\/73906","targetHints":{"allow":["GET"]}}],"collection":[{"href":"https:\/\/blogdafeira.com.br\/home\/wp-json\/wp\/v2\/posts"}],"about":[{"href":"https:\/\/blogdafeira.com.br\/home\/wp-json\/wp\/v2\/types\/post"}],"author":[{"embeddable":true,"href":"https:\/\/blogdafeira.com.br\/home\/wp-json\/wp\/v2\/users\/1"}],"replies":[{"embeddable":true,"href":"https:\/\/blogdafeira.com.br\/home\/wp-json\/wp\/v2\/comments?post=73906"}],"version-history":[{"count":6,"href":"https:\/\/blogdafeira.com.br\/home\/wp-json\/wp\/v2\/posts\/73906\/revisions"}],"predecessor-version":[{"id":73913,"href":"https:\/\/blogdafeira.com.br\/home\/wp-json\/wp\/v2\/posts\/73906\/revisions\/73913"}],"wp:featuredmedia":[{"embeddable":true,"href":"https:\/\/blogdafeira.com.br\/home\/wp-json\/wp\/v2\/media\/73907"}],"wp:attachment":[{"href":"https:\/\/blogdafeira.com.br\/home\/wp-json\/wp\/v2\/media?parent=73906"}],"wp:term":[{"taxonomy":"category","embeddable":true,"href":"https:\/\/blogdafeira.com.br\/home\/wp-json\/wp\/v2\/categories?post=73906"},{"taxonomy":"post_tag","embeddable":true,"href":"https:\/\/blogdafeira.com.br\/home\/wp-json\/wp\/v2\/tags?post=73906"}],"curies":[{"name":"wp","href":"https:\/\/api.w.org\/{rel}","templated":true}]}}