{"id":7695,"date":"2013-12-24T17:13:29","date_gmt":"2013-12-24T19:13:29","guid":{"rendered":"http:\/\/blogdafeira.com.br\/home\/?p=7695"},"modified":"2013-12-24T17:30:28","modified_gmt":"2013-12-24T19:30:28","slug":"centro-comercial-de-feira-de-santana","status":"publish","type":"post","link":"https:\/\/blogdafeira.com.br\/home\/2013\/12\/24\/centro-comercial-de-feira-de-santana\/","title":{"rendered":"Centro comercial de Feira de Santana"},"content":{"rendered":"<p><iframe loading=\"lazy\" src=\"\/\/www.youtube.com\/embed\/JgvdKTbNlfo\" height=\"315\" width=\"560\" allowfullscreen=\"\" frameborder=\"0\"><\/iframe><\/p>\n<div id=\"blogd-2475334214\" class=\"blogd-final-post blogd-entity-placement\"><a href=\"https:\/\/www.feiradesantana.ba.leg.br\/\" target=\"_blank\" aria-label=\"BANNER-SITE-ENTREGADECHEQUE-CAMARADEFEIRA\"><img loading=\"lazy\" decoding=\"async\" src=\"https:\/\/blogdafeira.com.br\/home\/wp-content\/uploads\/2026\/03\/BANNER-SITE-ENTREGADECHEQUE-CAMARADEFEIRA.gif\" alt=\"\"  class=\"no-lazyload\" width=\"728\" height=\"90\"   \/><\/a><\/div><div id=\"blogd-1249483817\" class=\"blogd-fim-do-post-mobile blogd-entity-placement\" style=\"margin-left: auto;margin-right: auto;text-align: center;\"><a href=\"https:\/\/www.sefaz.feiradesantana.ba.gov.br\/\" target=\"_blank\" aria-label=\"728&#215;90 (6)\"><img loading=\"lazy\" decoding=\"async\" src=\"https:\/\/blogdafeira.com.br\/home\/wp-content\/uploads\/2026\/03\/728x90-6.gif\" alt=\"\"  class=\"no-lazyload\" width=\"728\" height=\"90\"  style=\"display: inline-block;\" \/><\/a><\/div><p>O centro da cidade confirmou outra vez, durante o per\u00edodo natalino, a voca\u00e7\u00e3o \u00a0varejista que faz de Feira de Santana o maior entreposto comercial do Nordeste. O v\u00eddeo e a foto abaixo mostram a entrada sul do Cal\u00e7ad\u00e3o da Sales Barbosa, o maior mercado varejista de confec\u00e7\u00f5es e variedades da regi\u00e3o.<img loading=\"lazy\" decoding=\"async\" class=\"aligncenter size-full wp-image-7702\" alt=\"sales barbosa 3\" src=\"http:\/\/blogdafeira.com.br\/home\/wp-content\/uploads\/2013\/12\/sales-barbosa-3.jpg\" width=\"640\" height=\"480\" srcset=\"https:\/\/blogdafeira.com.br\/home\/wp-content\/uploads\/2013\/12\/sales-barbosa-3.jpg 640w, https:\/\/blogdafeira.com.br\/home\/wp-content\/uploads\/2013\/12\/sales-barbosa-3-170x127.jpg 170w, https:\/\/blogdafeira.com.br\/home\/wp-content\/uploads\/2013\/12\/sales-barbosa-3-346x259.jpg 346w\" sizes=\"auto, (max-width: 640px) 100vw, 640px\" \/><\/p><div id=\"blogd-1289281912\" class=\"blogd-conteudo-2-mobile blogd-entity-placement\"><a href=\"https:\/\/feirenses.com.br\/\" target=\"_blank\" aria-label=\"feirenses\"><img loading=\"lazy\" decoding=\"async\" src=\"https:\/\/blogdafeira.com.br\/home\/wp-content\/uploads\/2026\/04\/feirenses.png\" alt=\"\"  srcset=\"https:\/\/blogdafeira.com.br\/home\/wp-content\/uploads\/2026\/04\/feirenses.png 300w, https:\/\/blogdafeira.com.br\/home\/wp-content\/uploads\/2026\/04\/feirenses-170x45.png 170w, https:\/\/blogdafeira.com.br\/home\/wp-content\/uploads\/2026\/04\/feirenses-280x74.png 280w\" sizes=\"(max-width: 300px) 100vw, 300px\" class=\"no-lazyload\" width=\"300\" height=\"79\"  style=\"display: inline-block;\" \/><\/a><\/div>\n","protected":false},"excerpt":{"rendered":"<p>O centro da cidade confirmou outra vez, durante o per\u00edodo natalino, a voca\u00e7\u00e3o \u00a0varejista que faz de Feira de Santana o maior entreposto comercial do Nordeste. O v\u00eddeo e a foto abaixo mostram a entrada sul do Cal\u00e7ad\u00e3o da Sales Barbosa, o maior mercado varejista de confec\u00e7\u00f5es e variedades da regi\u00e3o.<\/p>\n","protected":false},"author":1,"featured_media":0,"comment_status":"closed","ping_status":"closed","sticky":false,"template":"","format":"standard","meta":{"jetpack_post_was_ever_published":false,"cybocfi_hide_featured_image":"","_jetpack_newsletter_access":"","_jetpack_dont_email_post_to_subs":false,"_jetpack_newsletter_tier_id":0,"_jetpack_memberships_contains_paywalled_content":false,"_jetpack_memberships_contains_paid_content":false,"footnotes":"","jetpack_publicize_message":"","jetpack_publicize_feature_enabled":true,"jetpack_social_post_already_shared":true,"jetpack_social_options":{"image_generator_settings":{"template":"highway","default_image_id":0,"font":"","enabled":false},"version":2}},"categories":[1],"tags":[],"class_list":["post-7695","post","type-post","status-publish","format-standard","hentry","category-raiz"],"jetpack_publicize_connections":[],"jetpack_featured_media_url":"","jetpack_shortlink":"https:\/\/wp.me\/p3niVf-207","jetpack_sharing_enabled":true,"jetpack-related-posts":[{"id":11369,"url":"https:\/\/blogdafeira.com.br\/home\/2014\/07\/15\/semaforos-em-feira-privilegiam-veiculos-e-ignoram-os-pedestres\/","url_meta":{"origin":7695,"position":0},"title":"Sem\u00e1foros em Feira privilegiam ve\u00edculos e ignoram os pedestres","author":"Blog da Feira","date":"15\/07\/2014","format":false,"excerpt":"O pedestre no centro de Feira de Santana\u00a0tem que ser\u00a0\u00a0'ousado' e 'atrevido' para poder atravessar as avenidas, mesmo aquelas onde o tr\u00e2nsito \u00e9 controlado pelos sem\u00e1foros. Motoristas mal educados e imprudentes e uma sinaliza\u00e7\u00e3o que privilegia os ve\u00edculos, amea\u00e7am a vida de quem anda \u00e0 p\u00e9 pelo centro desta cidade\u2026","rel":"","context":"Em &quot;Home&quot;","block_context":{"text":"Home","link":"https:\/\/blogdafeira.com.br\/home\/categoria\/raiz\/"},"img":{"alt_text":"","src":"","width":0,"height":0},"classes":[]},{"id":65736,"url":"https:\/\/blogdafeira.com.br\/home\/2025\/02\/18\/primeiro-evento-no-centro-de-convencoes-de-feira-e-da-cdl-e-inscricao-custa-249-reais\/","url_meta":{"origin":7695,"position":1},"title":"Primeiro evento no Centro de Conven\u00e7\u00f5es de Feira \u00e9 da CDL e inscri\u00e7\u00e3o custa 249 reais","author":"Blog da Feira","date":"18\/02\/2025","format":false,"excerpt":"\u201cCen\u00e1rios e Tend\u00eancias 2025: Com\u00e9rcio, Ind\u00fastria e Servi\u00e7os\u201d, promovido pela C\u00e2mara de Dirigentes Lojistas de Feira de Santana \u00e9 o primeiro evento agendado para acontecer no Centro de Conven\u00e7\u00f5es de Feira de Santana, no dia 19 de mar\u00e7o. O Centro de Conven\u00e7\u00f5es foi\u00a0 aberto pelo Governo do Estado no ano\u2026","rel":"","context":"Em &quot;Economia&quot;","block_context":{"text":"Economia","link":"https:\/\/blogdafeira.com.br\/home\/categoria\/economia\/"},"img":{"alt_text":"","src":"https:\/\/i0.wp.com\/blogdafeira.com.br\/home\/wp-content\/uploads\/2025\/02\/Juscelino-Brito2.jpeg?resize=350%2C200&ssl=1","width":350,"height":200,"srcset":"https:\/\/i0.wp.com\/blogdafeira.com.br\/home\/wp-content\/uploads\/2025\/02\/Juscelino-Brito2.jpeg?resize=350%2C200&ssl=1 1x, https:\/\/i0.wp.com\/blogdafeira.com.br\/home\/wp-content\/uploads\/2025\/02\/Juscelino-Brito2.jpeg?resize=525%2C300&ssl=1 1.5x, https:\/\/i0.wp.com\/blogdafeira.com.br\/home\/wp-content\/uploads\/2025\/02\/Juscelino-Brito2.jpeg?resize=700%2C400&ssl=1 2x, https:\/\/i0.wp.com\/blogdafeira.com.br\/home\/wp-content\/uploads\/2025\/02\/Juscelino-Brito2.jpeg?resize=1050%2C600&ssl=1 3x"},"classes":[]},{"id":26527,"url":"https:\/\/blogdafeira.com.br\/home\/2017\/04\/12\/cresce-a-cada-dia-o-numero-de-pessoas-vendendo-nas-ruas-de-feira\/","url_meta":{"origin":7695,"position":2},"title":"Cresce a cada dia o n\u00famero de pessoas vendendo nas ruas de Feira de Santana","author":"Blog da Feira","date":"12\/04\/2017","format":false,"excerpt":"Impressiona cada vez mais a for\u00e7a do trabalho comercial em Feira de Santana. Pelo que se pode ver, cresce a cada dia a quantidade de pessoas vendendo nas ruas, nas pra\u00e7as, sinaleiras, passagens de pedestres e ve\u00edculos. Os dados sobre esse fluxo, assim como a maioria das situa\u00e7\u00f5es do com\u00e9rcio,\u2026","rel":"","context":"Em &quot;Home&quot;","block_context":{"text":"Home","link":"https:\/\/blogdafeira.com.br\/home\/categoria\/raiz\/"},"img":{"alt_text":"img_20170412_081406493","src":"https:\/\/i0.wp.com\/blogdafeira.com.br\/home\/wp-content\/uploads\/2017\/04\/IMG_20170412_081406493-576x1024.jpg?resize=350%2C200","width":350,"height":200,"srcset":"https:\/\/i0.wp.com\/blogdafeira.com.br\/home\/wp-content\/uploads\/2017\/04\/IMG_20170412_081406493-576x1024.jpg?resize=350%2C200 1x, https:\/\/i0.wp.com\/blogdafeira.com.br\/home\/wp-content\/uploads\/2017\/04\/IMG_20170412_081406493-576x1024.jpg?resize=525%2C300 1.5x"},"classes":[]},{"id":28629,"url":"https:\/\/blogdafeira.com.br\/home\/2017\/11\/23\/governo-de-feira-quer-evitar-que-chineses-sejam-donos-do-shopping-popular\/","url_meta":{"origin":7695,"position":3},"title":"Governo de Feira quer evitar que chineses sejam donos do &#8216;Shopping Popular&#8217;","author":"Blog da Feira","date":"23\/11\/2017","format":false,"excerpt":"Ficou bem mais evidente agora o fato amplamente comentado na cidade\u00a0 de que os comerciantes varejistas chineses pretendem se apossar dos boxes do futuro 'Shopping Popular' que est\u00e1 em constru\u00e7\u00e3o no Centro\u00a0 de Abastecimento de Feira de Santana. O Governo de Feira enviou \u00e0 C\u00e2mara de Vereadores um projeto de\u2026","rel":"","context":"Em &quot;Home&quot;","block_context":{"text":"Home","link":"https:\/\/blogdafeira.com.br\/home\/categoria\/raiz\/"},"img":{"alt_text":"","src":"","width":0,"height":0},"classes":[]},{"id":47197,"url":"https:\/\/blogdafeira.com.br\/home\/2021\/08\/30\/cdl-promove-campanha-para-aquecer-comercio-de-feira\/","url_meta":{"origin":7695,"position":4},"title":"CDL promove campanha para aquecer com\u00e9rcio de Feira","author":"Blog da Feira","date":"30\/08\/2021","format":false,"excerpt":"O Liquida Feira Social 2021 ser\u00e1 lan\u00e7ado nesta ter\u00e7a-feira (31), marcando os 20 anos da maior campanha de descontos e pr\u00eamios do interior da Bahia. O evento est\u00e1 marcado para \u00e0s 8h30, no Hotel Atmosfera, com coletiva de imprensa, para apresentar os detalhes da edi\u00e7\u00e3o deste ano \u00e0 comunidade. A\u2026","rel":"","context":"Em &quot;Cidade&quot;","block_context":{"text":"Cidade","link":"https:\/\/blogdafeira.com.br\/home\/categoria\/cidade\/"},"img":{"alt_text":"","src":"https:\/\/i0.wp.com\/blogdafeira.com.br\/home\/wp-content\/uploads\/2021\/08\/images.jpeg?resize=350%2C200&ssl=1","width":350,"height":200,"srcset":"https:\/\/i0.wp.com\/blogdafeira.com.br\/home\/wp-content\/uploads\/2021\/08\/images.jpeg?resize=350%2C200&ssl=1 1x, https:\/\/i0.wp.com\/blogdafeira.com.br\/home\/wp-content\/uploads\/2021\/08\/images.jpeg?resize=525%2C300&ssl=1 1.5x"},"classes":[]},{"id":35637,"url":"https:\/\/blogdafeira.com.br\/home\/2020\/02\/24\/feira-permanece-deserta-ate-quarta-feira-de-cinzas\/","url_meta":{"origin":7695,"position":5},"title":"Feira permanece deserta at\u00e9 quarta-feira de cinzas","author":"J\u00e2nio R\u00eago","date":"24\/02\/2020","format":false,"excerpt":"Diz a lenda urbana que anos depois de instaurada a Rep\u00fablica no Brasil, um dia \"7 de setembro\" caiu na segunda-feira, justo\u00a0 o dia oficial da renomada feira da Feira de Santana dos Olhos D'\u00e1gua. Ocorreu que as autoridades locais e o\u00a0 povo ignoraram o patriotismo republicano e a feira\u2026","rel":"","context":"Em &quot;Cidade&quot;","block_context":{"text":"Cidade","link":"https:\/\/blogdafeira.com.br\/home\/categoria\/cidade\/"},"img":{"alt_text":"","src":"https:\/\/i0.wp.com\/blogdafeira.com.br\/home\/wp-content\/uploads\/2020\/02\/20200111_143833_HDR.jpg?resize=350%2C200&ssl=1","width":350,"height":200,"srcset":"https:\/\/i0.wp.com\/blogdafeira.com.br\/home\/wp-content\/uploads\/2020\/02\/20200111_143833_HDR.jpg?resize=350%2C200&ssl=1 1x, https:\/\/i0.wp.com\/blogdafeira.com.br\/home\/wp-content\/uploads\/2020\/02\/20200111_143833_HDR.jpg?resize=525%2C300&ssl=1 1.5x, https:\/\/i0.wp.com\/blogdafeira.com.br\/home\/wp-content\/uploads\/2020\/02\/20200111_143833_HDR.jpg?resize=700%2C400&ssl=1 2x, https:\/\/i0.wp.com\/blogdafeira.com.br\/home\/wp-content\/uploads\/2020\/02\/20200111_143833_HDR.jpg?resize=1050%2C600&ssl=1 3x, https:\/\/i0.wp.com\/blogdafeira.com.br\/home\/wp-content\/uploads\/2020\/02\/20200111_143833_HDR.jpg?resize=1400%2C800&ssl=1 4x"},"classes":[]}],"_links":{"self":[{"href":"https:\/\/blogdafeira.com.br\/home\/wp-json\/wp\/v2\/posts\/7695","targetHints":{"allow":["GET"]}}],"collection":[{"href":"https:\/\/blogdafeira.com.br\/home\/wp-json\/wp\/v2\/posts"}],"about":[{"href":"https:\/\/blogdafeira.com.br\/home\/wp-json\/wp\/v2\/types\/post"}],"author":[{"embeddable":true,"href":"https:\/\/blogdafeira.com.br\/home\/wp-json\/wp\/v2\/users\/1"}],"replies":[{"embeddable":true,"href":"https:\/\/blogdafeira.com.br\/home\/wp-json\/wp\/v2\/comments?post=7695"}],"version-history":[{"count":4,"href":"https:\/\/blogdafeira.com.br\/home\/wp-json\/wp\/v2\/posts\/7695\/revisions"}],"predecessor-version":[{"id":7703,"href":"https:\/\/blogdafeira.com.br\/home\/wp-json\/wp\/v2\/posts\/7695\/revisions\/7703"}],"wp:attachment":[{"href":"https:\/\/blogdafeira.com.br\/home\/wp-json\/wp\/v2\/media?parent=7695"}],"wp:term":[{"taxonomy":"category","embeddable":true,"href":"https:\/\/blogdafeira.com.br\/home\/wp-json\/wp\/v2\/categories?post=7695"},{"taxonomy":"post_tag","embeddable":true,"href":"https:\/\/blogdafeira.com.br\/home\/wp-json\/wp\/v2\/tags?post=7695"}],"curies":[{"name":"wp","href":"https:\/\/api.w.org\/{rel}","templated":true}]}}