{"id":80,"date":"2013-04-04T22:29:15","date_gmt":"2013-04-04T22:29:15","guid":{"rendered":"http:\/\/blogdafeira.com.br\/home\/?p=80"},"modified":"2013-04-04T22:48:14","modified_gmt":"2013-04-04T22:48:14","slug":"camarote-dos-frades-capuchinhos-na-micareta-de-feira","status":"publish","type":"post","link":"https:\/\/blogdafeira.com.br\/home\/2013\/04\/04\/camarote-dos-frades-capuchinhos-na-micareta-de-feira\/","title":{"rendered":"Habemus camarote"},"content":{"rendered":"<div id=\"blogd-1942454997\" class=\"blogd-final-post blogd-entity-placement\"><a href=\"https:\/\/www.feiradesantana.ba.leg.br\/\" target=\"_blank\" aria-label=\"BANNER-SITE-ENTREGADECHEQUE-CAMARADEFEIRA\"><img loading=\"lazy\" decoding=\"async\" src=\"https:\/\/blogdafeira.com.br\/home\/wp-content\/uploads\/2026\/03\/BANNER-SITE-ENTREGADECHEQUE-CAMARADEFEIRA.gif\" alt=\"\"  class=\"no-lazyload\" width=\"728\" height=\"90\"   \/><\/a><\/div><div id=\"blogd-1661788807\" class=\"blogd-fim-do-post-mobile blogd-entity-placement\" style=\"margin-left: auto;margin-right: auto;text-align: center;\"><a href=\"https:\/\/www.sefaz.feiradesantana.ba.gov.br\/\" target=\"_blank\" aria-label=\"728&#215;90 (6)\"><img loading=\"lazy\" decoding=\"async\" src=\"https:\/\/blogdafeira.com.br\/home\/wp-content\/uploads\/2026\/03\/728x90-6.gif\" alt=\"\"  class=\"no-lazyload\" width=\"728\" height=\"90\"  style=\"display: inline-block;\" \/><\/a><\/div><p style=\"text-align: center;\">Um dos maiores camarotes no circuito da Micareta de Feira de Santana est\u00e1 sendo instalado em uma \u00e1rea lateral \u00e0 igreja de Santo Ant\u00f4nio, da Ordem dos Capuchinhos que administra tamb\u00e9m um col\u00e9gio e uma emissora, a r\u00e1dio R\u00e1dio Sociedade de Feira, AM.<a href=\"http:\/\/blogdafeira.com.br\/home\/wp-content\/uploads\/2013\/04\/capuchinhos.jpg\"><img loading=\"lazy\" decoding=\"async\" class=\" wp-image-81 aligncenter\" alt=\"capuchinhos\" src=\"http:\/\/blogdafeira.com.br\/home\/wp-content\/uploads\/2013\/04\/capuchinhos-300x225.jpg\" width=\"500\" height=\"225\" \/><\/a><\/p><div id=\"blogd-2824664925\" class=\"blogd-conteudo-2-mobile blogd-entity-placement\"><a href=\"https:\/\/feirenses.com.br\/\" target=\"_blank\" aria-label=\"feirenses\"><img loading=\"lazy\" decoding=\"async\" src=\"https:\/\/blogdafeira.com.br\/home\/wp-content\/uploads\/2026\/04\/feirenses.png\" alt=\"\"  srcset=\"https:\/\/blogdafeira.com.br\/home\/wp-content\/uploads\/2026\/04\/feirenses.png 300w, https:\/\/blogdafeira.com.br\/home\/wp-content\/uploads\/2026\/04\/feirenses-170x45.png 170w, https:\/\/blogdafeira.com.br\/home\/wp-content\/uploads\/2026\/04\/feirenses-280x74.png 280w\" sizes=\"(max-width: 300px) 100vw, 300px\" class=\"no-lazyload\" width=\"300\" height=\"79\"  style=\"display: inline-block;\" \/><\/a><\/div>\n<p>&nbsp;<\/p>\n","protected":false},"excerpt":{"rendered":"<p>Um dos maiores camarotes no circuito da Micareta de Feira de Santana est\u00e1 sendo instalado em uma \u00e1rea lateral \u00e0 igreja de Santo Ant\u00f4nio, da Ordem dos Capuchinhos que administra tamb\u00e9m um col\u00e9gio e uma emissora, a r\u00e1dio R\u00e1dio Sociedade de Feira, AM. &nbsp;<\/p>\n","protected":false},"author":1,"featured_media":0,"comment_status":"closed","ping_status":"closed","sticky":false,"template":"","format":"image","meta":{"jetpack_post_was_ever_published":false,"cybocfi_hide_featured_image":"","_jetpack_newsletter_access":"","_jetpack_dont_email_post_to_subs":false,"_jetpack_newsletter_tier_id":0,"_jetpack_memberships_contains_paywalled_content":false,"_jetpack_memberships_contains_paid_content":false,"footnotes":"","jetpack_publicize_message":"","jetpack_publicize_feature_enabled":true,"jetpack_social_post_already_shared":false,"jetpack_social_options":{"image_generator_settings":{"template":"highway","default_image_id":0,"font":"","enabled":false},"version":2}},"categories":[3],"tags":[],"class_list":["post-80","post","type-post","status-publish","format-image","hentry","category-cidade","post_format-post-format-image"],"jetpack_publicize_connections":[],"jetpack_featured_media_url":"","jetpack_shortlink":"https:\/\/wp.me\/p3niVf-1i","jetpack_sharing_enabled":true,"jetpack-related-posts":[{"id":847,"url":"https:\/\/blogdafeira.com.br\/home\/2013\/04\/24\/mais-de-1-200-paroquianos-assinaram-documento-contra-o-camarote-dos-capuchinhos\/","url_meta":{"origin":80,"position":0},"title":"Mais de 1.200 paroquianos assinaram documento contra o Camarote dos Capuchinhos","author":"Blog da Feira","date":"24\/04\/2013","format":false,"excerpt":"Exatamente 1.269 paroquianos da Igreja de Santo Ant\u00f4nio dos Capuchinhos assinaram o abaixo assinado de protesto contra o camarote para a Micareta de Feira montado em \u00e1rea da igreja e do col\u00e9gio dessa Ordem religiosa. O documento ser\u00e1 entregue hoje ou amanh\u00e3 ao arcebispo de Feira de Santana, dom Itamar\u2026","rel":"","context":"Em &quot;Cidade&quot;","block_context":{"text":"Cidade","link":"https:\/\/blogdafeira.com.br\/home\/categoria\/cidade\/"},"img":{"alt_text":"","src":"","width":0,"height":0},"classes":[]},{"id":21069,"url":"https:\/\/blogdafeira.com.br\/home\/2016\/04\/26\/itajay-pedra-branca-e-homenageado-pela-secom-na-micareta-2016\/","url_meta":{"origin":80,"position":1},"title":"Itajay Pedra Branca \u00e9 homenageado pela Secom na Micareta 2016","author":"Blog da Feira","date":"26\/04\/2016","format":false,"excerpt":"O radialista Itajay Pedra Branca, um dos mais populares da Bahia e do r\u00e1dio brasileiro, decano da\u00a0cobertura jornal\u00edstica da Micareta, ser\u00e1 homenageado pela Secretaria Municipal de Comunica\u00e7\u00e3o Social na festa deste ano. O Camarote da Imprensa, instalado no Circuito Maneca Ferreira, levar\u00e1 o nome dele. Al\u00e9m de Itajay, nos \u00faltimos\u2026","rel":"","context":"Em &quot;Home&quot;","block_context":{"text":"Home","link":"https:\/\/blogdafeira.com.br\/home\/categoria\/raiz\/"},"img":{"alt_text":"ita","src":"https:\/\/i0.wp.com\/blogdafeira.com.br\/home\/wp-content\/uploads\/2016\/04\/ita.jpg?resize=350%2C200","width":350,"height":200},"classes":[]},{"id":776,"url":"https:\/\/blogdafeira.com.br\/home\/2013\/04\/22\/habemus-micareta-tudo-pronto-no-camarote-dos-capuchinhos\/","url_meta":{"origin":80,"position":2},"title":"Habemus Micareta: tudo pronto no &#8216;Camarote dos Capuchinhos&#8217;","author":"Blog da Feira","date":"22\/04\/2013","format":false,"excerpt":"Habemus camarote: a foto, que \u00a0est\u00e1 circulando no facebook, mostra a Igreja dos Capuchinhos ao lado de um camarote para a Micareta de Feira de Santana.","rel":"","context":"Em &quot;Cidade&quot;","block_context":{"text":"Cidade","link":"https:\/\/blogdafeira.com.br\/home\/categoria\/cidade\/"},"img":{"alt_text":"526417_444001389024360_1460344019_n","src":"https:\/\/i0.wp.com\/blogdafeira.com.br\/home\/wp-content\/uploads\/2013\/04\/526417_444001389024360_1460344019_n.jpg?resize=350%2C200","width":350,"height":200,"srcset":"https:\/\/i0.wp.com\/blogdafeira.com.br\/home\/wp-content\/uploads\/2013\/04\/526417_444001389024360_1460344019_n.jpg?resize=350%2C200 1x, https:\/\/i0.wp.com\/blogdafeira.com.br\/home\/wp-content\/uploads\/2013\/04\/526417_444001389024360_1460344019_n.jpg?resize=525%2C300 1.5x"},"classes":[]},{"id":850,"url":"https:\/\/blogdafeira.com.br\/home\/2013\/04\/24\/camarote-dos-capuchinhosze-vaqueiro-faz-versos-e-lembra-frei-damiao\/","url_meta":{"origin":80,"position":3},"title":"Camarote dos Capuchinhos:Z\u00e9 Vaqueiro faz versos e lembra Frei Dami\u00e3o","author":"Blog da Feira","date":"24\/04\/2013","format":false,"excerpt":"Os capuchinhos de Feira Esquecem \u00a0frei Dami\u00e3o O Mission\u00e1rio do Sert\u00e3o Que era contra a bandalheira E bradava contra a sujeira De certos maus sacerdotes Que ousavam dar \u2018pinotes\u2019 Contrariando a \u00a0igreja. Quanto mais \u00a0beber cerveja Em festa de camarotes! (Z\u00e9 Vaqueiro da Feira)","rel":"","context":"Em &quot;Cidade&quot;","block_context":{"text":"Cidade","link":"https:\/\/blogdafeira.com.br\/home\/categoria\/cidade\/"},"img":{"alt_text":"","src":"","width":0,"height":0},"classes":[]},{"id":9869,"url":"https:\/\/blogdafeira.com.br\/home\/2014\/03\/25\/ronaldo-reage-a-pressoes-e-ameaca-fazer-micareta-de-feira-sem-camarotes\/","url_meta":{"origin":80,"position":4},"title":"Ronaldo reage a press\u00f5es e amea\u00e7a fazer Micareta de Feira sem camarotes","author":"Blog da Feira","date":"25\/03\/2014","format":false,"excerpt":"O prefeito de Feira de Santana, Jos\u00e9 Ronaldo, \u00a0reagiu de maneira forte \u00e0s press\u00f5es das empresas de camarotes que desertaram de uma licita\u00e7\u00e3o da Prefeitura que aconteceria hoje. As empresas pretendem fazer modifica\u00e7\u00f5es no edital de licita\u00e7\u00e3o que estabelece valorees que ser\u00e3o pagos pela montagem e explora\u00e7\u00e3o dos camarotes durante\u2026","rel":"","context":"Em &quot;Home&quot;","block_context":{"text":"Home","link":"https:\/\/blogdafeira.com.br\/home\/categoria\/raiz\/"},"img":{"alt_text":"","src":"","width":0,"height":0},"classes":[]},{"id":551,"url":"https:\/\/blogdafeira.com.br\/home\/2013\/04\/16\/paroquianos-fazem-abaixo-assinado-de-repudio-ao-camarote-dos-capuchinhos\/","url_meta":{"origin":80,"position":5},"title":"Paroquianos fazem abaixo assinado de rep\u00fadio ao &#8216;Camarote dos Capuchinhos&#8217;","author":"Blog da Feira","date":"16\/04\/2013","format":false,"excerpt":"Um abaixo assinado de 'rep\u00fadio' \u00e0 coloca\u00e7\u00e3o do camarote para a Micareta na \u00e1rea da Igreja de Santo Ant\u00f4nio, est\u00e1 circulando entre paroquianos do bairro dos Capuchinhos. O 'Camarote dos Capuchinhos' ocupa o estacionamento lateral da igreja e defronte ao Col\u00e9gio Santo Ant\u00f4nio. O documento vai ser entregue a uma\u2026","rel":"","context":"Em &quot;Home&quot;","block_context":{"text":"Home","link":"https:\/\/blogdafeira.com.br\/home\/categoria\/raiz\/"},"img":{"alt_text":"","src":"","width":0,"height":0},"classes":[]}],"_links":{"self":[{"href":"https:\/\/blogdafeira.com.br\/home\/wp-json\/wp\/v2\/posts\/80","targetHints":{"allow":["GET"]}}],"collection":[{"href":"https:\/\/blogdafeira.com.br\/home\/wp-json\/wp\/v2\/posts"}],"about":[{"href":"https:\/\/blogdafeira.com.br\/home\/wp-json\/wp\/v2\/types\/post"}],"author":[{"embeddable":true,"href":"https:\/\/blogdafeira.com.br\/home\/wp-json\/wp\/v2\/users\/1"}],"replies":[{"embeddable":true,"href":"https:\/\/blogdafeira.com.br\/home\/wp-json\/wp\/v2\/comments?post=80"}],"version-history":[{"count":4,"href":"https:\/\/blogdafeira.com.br\/home\/wp-json\/wp\/v2\/posts\/80\/revisions"}],"predecessor-version":[{"id":84,"href":"https:\/\/blogdafeira.com.br\/home\/wp-json\/wp\/v2\/posts\/80\/revisions\/84"}],"wp:attachment":[{"href":"https:\/\/blogdafeira.com.br\/home\/wp-json\/wp\/v2\/media?parent=80"}],"wp:term":[{"taxonomy":"category","embeddable":true,"href":"https:\/\/blogdafeira.com.br\/home\/wp-json\/wp\/v2\/categories?post=80"},{"taxonomy":"post_tag","embeddable":true,"href":"https:\/\/blogdafeira.com.br\/home\/wp-json\/wp\/v2\/tags?post=80"}],"curies":[{"name":"wp","href":"https:\/\/api.w.org\/{rel}","templated":true}]}}