{"id":8132,"date":"2014-01-09T13:47:18","date_gmt":"2014-01-09T15:47:18","guid":{"rendered":"http:\/\/blogdafeira.com.br\/home\/?p=8132"},"modified":"2014-01-09T13:47:18","modified_gmt":"2014-01-09T15:47:18","slug":"jovem-de-20-anos-assassinado-na-rua-da-salgadeira-em-humildes","status":"publish","type":"post","link":"https:\/\/blogdafeira.com.br\/home\/2014\/01\/09\/jovem-de-20-anos-assassinado-na-rua-da-salgadeira-em-humildes\/","title":{"rendered":"Jovem de 20 anos assassinado na rua da Salgadeira em Humildes"},"content":{"rendered":"<div>Danilo Nascimento de Freitas, 20 anos, \u00a0foi assassinado com v\u00e1rios tiros na manh\u00e3 desta quinta-feira,9, no distrito rural de Humildes, em Feira de Santana.<\/div>\n<div id=\"blogd-827767470\" class=\"blogd-final-post blogd-entity-placement\"><a href=\"https:\/\/www.feiradesantana.ba.leg.br\/\" target=\"_blank\" aria-label=\"BANNER-SITE-ENTREGADECHEQUE-CAMARADEFEIRA\"><img loading=\"lazy\" decoding=\"async\" src=\"https:\/\/blogdafeira.com.br\/home\/wp-content\/uploads\/2026\/03\/BANNER-SITE-ENTREGADECHEQUE-CAMARADEFEIRA.gif\" alt=\"\"  class=\"no-lazyload\" width=\"728\" height=\"90\"   \/><\/a><\/div><div>\n<div id=\"blogd-2053533576\" class=\"blogd-fim-do-post-mobile blogd-entity-placement\" style=\"margin-left: auto;margin-right: auto;text-align: center;\"><a href=\"https:\/\/www.sefaz.feiradesantana.ba.gov.br\/\" target=\"_blank\" aria-label=\"728&#215;90 (6)\"><img loading=\"lazy\" decoding=\"async\" src=\"https:\/\/blogdafeira.com.br\/home\/wp-content\/uploads\/2026\/03\/728x90-6.gif\" alt=\"\"  class=\"no-lazyload\" width=\"728\" height=\"90\"  style=\"display: inline-block;\" \/><\/a><\/div><p>\u00a0O crime aconteceu na rua da Salgadeira, localidade conhecida como S\u00edtio Boa Vista, naquele distrito.<\/p><div id=\"blogd-752360600\" class=\"blogd-conteudo-2-mobile blogd-entity-placement\"><a href=\"https:\/\/feirenses.com.br\/\" target=\"_blank\" aria-label=\"feirenses\"><img loading=\"lazy\" decoding=\"async\" src=\"https:\/\/blogdafeira.com.br\/home\/wp-content\/uploads\/2026\/04\/feirenses.png\" alt=\"\"  srcset=\"https:\/\/blogdafeira.com.br\/home\/wp-content\/uploads\/2026\/04\/feirenses.png 300w, https:\/\/blogdafeira.com.br\/home\/wp-content\/uploads\/2026\/04\/feirenses-170x45.png 170w, https:\/\/blogdafeira.com.br\/home\/wp-content\/uploads\/2026\/04\/feirenses-280x74.png 280w\" sizes=\"(max-width: 300px) 100vw, 300px\" class=\"no-lazyload\" width=\"300\" height=\"79\"  style=\"display: inline-block;\" \/><\/a><\/div>\n<p>Segundo informa\u00e7\u00f5es publicadas no <a href=\"http:\/\/centraldepoliciafsa.blogspot.com.br\/2014\/01\/jovem-e-executado-no-distrito-de.html\" target=\"_blank\">Central de Pol\u00edcia,<\/a> \u00a0o jovem foi surpreendido por quatro homens que estavam em duas motocicletas de dados ignorados.<\/p>\n<p>Leia tamb\u00e9m:<\/p>\n<h1><a title=\"Permalink to \u2018Trag\u00e9dia da Calamar\u2019: escapou do tr\u00e1fico, morreu na constru\u00e7\u00e3o civil\" href=\"http:\/\/blogdafeira.com.br\/home\/?p=8093\" rel=\"bookmark\">\u2018Trag\u00e9dia da Calamar\u2019: escapou do tr\u00e1fico, morreu na constru\u00e7\u00e3o civil<\/a><\/h1>\n<\/div>\n","protected":false},"excerpt":{"rendered":"<p>Danilo Nascimento de Freitas, 20 anos, \u00a0foi assassinado com v\u00e1rios tiros na manh\u00e3 desta quinta-feira,9, no distrito rural de Humildes, em Feira de Santana. \u00a0O crime aconteceu na rua da Salgadeira, localidade conhecida como S\u00edtio Boa Vista, naquele distrito. Segundo informa\u00e7\u00f5es publicadas no Central de Pol\u00edcia, \u00a0o jovem foi surpreendido por quatro homens que estavam<\/p>\n","protected":false},"author":1,"featured_media":0,"comment_status":"closed","ping_status":"closed","sticky":false,"template":"","format":"standard","meta":{"jetpack_post_was_ever_published":false,"cybocfi_hide_featured_image":"","_jetpack_newsletter_access":"","_jetpack_dont_email_post_to_subs":false,"_jetpack_newsletter_tier_id":0,"_jetpack_memberships_contains_paywalled_content":false,"_jetpack_memberships_contains_paid_content":false,"footnotes":"","jetpack_publicize_message":"","jetpack_publicize_feature_enabled":true,"jetpack_social_post_already_shared":true,"jetpack_social_options":{"image_generator_settings":{"template":"highway","default_image_id":0,"font":"","enabled":false},"version":2}},"categories":[1],"tags":[],"class_list":["post-8132","post","type-post","status-publish","format-standard","hentry","category-raiz"],"jetpack_publicize_connections":[],"jetpack_featured_media_url":"","jetpack_shortlink":"https:\/\/wp.me\/p3niVf-27a","jetpack_sharing_enabled":true,"jetpack-related-posts":[{"id":3134,"url":"https:\/\/blogdafeira.com.br\/home\/2013\/06\/30\/jovem-de-17-anos-e-assassinada-na-festa-de-sao-pedro-de-humildes\/","url_meta":{"origin":8132,"position":0},"title":"Jovem de 17 anos assassinada na festa de S\u00e3o Pedro de Humildes","author":"Blog da Feira","date":"30\/06\/2013","format":false,"excerpt":"Uma jovem morreu ap\u00f3s ser baleada\u00a0\u00a0na\u00a0madrugada deste domingo (30)\u00a0durante os festejos juninos do distrito de Humildes em Feira de Santana (BA). Segundo \u00a0informa\u00e7\u00f5es do site BK2, \u00a0Tain\u00e1 Cordeiro Servo, 17, se divertia na festa quando por volta de 2h\u00a0um homem se aproximou dela armado e deflagrou v\u00e1rios tiros. Tr\u00eas dos\u2026","rel":"","context":"Em &quot;Home&quot;","block_context":{"text":"Home","link":"https:\/\/blogdafeira.com.br\/home\/categoria\/raiz\/"},"img":{"alt_text":"HUMILDES","src":"https:\/\/i0.wp.com\/blogdafeira.com.br\/home\/wp-content\/uploads\/2013\/06\/HUMILDES-170x128.jpg?resize=350%2C200","width":350,"height":200},"classes":[]},{"id":54982,"url":"https:\/\/blogdafeira.com.br\/home\/2022\/10\/20\/prefeitura-de-feira-melhora-estradas-e-caminhos-nos-8-distritos-rurais\/","url_meta":{"origin":8132,"position":1},"title":"Prefeitura de Feira melhora estradas e caminhos nos 8 distritos rurais","author":"Blog da Feira","date":"20\/10\/2022","format":false,"excerpt":"A Prefeitura de Feira intensificou os servi\u00e7os de patrolamento e encascalhamento nos distritos de Humildes, Ipua\u00e7u, Jaguara, Maria Quit\u00e9ria, Matinha e Tiquaru\u00e7u, al\u00e9m dos bairros da zona urbana. Os servi\u00e7os s\u00e3o executados pela Superintend\u00eancia de Opera\u00e7\u00f5es e Manuten\u00e7\u00e3o (SOMA). Foram utilizadas 16 ca\u00e7ambas de cascalho para o patrolamento e encascalhamento\u2026","rel":"","context":"Em &quot;Distritos&quot;","block_context":{"text":"Distritos","link":"https:\/\/blogdafeira.com.br\/home\/categoria\/distritos\/"},"img":{"alt_text":"","src":"https:\/\/i0.wp.com\/blogdafeira.com.br\/home\/wp-content\/uploads\/2022\/10\/Patrolamento-e-encascalamento-Foto-Divulgacao-Foto-ACM-43.jpg?resize=350%2C200&ssl=1","width":350,"height":200,"srcset":"https:\/\/i0.wp.com\/blogdafeira.com.br\/home\/wp-content\/uploads\/2022\/10\/Patrolamento-e-encascalamento-Foto-Divulgacao-Foto-ACM-43.jpg?resize=350%2C200&ssl=1 1x, https:\/\/i0.wp.com\/blogdafeira.com.br\/home\/wp-content\/uploads\/2022\/10\/Patrolamento-e-encascalamento-Foto-Divulgacao-Foto-ACM-43.jpg?resize=525%2C300&ssl=1 1.5x, https:\/\/i0.wp.com\/blogdafeira.com.br\/home\/wp-content\/uploads\/2022\/10\/Patrolamento-e-encascalamento-Foto-Divulgacao-Foto-ACM-43.jpg?resize=700%2C400&ssl=1 2x, https:\/\/i0.wp.com\/blogdafeira.com.br\/home\/wp-content\/uploads\/2022\/10\/Patrolamento-e-encascalamento-Foto-Divulgacao-Foto-ACM-43.jpg?resize=1050%2C600&ssl=1 3x"},"classes":[]},{"id":14391,"url":"https:\/\/blogdafeira.com.br\/home\/2015\/03\/31\/grupo-de-teatro-do-distrito-de-humildes-em-feira-encena-a-paixao-ha-18-anos\/","url_meta":{"origin":8132,"position":2},"title":"Grupo de Teatro do distrito de Humildes em Feira encena a &#8216;Paix\u00e3o&#8217; h\u00e1 18 anos","author":"Blog da Feira","date":"31\/03\/2015","format":false,"excerpt":"O espet\u00e1culo \u201cA Paix\u00e3o e Morte de Cristo\u201d, que ser\u00e1 encenada nos distritos de Bonfim de Feira e Humildes, dias 1 e 2 de abril, sempre a partir das 19h,\u00e9 organizado h\u00e1 18 anos por Ubaldo de Oliveira Santos, mais conhecido como Bal de Humildes, que tamb\u00e9m faz o papel\u2026","rel":"","context":"Em &quot;Distritos&quot;","block_context":{"text":"Distritos","link":"https:\/\/blogdafeira.com.br\/home\/categoria\/distritos\/"},"img":{"alt_text":"bonfim","src":"https:\/\/i0.wp.com\/blogdafeira.com.br\/home\/wp-content\/uploads\/2015\/03\/bonfim.jpg?resize=350%2C200","width":350,"height":200,"srcset":"https:\/\/i0.wp.com\/blogdafeira.com.br\/home\/wp-content\/uploads\/2015\/03\/bonfim.jpg?resize=350%2C200 1x, https:\/\/i0.wp.com\/blogdafeira.com.br\/home\/wp-content\/uploads\/2015\/03\/bonfim.jpg?resize=525%2C300 1.5x"},"classes":[]},{"id":58641,"url":"https:\/\/blogdafeira.com.br\/home\/2023\/07\/13\/humildes-comemorou-164-anos\/","url_meta":{"origin":8132,"position":3},"title":"Humildes comemora 164 anos de exist\u00eancia","author":"Blog da Feira","date":"13\/07\/2023","format":false,"excerpt":"O distrito de Humildes comemorou hoje (quinta-feira ,13) 164 anos. Humildes \u00e9 um distrito do munic\u00edpio baiano de Feira de Santana, o \u00fanico dos oito existe tes no munic\u00edpio que se localiza fora do pol\u00edgono das secas, e conta com uma popula\u00e7\u00e3o de quase 35 mil habitantes. Uma missa presidida\u2026","rel":"","context":"Em &quot;Distritos&quot;","block_context":{"text":"Distritos","link":"https:\/\/blogdafeira.com.br\/home\/categoria\/distritos\/"},"img":{"alt_text":"","src":"https:\/\/i0.wp.com\/blogdafeira.com.br\/home\/wp-content\/uploads\/2023\/07\/Missa-pelos-164-anos-de-Humildes-Foto-ACM-1.jpg?resize=350%2C200&ssl=1","width":350,"height":200,"srcset":"https:\/\/i0.wp.com\/blogdafeira.com.br\/home\/wp-content\/uploads\/2023\/07\/Missa-pelos-164-anos-de-Humildes-Foto-ACM-1.jpg?resize=350%2C200&ssl=1 1x, https:\/\/i0.wp.com\/blogdafeira.com.br\/home\/wp-content\/uploads\/2023\/07\/Missa-pelos-164-anos-de-Humildes-Foto-ACM-1.jpg?resize=525%2C300&ssl=1 1.5x, https:\/\/i0.wp.com\/blogdafeira.com.br\/home\/wp-content\/uploads\/2023\/07\/Missa-pelos-164-anos-de-Humildes-Foto-ACM-1.jpg?resize=700%2C400&ssl=1 2x, https:\/\/i0.wp.com\/blogdafeira.com.br\/home\/wp-content\/uploads\/2023\/07\/Missa-pelos-164-anos-de-Humildes-Foto-ACM-1.jpg?resize=1050%2C600&ssl=1 3x"},"classes":[]},{"id":23722,"url":"https:\/\/blogdafeira.com.br\/home\/2016\/10\/03\/distrito-de-humildes-elege-2-vereadores-de-feira-apos-perder-emancipacao\/","url_meta":{"origin":8132,"position":4},"title":"Distrito de Humildes elege 2 vereadores de Feira ap\u00f3s perder emancipa\u00e7\u00e3o","author":"Blog da Feira","date":"03\/10\/2016","format":false,"excerpt":"O sonho do distrito de Humildes ser \u00a0um munic\u00edpio como Feira de Santana foi desfeito em todas as inst\u00e2ncias, inclusive a econ\u00f4mica mas o sentimento de uni\u00e3o territorial nascido do movimento de emancipa\u00e7\u00e3o surtiu efeito e dos 14 candidatos a vereador do local, dois foram eleitos com votos distritais para\u2026","rel":"","context":"Em &quot;Distritos&quot;","block_context":{"text":"Distritos","link":"https:\/\/blogdafeira.com.br\/home\/categoria\/distritos\/"},"img":{"alt_text":"Z\u00c9 CURUCA fabiano da van","src":"https:\/\/i0.wp.com\/blogdafeira.com.br\/home\/wp-content\/uploads\/2016\/10\/Z%C3%89-CURUCA-fabiano-da-van.jpg?resize=350%2C200","width":350,"height":200,"srcset":"https:\/\/i0.wp.com\/blogdafeira.com.br\/home\/wp-content\/uploads\/2016\/10\/Z%C3%89-CURUCA-fabiano-da-van.jpg?resize=350%2C200 1x, https:\/\/i0.wp.com\/blogdafeira.com.br\/home\/wp-content\/uploads\/2016\/10\/Z%C3%89-CURUCA-fabiano-da-van.jpg?resize=525%2C300 1.5x"},"classes":[]},{"id":44172,"url":"https:\/\/blogdafeira.com.br\/home\/2021\/03\/16\/humildes-e-o-distrito-com-maior-numero-de-casos-da-covid-19\/","url_meta":{"origin":8132,"position":5},"title":"Humildes \u00e9 o distrito com\u00a0maior n\u00famero de casos\u00a0da Covid-19","author":"J\u00e2nio R\u00eago","date":"16\/03\/2021","format":false,"excerpt":"A Prefeitura de Feira de Santana, por meio da Secretaria de Sa\u00fade, intensificou a realiza\u00e7\u00e3o de exames para diagn\u00f3stico da Covid-19 no distrito de Humildes. A a\u00e7\u00e3o teve in\u00edcio no \u00faltimo domingo, 13, e segue at\u00e9 o dia 20 na policl\u00ednica do distrito. O objetivo \u00e9 assegurar o acesso ao\u2026","rel":"","context":"Em &quot;Distritos&quot;","block_context":{"text":"Distritos","link":"https:\/\/blogdafeira.com.br\/home\/categoria\/distritos\/"},"img":{"alt_text":"","src":"https:\/\/i0.wp.com\/blogdafeira.com.br\/home\/wp-content\/uploads\/2021\/03\/5c6711a285151.jpg?resize=350%2C200&ssl=1","width":350,"height":200},"classes":[]}],"_links":{"self":[{"href":"https:\/\/blogdafeira.com.br\/home\/wp-json\/wp\/v2\/posts\/8132","targetHints":{"allow":["GET"]}}],"collection":[{"href":"https:\/\/blogdafeira.com.br\/home\/wp-json\/wp\/v2\/posts"}],"about":[{"href":"https:\/\/blogdafeira.com.br\/home\/wp-json\/wp\/v2\/types\/post"}],"author":[{"embeddable":true,"href":"https:\/\/blogdafeira.com.br\/home\/wp-json\/wp\/v2\/users\/1"}],"replies":[{"embeddable":true,"href":"https:\/\/blogdafeira.com.br\/home\/wp-json\/wp\/v2\/comments?post=8132"}],"version-history":[{"count":1,"href":"https:\/\/blogdafeira.com.br\/home\/wp-json\/wp\/v2\/posts\/8132\/revisions"}],"predecessor-version":[{"id":8133,"href":"https:\/\/blogdafeira.com.br\/home\/wp-json\/wp\/v2\/posts\/8132\/revisions\/8133"}],"wp:attachment":[{"href":"https:\/\/blogdafeira.com.br\/home\/wp-json\/wp\/v2\/media?parent=8132"}],"wp:term":[{"taxonomy":"category","embeddable":true,"href":"https:\/\/blogdafeira.com.br\/home\/wp-json\/wp\/v2\/categories?post=8132"},{"taxonomy":"post_tag","embeddable":true,"href":"https:\/\/blogdafeira.com.br\/home\/wp-json\/wp\/v2\/tags?post=8132"}],"curies":[{"name":"wp","href":"https:\/\/api.w.org\/{rel}","templated":true}]}}