{"id":8322,"date":"2014-01-15T08:25:55","date_gmt":"2014-01-15T10:25:55","guid":{"rendered":"http:\/\/blogdafeira.com.br\/home\/?p=8322"},"modified":"2014-01-15T08:25:55","modified_gmt":"2014-01-15T10:25:55","slug":"dom-itamar-transfere-padre-da-catedral-de-feira-para-agua-fria","status":"publish","type":"post","link":"https:\/\/blogdafeira.com.br\/home\/2014\/01\/15\/dom-itamar-transfere-padre-da-catedral-de-feira-para-agua-fria\/","title":{"rendered":"Dom Itamar transfere padre da Catedral de Feira para \u00c1gua Fria"},"content":{"rendered":"<div id=\"blogd-3001720676\" class=\"blogd-fim-do-post-mobile blogd-entity-placement\" style=\"margin-left: auto;margin-right: auto;text-align: center;\"><a href=\"https:\/\/www.sefaz.feiradesantana.ba.gov.br\/\" target=\"_blank\" aria-label=\"728&#215;90 (6)\"><img loading=\"lazy\" decoding=\"async\" src=\"https:\/\/blogdafeira.com.br\/home\/wp-content\/uploads\/2026\/03\/728x90-6.gif\" alt=\"\"  class=\"no-lazyload\" width=\"728\" height=\"90\"  style=\"display: inline-block;\" \/><\/a><\/div><p><img loading=\"lazy\" decoding=\"async\" class=\"aligncenter size-full wp-image-8323\" alt=\"VIAN\" src=\"http:\/\/blogdafeira.com.br\/home\/wp-content\/uploads\/2014\/01\/VIAN.jpg\" width=\"640\" height=\"480\" srcset=\"https:\/\/blogdafeira.com.br\/home\/wp-content\/uploads\/2014\/01\/VIAN.jpg 640w, https:\/\/blogdafeira.com.br\/home\/wp-content\/uploads\/2014\/01\/VIAN-170x127.jpg 170w, https:\/\/blogdafeira.com.br\/home\/wp-content\/uploads\/2014\/01\/VIAN-346x259.jpg 346w\" sizes=\"auto, (max-width: 640px) 100vw, 640px\" \/>O arcebispo de Feira de Santana, dom Itamar Vian, transferiu o padre Luciano dos Santos, vig\u00e1rio da Catedral, para a par\u00f3quia da cidade de \u00c1gua Fria, a mais de 40 quil\u00f4metros de Feira.<\/p><div id=\"blogd-2912813933\" class=\"blogd-conteudo-2-mobile blogd-entity-placement\"><a href=\"https:\/\/feirenses.com.br\/\" target=\"_blank\" aria-label=\"feirenses\"><img loading=\"lazy\" decoding=\"async\" src=\"https:\/\/blogdafeira.com.br\/home\/wp-content\/uploads\/2026\/04\/feirenses.png\" alt=\"\"  srcset=\"https:\/\/blogdafeira.com.br\/home\/wp-content\/uploads\/2026\/04\/feirenses.png 300w, https:\/\/blogdafeira.com.br\/home\/wp-content\/uploads\/2026\/04\/feirenses-170x45.png 170w, https:\/\/blogdafeira.com.br\/home\/wp-content\/uploads\/2026\/04\/feirenses-280x74.png 280w\" sizes=\"(max-width: 300px) 100vw, 300px\" class=\"no-lazyload\" width=\"300\" height=\"79\"  style=\"display: inline-block;\" \/><\/a><\/div>\n<p>Al\u00e9m de padre Luciano, mais quatro padres mudaram de par\u00f3quias. A Catedral est\u00e1 sem p\u00e1roco.<\/p>\n<p>Jos\u00e9 Carlos Lima, do bairro do Tomba em Feira foi para Santa B\u00e1rbara; padre Ant\u00f4nio, de \u00c1gua Fria, agora est\u00e1 no distrito feirense de S\u00e3o Jos\u00e9 das Itapororocas; Zorimar da Silva deixou S\u00e3o Jos\u00e9 Oper\u00e1rio para o distrito rural de Ipua\u00e7u em Feira e o padre Z\u00e9 Ribeiro saiu de Concei\u00e7\u00e3o do Jacuipe (Berimbau) e foi morar no Tomba.<\/p>\n<div id=\"blogd-257301557\" class=\"blogd-final-post blogd-entity-placement\"><a href=\"https:\/\/www.feiradesantana.ba.leg.br\/\" target=\"_blank\" aria-label=\"BANNER-SITE-ENTREGADECHEQUE-CAMARADEFEIRA\"><img loading=\"lazy\" decoding=\"async\" src=\"https:\/\/blogdafeira.com.br\/home\/wp-content\/uploads\/2026\/03\/BANNER-SITE-ENTREGADECHEQUE-CAMARADEFEIRA.gif\" alt=\"\"  class=\"no-lazyload\" width=\"728\" height=\"90\"   \/><\/a><\/div><p>A transfer\u00eancia ou \u2018rod\u00edzio\u2019 de padres de uma par\u00f3quia para outra tem sido uma das marcas da administra\u00e7\u00e3o de \u00a0Dom Itamar Vian na Arquidiocese de Feira de Santana e acontecem em quase todo in\u00edcio de ano.<\/p>\n","protected":false},"excerpt":{"rendered":"<p>O arcebispo de Feira de Santana, dom Itamar Vian, transferiu o padre Luciano dos Santos, vig\u00e1rio da Catedral, para a par\u00f3quia da cidade de \u00c1gua Fria, a mais de 40 quil\u00f4metros de Feira. Al\u00e9m de padre Luciano, mais quatro padres mudaram de par\u00f3quias. A Catedral est\u00e1 sem p\u00e1roco. Jos\u00e9 Carlos Lima, do bairro do Tomba<\/p>\n","protected":false},"author":1,"featured_media":0,"comment_status":"closed","ping_status":"closed","sticky":false,"template":"","format":"standard","meta":{"jetpack_post_was_ever_published":false,"cybocfi_hide_featured_image":"","_jetpack_newsletter_access":"","_jetpack_dont_email_post_to_subs":false,"_jetpack_newsletter_tier_id":0,"_jetpack_memberships_contains_paywalled_content":false,"_jetpack_memberships_contains_paid_content":false,"footnotes":"","jetpack_publicize_message":"","jetpack_publicize_feature_enabled":true,"jetpack_social_post_already_shared":true,"jetpack_social_options":{"image_generator_settings":{"template":"highway","default_image_id":0,"font":"","enabled":false},"version":2}},"categories":[1],"tags":[],"class_list":["post-8322","post","type-post","status-publish","format-standard","hentry","category-raiz"],"jetpack_publicize_connections":[],"jetpack_featured_media_url":"","jetpack_shortlink":"https:\/\/wp.me\/p3niVf-2ae","jetpack_sharing_enabled":true,"jetpack-related-posts":[{"id":13766,"url":"https:\/\/blogdafeira.com.br\/home\/2014\/11\/28\/dom-itamar-transfere-e-nomeia-padres-da-arquidiocese-de-feira\/","url_meta":{"origin":8322,"position":0},"title":"Dom Itamar transfere e nomeia padres da Arquidiocese de Feira","author":"Blog da Feira","date":"28\/11\/2014","format":false,"excerpt":"O Arcebispo Metropolitano Dom Itamar Vian, juntamente com o Conselho Presbiteral, antecipou as transfer\u00eancias e nomea\u00e7\u00f5es que costuma fazer no in\u00edcio de cada ano novo.\u00a0Os transferidos devem assumir a nova par\u00f3quia ou fun\u00e7\u00e3o antes do in\u00edcio da quaresma de 2015. Foram realizadas as seguintes transfer\u00eancias e nomea\u00e7\u00f5es pela Arquidiocese de\u2026","rel":"","context":"Em &quot;Home&quot;","block_context":{"text":"Home","link":"https:\/\/blogdafeira.com.br\/home\/categoria\/raiz\/"},"img":{"alt_text":"transferencis","src":"https:\/\/i0.wp.com\/blogdafeira.com.br\/home\/wp-content\/uploads\/2014\/11\/transferencis.jpg?resize=350%2C200","width":350,"height":200},"classes":[]},{"id":3855,"url":"https:\/\/blogdafeira.com.br\/home\/2013\/07\/26\/dom-itamar-reforca-pedidos-feitos-pelo-papa-francisco-no-brasil\/","url_meta":{"origin":8322,"position":1},"title":"Dom Itamar refor\u00e7a pedidos feitos pelo papa Francisco no Brasil","author":"Blog da Feira","date":"26\/07\/2013","format":false,"excerpt":"As comemora\u00e7\u00f5es dedicadas \u00e0 Senhora Sant\u2019Ana, padroeira de Feira de Santana, ganharam um tom ainda mais especial este ano, devido a presen\u00e7a do papa Francisco no Brasil. Nesta sexta-feira (26), durante missa solene celebrada na Catedral que leva o nome da santa, o arcebispo metropolitano Dom Itamar Vian disse que\u2026","rel":"","context":"Em &quot;Home&quot;","block_context":{"text":"Home","link":"https:\/\/blogdafeira.com.br\/home\/categoria\/raiz\/"},"img":{"alt_text":"Festa de SantAna (3)","src":"https:\/\/i0.wp.com\/blogdafeira.com.br\/home\/wp-content\/uploads\/2013\/07\/Festa-de-SantAna-3.jpg?resize=350%2C200","width":350,"height":200,"srcset":"https:\/\/i0.wp.com\/blogdafeira.com.br\/home\/wp-content\/uploads\/2013\/07\/Festa-de-SantAna-3.jpg?resize=350%2C200 1x, https:\/\/i0.wp.com\/blogdafeira.com.br\/home\/wp-content\/uploads\/2013\/07\/Festa-de-SantAna-3.jpg?resize=525%2C300 1.5x"},"classes":[]},{"id":2097,"url":"https:\/\/blogdafeira.com.br\/home\/2013\/05\/29\/catorze-paroquias-participam-da-procissao-de-corpus-christi-em-feira\/","url_meta":{"origin":8322,"position":2},"title":"Catorze par\u00f3quias participam da prociss\u00e3o de Corpus Christi em Feira","author":"Blog da Feira","date":"29\/05\/2013","format":false,"excerpt":"Os cat\u00f3licos celebram a festa de Corpus Christi (Corpo de Cristo) nesta quinta-feira pela manh\u00e3, com missa, na Pra\u00e7a Padre Ov\u00eddio, ao lado da Catedral Senhora Santana e em seguida haver\u00e1 a prociss\u00e3o. As ruas amanhecem o dia cobertas com tapetes coloridos com os mais diferentes produtos e motivos religiosos.\u2026","rel":"","context":"Em &quot;Home&quot;","block_context":{"text":"Home","link":"https:\/\/blogdafeira.com.br\/home\/categoria\/raiz\/"},"img":{"alt_text":"","src":"","width":0,"height":0},"classes":[]},{"id":3597,"url":"https:\/\/blogdafeira.com.br\/home\/2013\/07\/16\/catolicos-comecam-a-novena-para-a-padroeira-de-feira-santanna\/","url_meta":{"origin":8322,"position":3},"title":"Cat\u00f3licos come\u00e7am a novena para a Padroeira de Feira: Sant\u2019Anna","author":"Blog da Feira","date":"16\/07\/2013","format":false,"excerpt":"A Comunidade Cat\u00f3lica da Arquidiocese de Feira de Santana come\u00e7a nesta quarta-feira, \u00e0s 20 horas, na Catedral, a novena dedicada \u00e0 Padroeira Nossa Senhora Sant\u2019Anna. Pela programa\u00e7\u00e3o da festa, em cada um dos nove dias de ora\u00e7\u00f5es um cl\u00e9rigo falar\u00e1 sobre um tema religioso e \u00e9 definido um tipo de\u2026","rel":"","context":"Em &quot;Home&quot;","block_context":{"text":"Home","link":"https:\/\/blogdafeira.com.br\/home\/categoria\/raiz\/"},"img":{"alt_text":"DSC05854","src":"https:\/\/i0.wp.com\/blogdafeira.com.br\/home\/wp-content\/uploads\/2013\/07\/DSC05854.jpg?resize=350%2C200","width":350,"height":200,"srcset":"https:\/\/i0.wp.com\/blogdafeira.com.br\/home\/wp-content\/uploads\/2013\/07\/DSC05854.jpg?resize=350%2C200 1x, https:\/\/i0.wp.com\/blogdafeira.com.br\/home\/wp-content\/uploads\/2013\/07\/DSC05854.jpg?resize=525%2C300 1.5x"},"classes":[]},{"id":19073,"url":"https:\/\/blogdafeira.com.br\/home\/2016\/01\/11\/dom-zanoni-nomeia-novo-paroco-para-a-catedral-de-feira-de-santanna\/","url_meta":{"origin":8322,"position":4},"title":"Dom Zanoni nomeia novo p\u00e1roco para a Catedral de Feira de Sant&#8217;Anna","author":"Blog da Feira","date":"11\/01\/2016","format":false,"excerpt":"O Arcebispo dom Zanoni Demettino Castro come\u00e7ou a fazer mudan\u00e7as no clero da Arquidiocese\u00a0Metropolitana de Feira de Santana, montando a 'equipe de governo'. Dom Zanoni j\u00e1 nomeou - e toma posse no pr\u00f3ximo dia 31 - um novo p\u00e1roco para a principal par\u00f3quia da Arquidiocese, a da Catedral de Senhora\u2026","rel":"","context":"Em &quot;Home&quot;","block_context":{"text":"Home","link":"https:\/\/blogdafeira.com.br\/home\/categoria\/raiz\/"},"img":{"alt_text":"zanoni","src":"https:\/\/i0.wp.com\/blogdafeira.com.br\/home\/wp-content\/uploads\/2015\/11\/zanoni-170x96.jpg?resize=350%2C200","width":350,"height":200},"classes":[]},{"id":25331,"url":"https:\/\/blogdafeira.com.br\/home\/2017\/01\/11\/detalhes-do-interior-da-historica-catedral-metropolitana-de-santanna\/","url_meta":{"origin":8322,"position":5},"title":"Detalhes do interior da hist\u00f3rica Catedral Metropolitana de Sant&#8217;Anna","author":"Blog da Feira","date":"11\/01\/2017","format":false,"excerpt":"Dom Zanoni Demettino ao assumir a Arquidiocese de Feira de Santana em substitui\u00e7\u00e3o a dom Itamar Vian, \u00a0foi buscar o lema dele nos textos do profeta Isaias: Ecce Mitte Me: 'Eis-me, envia-me'. Como no tempo do Profeta, vivemos tamb\u00e9m uma \u00e9poca de conturba\u00e7\u00e3o, talvez da\u00ed a escolha...Na foto, a frase\u2026","rel":"","context":"Em &quot;Home&quot;","block_context":{"text":"Home","link":"https:\/\/blogdafeira.com.br\/home\/categoria\/raiz\/"},"img":{"alt_text":"img_20170111_124451","src":"https:\/\/i0.wp.com\/blogdafeira.com.br\/home\/wp-content\/uploads\/2017\/01\/IMG_20170111_124451-634x1024.jpg?resize=350%2C200","width":350,"height":200,"srcset":"https:\/\/i0.wp.com\/blogdafeira.com.br\/home\/wp-content\/uploads\/2017\/01\/IMG_20170111_124451-634x1024.jpg?resize=350%2C200 1x, https:\/\/i0.wp.com\/blogdafeira.com.br\/home\/wp-content\/uploads\/2017\/01\/IMG_20170111_124451-634x1024.jpg?resize=525%2C300 1.5x"},"classes":[]}],"_links":{"self":[{"href":"https:\/\/blogdafeira.com.br\/home\/wp-json\/wp\/v2\/posts\/8322","targetHints":{"allow":["GET"]}}],"collection":[{"href":"https:\/\/blogdafeira.com.br\/home\/wp-json\/wp\/v2\/posts"}],"about":[{"href":"https:\/\/blogdafeira.com.br\/home\/wp-json\/wp\/v2\/types\/post"}],"author":[{"embeddable":true,"href":"https:\/\/blogdafeira.com.br\/home\/wp-json\/wp\/v2\/users\/1"}],"replies":[{"embeddable":true,"href":"https:\/\/blogdafeira.com.br\/home\/wp-json\/wp\/v2\/comments?post=8322"}],"version-history":[{"count":1,"href":"https:\/\/blogdafeira.com.br\/home\/wp-json\/wp\/v2\/posts\/8322\/revisions"}],"predecessor-version":[{"id":8324,"href":"https:\/\/blogdafeira.com.br\/home\/wp-json\/wp\/v2\/posts\/8322\/revisions\/8324"}],"wp:attachment":[{"href":"https:\/\/blogdafeira.com.br\/home\/wp-json\/wp\/v2\/media?parent=8322"}],"wp:term":[{"taxonomy":"category","embeddable":true,"href":"https:\/\/blogdafeira.com.br\/home\/wp-json\/wp\/v2\/categories?post=8322"},{"taxonomy":"post_tag","embeddable":true,"href":"https:\/\/blogdafeira.com.br\/home\/wp-json\/wp\/v2\/tags?post=8322"}],"curies":[{"name":"wp","href":"https:\/\/api.w.org\/{rel}","templated":true}]}}