{"id":8838,"date":"2014-02-01T09:20:56","date_gmt":"2014-02-01T12:20:56","guid":{"rendered":"http:\/\/blogdafeira.com.br\/home\/?p=8838"},"modified":"2014-02-01T09:21:35","modified_gmt":"2014-02-01T12:21:35","slug":"a-micareta-o-povo-besta-e-o-clube-cajueiro-em-feira","status":"publish","type":"post","link":"https:\/\/blogdafeira.com.br\/home\/2014\/02\/01\/a-micareta-o-povo-besta-e-o-clube-cajueiro-em-feira\/","title":{"rendered":"A Micareta, o Povo besta e o Clube Cajueiro em Feira"},"content":{"rendered":"<div id=\"blogd-3568223958\" class=\"blogd-fim-do-post-mobile blogd-entity-placement\" style=\"margin-left: auto;margin-right: auto;text-align: center;\"><a href=\"https:\/\/www.sefaz.feiradesantana.ba.gov.br\/\" target=\"_blank\" aria-label=\"728&#215;90 (6)\"><img loading=\"lazy\" decoding=\"async\" src=\"https:\/\/blogdafeira.com.br\/home\/wp-content\/uploads\/2026\/03\/728x90-6.gif\" alt=\"\"  class=\"no-lazyload\" width=\"728\" height=\"90\"  style=\"display: inline-block;\" \/><\/a><\/div><p>O circuito da Micareta foi invadido e definitivamente apropriado pela elite que antes se distanciava arrogantemente do povo no Clube de Campo Cajueiro. &#8220;N\u00f3s c\u00e1, e o povar\u00e9u l\u00e1&#8221; (Ningu\u00e9m chama isto de &#8220;invas\u00e3o&#8221;).<\/p><div id=\"blogd-2922821582\" class=\"blogd-conteudo-2-mobile blogd-entity-placement\"><a href=\"https:\/\/feirenses.com.br\/\" target=\"_blank\" aria-label=\"feirenses\"><img loading=\"lazy\" decoding=\"async\" src=\"https:\/\/blogdafeira.com.br\/home\/wp-content\/uploads\/2026\/04\/feirenses.png\" alt=\"\"  srcset=\"https:\/\/blogdafeira.com.br\/home\/wp-content\/uploads\/2026\/04\/feirenses.png 300w, https:\/\/blogdafeira.com.br\/home\/wp-content\/uploads\/2026\/04\/feirenses-170x45.png 170w, https:\/\/blogdafeira.com.br\/home\/wp-content\/uploads\/2026\/04\/feirenses-280x74.png 280w\" sizes=\"(max-width: 300px) 100vw, 300px\" class=\"no-lazyload\" width=\"300\" height=\"79\"  style=\"display: inline-block;\" \/><\/a><\/div>\n<p>O povo, besta, n\u00e3o reagiu quando esses bo\u00e7ais ocuparam o espa\u00e7o dele. E acabou sendo escorra\u00e7ado para a periferia da avenida, brigando entre si, para extravasar a revolta e o complexo de inferioridade.<\/p>\n<p>Se tivesse impedido a instala\u00e7\u00e3o do primeiro camarote, mesmo que fosse na porrada, isto n\u00e3o teria acontecido. Teria, este povo besta, pelo menos, preservado a autoestima.<\/p>\n<p>E teria escorra\u00e7ado a elitizinha de volta para o Cajueiro. &#8220;Isto aqui \u00e9 nosso, porra!&#8221;, teria gritado Lucas da Feira.<\/p>\n<p>Para a elite, haveria um saldo positivo: o Cajueiro permaneceria l\u00e1, servindo at\u00e9 hoje de inexpugn\u00e1vel ref\u00fagio para ela.<\/p>\n<div id=\"blogd-1832244940\" class=\"blogd-final-post blogd-entity-placement\"><a href=\"https:\/\/www.feiradesantana.ba.leg.br\/\" target=\"_blank\" aria-label=\"BANNER-SITE-ENTREGADECHEQUE-CAMARADEFEIRA\"><img loading=\"lazy\" decoding=\"async\" src=\"https:\/\/blogdafeira.com.br\/home\/wp-content\/uploads\/2026\/03\/BANNER-SITE-ENTREGADECHEQUE-CAMARADEFEIRA.gif\" alt=\"\"  class=\"no-lazyload\" width=\"728\" height=\"90\"   \/><\/a><\/div><p><strong><a href=\"https:\/\/www.facebook.com\/marcondes.araujocampos\" target=\"_blank\">Marcondes Ara\u00fajo Campos <\/a><\/strong><\/p>\n","protected":false},"excerpt":{"rendered":"<p>O circuito da Micareta foi invadido e definitivamente apropriado pela elite que antes se distanciava arrogantemente do povo no Clube de Campo Cajueiro. &#8220;N\u00f3s c\u00e1, e o povar\u00e9u l\u00e1&#8221; (Ningu\u00e9m chama isto de &#8220;invas\u00e3o&#8221;). O povo, besta, n\u00e3o reagiu quando esses bo\u00e7ais ocuparam o espa\u00e7o dele. E acabou sendo escorra\u00e7ado para a periferia da avenida,<\/p>\n","protected":false},"author":1,"featured_media":0,"comment_status":"closed","ping_status":"closed","sticky":false,"template":"","format":"standard","meta":{"jetpack_post_was_ever_published":false,"cybocfi_hide_featured_image":"","_jetpack_newsletter_access":"","_jetpack_dont_email_post_to_subs":false,"_jetpack_newsletter_tier_id":0,"_jetpack_memberships_contains_paywalled_content":false,"_jetpack_memberships_contains_paid_content":false,"footnotes":"","jetpack_publicize_message":"","jetpack_publicize_feature_enabled":true,"jetpack_social_post_already_shared":true,"jetpack_social_options":{"image_generator_settings":{"template":"highway","default_image_id":0,"font":"","enabled":false},"version":2}},"categories":[1],"tags":[],"class_list":["post-8838","post","type-post","status-publish","format-standard","hentry","category-raiz"],"jetpack_publicize_connections":[],"jetpack_featured_media_url":"","jetpack_shortlink":"https:\/\/wp.me\/p3niVf-2iy","jetpack_sharing_enabled":true,"jetpack-related-posts":[{"id":28063,"url":"https:\/\/blogdafeira.com.br\/home\/2017\/09\/01\/ze-aurino-um-homenageado-especial-na-reinauguracao-do-clube-cajueiro-em-feira-de-santana\/","url_meta":{"origin":8838,"position":0},"title":"Z\u00e9 Aurino, um homenageado especial na reinaugura\u00e7\u00e3o do Clube Cajueiro em Feira de Santana","author":"Blog da Feira","date":"01\/09\/2017","format":false,"excerpt":"\u00c9 certo dizer que o empres\u00e1rio Jodilton Souza homenageou toda Feira de Santana ao restaurar as depend\u00eancias do Clube de Campo Cajueiro, um \u00edcone da hist\u00f3ria social de lazer desta cidade. A iniciativa tamb\u00e9m elevou o nome do arquiteto Am\u00e9lio Amorim,j\u00e1 falecido, autor do elogiado projeto al\u00e9m de outros nomes\u2026","rel":"","context":"Em &quot;Home&quot;","block_context":{"text":"Home","link":"https:\/\/blogdafeira.com.br\/home\/categoria\/raiz\/"},"img":{"alt_text":"3-1","src":"https:\/\/i0.wp.com\/blogdafeira.com.br\/home\/wp-content\/uploads\/2017\/09\/3-1.jpg?resize=350%2C200","width":350,"height":200,"srcset":"https:\/\/i0.wp.com\/blogdafeira.com.br\/home\/wp-content\/uploads\/2017\/09\/3-1.jpg?resize=350%2C200 1x, https:\/\/i0.wp.com\/blogdafeira.com.br\/home\/wp-content\/uploads\/2017\/09\/3-1.jpg?resize=525%2C300 1.5x, https:\/\/i0.wp.com\/blogdafeira.com.br\/home\/wp-content\/uploads\/2017\/09\/3-1.jpg?resize=700%2C400 2x"},"classes":[]},{"id":1942,"url":"https:\/\/blogdafeira.com.br\/home\/2013\/05\/25\/senhores-conselheiros-do-clube-de-campo-cajueiro\/","url_meta":{"origin":8838,"position":1},"title":"Senhores Conselheiros do Clube de Campo Cajueiro","author":"Blog da Feira","date":"25\/05\/2013","format":false,"excerpt":"O Clube de Campo Cajueiro, com pouco mais de 200 s\u00f3cios, foi entregue \u00e0 alta sociedade de Feira de Santana no final de 1963. Menos de 50 anos depois, fundadores, seus filhos, netos e mais de 3000 outros associados n\u00e3o conseguiram conservar o maior s\u00edmbolo social da cidade. D\u00edvidas trabalhistas\u2026","rel":"","context":"Em &quot;Home&quot;","block_context":{"text":"Home","link":"https:\/\/blogdafeira.com.br\/home\/categoria\/raiz\/"},"img":{"alt_text":"","src":"","width":0,"height":0},"classes":[]},{"id":756,"url":"https:\/\/blogdafeira.com.br\/home\/2013\/04\/22\/caju-de-ouro-tempos-bons-que-nao-voltam-mais\/","url_meta":{"origin":8838,"position":2},"title":"Caju de Ouro, tempos bons que n\u00e3o voltam mais","author":"Blog da Feira","date":"22\/04\/2013","format":false,"excerpt":"No inicio dos anos setenta a nossa Micareta era \u00fanica. Poucas cidades copiavam este formato de carnaval de abril. Aqui na Princesa do Sert\u00e3o nos clubes t\u00ednhamos \u00a0bailes pre-micaretescos, anunciando que a festa estava iniciando. No Feira T\u00eanis Clube,no s\u00e1bado de aleluia, era realizado o baile do Hava\u00ed e no\u2026","rel":"","context":"Em &quot;Home&quot;","block_context":{"text":"Home","link":"https:\/\/blogdafeira.com.br\/home\/categoria\/raiz\/"},"img":{"alt_text":"","src":"https:\/\/i0.wp.com\/blogdafeira.com.br\/home\/wp-content\/uploads\/2013\/04\/images-10.jpeg?resize=350%2C200","width":350,"height":200,"srcset":"https:\/\/i0.wp.com\/blogdafeira.com.br\/home\/wp-content\/uploads\/2013\/04\/images-10.jpeg?resize=350%2C200 1x, https:\/\/i0.wp.com\/blogdafeira.com.br\/home\/wp-content\/uploads\/2013\/04\/images-10.jpeg?resize=525%2C300 1.5x"},"classes":[]},{"id":15804,"url":"https:\/\/blogdafeira.com.br\/home\/2015\/07\/27\/neto-de-joao-marinho-falcao-e-ex-vereador-desabafa-contra-brt-na-getulio\/","url_meta":{"origin":8838,"position":3},"title":"Neto de Jo\u00e3o Marinho Falc\u00e3o e ex-vereador &#8216;desabafa&#8217; contra BRT na Get\u00falio","author":"Blog da Feira","date":"27\/07\/2015","format":false,"excerpt":"\"E agora o BRT pra tirar a op\u00e7\u00e3o esportiva e de lazer da nossa cidade, inclusive quero ressaltar que a beleza dessa avenida \u00e9 \u00fanica em nosso pa\u00eds, sem contar o crime ambiental da retirada de tantas \u00e1rvores\". Neto do lend\u00e1rio comerciante \u00a0Jo\u00e3o Marinho Falc\u00e3o, e ex-vereador de Feira de\u2026","rel":"","context":"Em &quot;Home&quot;","block_context":{"text":"Home","link":"https:\/\/blogdafeira.com.br\/home\/categoria\/raiz\/"},"img":{"alt_text":"junior falcao","src":"https:\/\/i0.wp.com\/blogdafeira.com.br\/home\/wp-content\/uploads\/2015\/07\/junior-falcao.jpg?resize=350%2C200","width":350,"height":200,"srcset":"https:\/\/i0.wp.com\/blogdafeira.com.br\/home\/wp-content\/uploads\/2015\/07\/junior-falcao.jpg?resize=350%2C200 1x, https:\/\/i0.wp.com\/blogdafeira.com.br\/home\/wp-content\/uploads\/2015\/07\/junior-falcao.jpg?resize=525%2C300 1.5x, https:\/\/i0.wp.com\/blogdafeira.com.br\/home\/wp-content\/uploads\/2015\/07\/junior-falcao.jpg?resize=700%2C400 2x"},"classes":[]},{"id":64723,"url":"https:\/\/blogdafeira.com.br\/home\/2024\/11\/29\/conselho-de-mestre-parana-va-de-branco-pra-homenagear-a-paz-do-samba\/","url_meta":{"origin":8838,"position":4},"title":"Conselho de Mestre Paran\u00e1: &#8220;v\u00e1 de branco, pra homenagear a paz do samba&#8221;","author":"J\u00e2nio R\u00eago","date":"29\/11\/2024","format":false,"excerpt":"At\u00e9 domingo tem uma turma da Sufotur na Lagoa Grande, em Feira de Santana.O pessoal da Superintend\u00eancia de Turismo da Bahiapromove e organiza o evento Feira MotoCar, com a Associa\u00e7\u00e3o dos Motociclistas de Feira (AMO), \u00e0s margens da maior lagoa urbana da cidade. Top 10 @***** Se a\u00a0 pr\u00f3xima administra\u00e7\u00e3o\u2026","rel":"","context":"Em &quot;Colunistas&quot;","block_context":{"text":"Colunistas","link":"https:\/\/blogdafeira.com.br\/home\/categoria\/colunistas\/"},"img":{"alt_text":"","src":"https:\/\/i0.wp.com\/blogdafeira.com.br\/home\/wp-content\/uploads\/2024\/11\/20241129_180926.jpg?resize=350%2C200&ssl=1","width":350,"height":200,"srcset":"https:\/\/i0.wp.com\/blogdafeira.com.br\/home\/wp-content\/uploads\/2024\/11\/20241129_180926.jpg?resize=350%2C200&ssl=1 1x, https:\/\/i0.wp.com\/blogdafeira.com.br\/home\/wp-content\/uploads\/2024\/11\/20241129_180926.jpg?resize=525%2C300&ssl=1 1.5x, https:\/\/i0.wp.com\/blogdafeira.com.br\/home\/wp-content\/uploads\/2024\/11\/20241129_180926.jpg?resize=700%2C400&ssl=1 2x, https:\/\/i0.wp.com\/blogdafeira.com.br\/home\/wp-content\/uploads\/2024\/11\/20241129_180926.jpg?resize=1050%2C600&ssl=1 3x, https:\/\/i0.wp.com\/blogdafeira.com.br\/home\/wp-content\/uploads\/2024\/11\/20241129_180926.jpg?resize=1400%2C800&ssl=1 4x"},"classes":[]},{"id":28081,"url":"https:\/\/blogdafeira.com.br\/home\/2017\/09\/03\/conheca-a-banda-da-inauguracao-do-cajueiro-convencoes-em-feira-de-santana\/","url_meta":{"origin":8838,"position":5},"title":"Conhe\u00e7a a Banda da inaugura\u00e7\u00e3o do Cajueiro Conven\u00e7\u00f5es em Feira de Santana","author":"Blog da Feira","date":"03\/09\/2017","format":false,"excerpt":"_\u201cRepert\u00f3rio, estilo e qualidade musical \u00e0 altura dessa noite memor\u00e1vel\u201d_ , comenta a publicit\u00e1ria Gilmara Almeida, presente no evento da \u00faltima quarta-feira (30), na inaugura\u00e7\u00e3o do Cajueiro Conven\u00e7\u00f5es, espa\u00e7o restaurado pelo empres\u00e1rio Jodilton Souza, presidente do Grupo Nobre. A banda Baiana Bossa trouxe Caymmi, Tom Jobim, Chico Buarque, Dominguinhos, Noel\u2026","rel":"","context":"Em &quot;Home&quot;","block_context":{"text":"Home","link":"https:\/\/blogdafeira.com.br\/home\/categoria\/raiz\/"},"img":{"alt_text":"img-20170902-wa0057","src":"https:\/\/i0.wp.com\/blogdafeira.com.br\/home\/wp-content\/uploads\/2017\/09\/IMG-20170902-WA0057-1024x683.jpg?resize=350%2C200","width":350,"height":200,"srcset":"https:\/\/i0.wp.com\/blogdafeira.com.br\/home\/wp-content\/uploads\/2017\/09\/IMG-20170902-WA0057-1024x683.jpg?resize=350%2C200 1x, https:\/\/i0.wp.com\/blogdafeira.com.br\/home\/wp-content\/uploads\/2017\/09\/IMG-20170902-WA0057-1024x683.jpg?resize=525%2C300 1.5x, https:\/\/i0.wp.com\/blogdafeira.com.br\/home\/wp-content\/uploads\/2017\/09\/IMG-20170902-WA0057-1024x683.jpg?resize=700%2C400 2x"},"classes":[]}],"_links":{"self":[{"href":"https:\/\/blogdafeira.com.br\/home\/wp-json\/wp\/v2\/posts\/8838","targetHints":{"allow":["GET"]}}],"collection":[{"href":"https:\/\/blogdafeira.com.br\/home\/wp-json\/wp\/v2\/posts"}],"about":[{"href":"https:\/\/blogdafeira.com.br\/home\/wp-json\/wp\/v2\/types\/post"}],"author":[{"embeddable":true,"href":"https:\/\/blogdafeira.com.br\/home\/wp-json\/wp\/v2\/users\/1"}],"replies":[{"embeddable":true,"href":"https:\/\/blogdafeira.com.br\/home\/wp-json\/wp\/v2\/comments?post=8838"}],"version-history":[{"count":2,"href":"https:\/\/blogdafeira.com.br\/home\/wp-json\/wp\/v2\/posts\/8838\/revisions"}],"predecessor-version":[{"id":8841,"href":"https:\/\/blogdafeira.com.br\/home\/wp-json\/wp\/v2\/posts\/8838\/revisions\/8841"}],"wp:attachment":[{"href":"https:\/\/blogdafeira.com.br\/home\/wp-json\/wp\/v2\/media?parent=8838"}],"wp:term":[{"taxonomy":"category","embeddable":true,"href":"https:\/\/blogdafeira.com.br\/home\/wp-json\/wp\/v2\/categories?post=8838"},{"taxonomy":"post_tag","embeddable":true,"href":"https:\/\/blogdafeira.com.br\/home\/wp-json\/wp\/v2\/tags?post=8838"}],"curies":[{"name":"wp","href":"https:\/\/api.w.org\/{rel}","templated":true}]}}