{"id":9031,"date":"2014-02-10T14:29:29","date_gmt":"2014-02-10T17:29:29","guid":{"rendered":"http:\/\/blogdafeira.com.br\/home\/?p=9031"},"modified":"2014-02-10T14:33:42","modified_gmt":"2014-02-10T17:33:42","slug":"anotacoes-etc-6","status":"publish","type":"post","link":"https:\/\/blogdafeira.com.br\/home\/2014\/02\/10\/anotacoes-etc-6\/","title":{"rendered":"Anota\u00e7\u00f5es &#038; Etc"},"content":{"rendered":"<div id=\"blogd-3771768509\" class=\"blogd-fim-do-post-mobile blogd-entity-placement\" style=\"margin-left: auto;margin-right: auto;text-align: center;\"><a href=\"https:\/\/www.sefaz.feiradesantana.ba.gov.br\/\" target=\"_blank\" aria-label=\"728&#215;90 (6)\"><img loading=\"lazy\" decoding=\"async\" src=\"https:\/\/blogdafeira.com.br\/home\/wp-content\/uploads\/2026\/03\/728x90-6.gif\" alt=\"\"  class=\"no-lazyload\" width=\"728\" height=\"90\"  style=\"display: inline-block;\" \/><\/a><\/div><p><img loading=\"lazy\" decoding=\"async\" class=\"aligncenter size-full wp-image-9032\" alt=\"molinas\" src=\"http:\/\/blogdafeira.com.br\/home\/wp-content\/uploads\/2014\/02\/molinas.jpg\" width=\"620\" height=\"480\" srcset=\"https:\/\/blogdafeira.com.br\/home\/wp-content\/uploads\/2014\/02\/molinas.jpg 620w, https:\/\/blogdafeira.com.br\/home\/wp-content\/uploads\/2014\/02\/molinas-170x131.jpg 170w, https:\/\/blogdafeira.com.br\/home\/wp-content\/uploads\/2014\/02\/molinas-346x267.jpg 346w\" sizes=\"auto, (max-width: 620px) 100vw, 620px\" \/>O m\u00e9dico cubano \u00a0Izoel G. Mollinas continua trabalhando normalmente na unidade de Sa\u00fade do bairro do Viveiros, um bairro simples pr\u00f3ximo ao rio Jacuipe, na Feira.<\/p><div id=\"blogd-781767585\" class=\"blogd-conteudo-2-mobile blogd-entity-placement\"><a href=\"https:\/\/feirenses.com.br\/\" target=\"_blank\" aria-label=\"feirenses\"><img loading=\"lazy\" decoding=\"async\" src=\"https:\/\/blogdafeira.com.br\/home\/wp-content\/uploads\/2026\/04\/feirenses.png\" alt=\"\"  srcset=\"https:\/\/blogdafeira.com.br\/home\/wp-content\/uploads\/2026\/04\/feirenses.png 300w, https:\/\/blogdafeira.com.br\/home\/wp-content\/uploads\/2026\/04\/feirenses-170x45.png 170w, https:\/\/blogdafeira.com.br\/home\/wp-content\/uploads\/2026\/04\/feirenses-280x74.png 280w\" sizes=\"(max-width: 300px) 100vw, 300px\" class=\"no-lazyload\" width=\"300\" height=\"79\"  style=\"display: inline-block;\" \/><\/a><\/div>\n<p>****<\/p>\n<p>&#8220;Esse m\u00e9dico \u00e9 a cara do meu sobrinho tambem chamado de Jo\u00e3o Batista&#8221; (<a href=\"https:\/\/www.facebook.com\/batista.cruz.33\" target=\"_blank\"><strong>Batista Cru<\/strong>z)<\/a><\/p>\n<p>****<\/p>\n<p><img loading=\"lazy\" decoding=\"async\" class=\"aligncenter size-full wp-image-9033\" alt=\"CESCE DISCOGRAFIA\" src=\"http:\/\/blogdafeira.com.br\/home\/wp-content\/uploads\/2014\/02\/CESCE-DISCOGRAFIA.jpg\" width=\"719\" height=\"960\" srcset=\"https:\/\/blogdafeira.com.br\/home\/wp-content\/uploads\/2014\/02\/CESCE-DISCOGRAFIA.jpg 719w, https:\/\/blogdafeira.com.br\/home\/wp-content\/uploads\/2014\/02\/CESCE-DISCOGRAFIA-112x150.jpg 112w, https:\/\/blogdafeira.com.br\/home\/wp-content\/uploads\/2014\/02\/CESCE-DISCOGRAFIA-224x300.jpg 224w\" sizes=\"auto, (max-width: 719px) 100vw, 719px\" \/>Junto com\u00a0<a id=\"js_45\" href=\"https:\/\/www.facebook.com\/ena.lelis\" data-hovercard=\"\/ajax\/hovercard\/user.php?id=100001964687683&amp;extragetparams=%7B%22directed_target_id%22%3A0%7D\">Ena L\u00e9lis<\/a>,\u00a0<a href=\"https:\/\/www.facebook.com\/claudio.brandao.104\" data-hovercard=\"\/ajax\/hovercard\/user.php?id=100000879791134&amp;extragetparams=%7B%22directed_target_id%22%3A0%7D\">Claudio Brandao<\/a>,\u00a0<a href=\"https:\/\/www.facebook.com\/janio.rego.5\" data-hovercard=\"\/ajax\/hovercard\/user.php?id=100000189269133&amp;extragetparams=%7B%22directed_target_id%22%3A0%7D\">Janio Rego<\/a>,\u00a0<a href=\"https:\/\/www.facebook.com\/profile.php?id=100004014589099\" data-hovercard=\"\/ajax\/hovercard\/user.php?id=100004014589099&amp;extragetparams=%7B%22directed_target_id%22%3A0%7D\">Jaime Cruz<\/a>, Reginaldo Tracaj\u00e1 e outros amigos tive o prazer de apreciar a boa m\u00fasica e presen\u00e7a de Cesc\u00e9 Amorim, m\u00fasico feirense que ladeia os grandes nomes da m\u00fasica nordestina. Na foto , um disco de vinil de Cesc\u00e9, que guardo orgulhoso em meu pequeno acervo. (<strong><a href=\"https:\/\/www.facebook.com\/danilloferreira\" target=\"_blank\">Danillo Ferreira<\/a>)<\/strong><\/p>\n<p>****<\/p>\n<p>Foto perform\u00e1tica de <strong><a href=\"https:\/\/www.facebook.com\/iamlaryssacarvalho\" target=\"_blank\">Laryssa de Troia<\/a>\u00a0<img loading=\"lazy\" decoding=\"async\" class=\"aligncenter size-full wp-image-9034\" alt=\"larissa de troia\" src=\"http:\/\/blogdafeira.com.br\/home\/wp-content\/uploads\/2014\/02\/larissa-de-troia.jpg\" width=\"720\" height=\"720\" srcset=\"https:\/\/blogdafeira.com.br\/home\/wp-content\/uploads\/2014\/02\/larissa-de-troia.jpg 720w, https:\/\/blogdafeira.com.br\/home\/wp-content\/uploads\/2014\/02\/larissa-de-troia-150x150.jpg 150w, https:\/\/blogdafeira.com.br\/home\/wp-content\/uploads\/2014\/02\/larissa-de-troia-300x300.jpg 300w\" sizes=\"auto, (max-width: 720px) 100vw, 720px\" \/><\/strong><\/p>\n<p>****<\/p>\n<p>Olarias da Lagoa Salgada, pr\u00f3ximas \u00e0 avenida N\u00f3ide Cerqueira. A assessoria do deputado Z\u00e9 Neto informa que o governador \u00a0Jacques Wagner visita a avenida nesta quinta-feira. \u00c9 uma oportunidade do Governador tomar mais conhecimento sobre a exist\u00eancia e import\u00e2ncia dessa Lagoa. Ele sabe mas n\u00e3o saaaaabe!,como diria o falecido deputado Oscar Tabar\u00e9u.<\/p>\n<p><img loading=\"lazy\" decoding=\"async\" class=\"aligncenter size-full wp-image-9035\" alt=\"OLARIA\" src=\"http:\/\/blogdafeira.com.br\/home\/wp-content\/uploads\/2014\/02\/OLARIA.jpg\" width=\"640\" height=\"480\" srcset=\"https:\/\/blogdafeira.com.br\/home\/wp-content\/uploads\/2014\/02\/OLARIA.jpg 640w, https:\/\/blogdafeira.com.br\/home\/wp-content\/uploads\/2014\/02\/OLARIA-170x127.jpg 170w, https:\/\/blogdafeira.com.br\/home\/wp-content\/uploads\/2014\/02\/OLARIA-346x259.jpg 346w\" sizes=\"auto, (max-width: 640px) 100vw, 640px\" \/><\/p>\n<div id=\"blogd-2567667419\" class=\"blogd-final-post blogd-entity-placement\"><a href=\"https:\/\/www.feiradesantana.ba.leg.br\/\" target=\"_blank\" aria-label=\"BANNER-SITE-ENTREGADECHEQUE-CAMARADEFEIRA\"><img loading=\"lazy\" decoding=\"async\" src=\"https:\/\/blogdafeira.com.br\/home\/wp-content\/uploads\/2026\/03\/BANNER-SITE-ENTREGADECHEQUE-CAMARADEFEIRA.gif\" alt=\"\"  class=\"no-lazyload\" width=\"728\" height=\"90\"   \/><\/a><\/div><p>****<\/p>\n<p><iframe loading=\"lazy\" src=\"\/\/www.youtube.com\/embed\/NndubiXLoaU\" height=\"315\" width=\"560\" allowfullscreen=\"\" frameborder=\"0\"><\/iframe><\/p>\n","protected":false},"excerpt":{"rendered":"<p>O m\u00e9dico cubano \u00a0Izoel G. Mollinas continua trabalhando normalmente na unidade de Sa\u00fade do bairro do Viveiros, um bairro simples pr\u00f3ximo ao rio Jacuipe, na Feira. **** &#8220;Esse m\u00e9dico \u00e9 a cara do meu sobrinho tambem chamado de Jo\u00e3o Batista&#8221; (Batista Cruz) **** Junto com\u00a0Ena L\u00e9lis,\u00a0Claudio Brandao,\u00a0Janio Rego,\u00a0Jaime Cruz, Reginaldo Tracaj\u00e1 e outros amigos tive<\/p>\n","protected":false},"author":1,"featured_media":0,"comment_status":"closed","ping_status":"closed","sticky":false,"template":"","format":"standard","meta":{"jetpack_post_was_ever_published":false,"cybocfi_hide_featured_image":"","_jetpack_newsletter_access":"","_jetpack_dont_email_post_to_subs":false,"_jetpack_newsletter_tier_id":0,"_jetpack_memberships_contains_paywalled_content":false,"_jetpack_memberships_contains_paid_content":false,"footnotes":"","jetpack_publicize_message":"","jetpack_publicize_feature_enabled":true,"jetpack_social_post_already_shared":true,"jetpack_social_options":{"image_generator_settings":{"template":"highway","default_image_id":0,"font":"","enabled":false},"version":2}},"categories":[1],"tags":[],"class_list":["post-9031","post","type-post","status-publish","format-standard","hentry","category-raiz"],"jetpack_publicize_connections":[],"jetpack_featured_media_url":"","jetpack_shortlink":"https:\/\/wp.me\/p3niVf-2lF","jetpack_sharing_enabled":true,"jetpack-related-posts":[{"id":48014,"url":"https:\/\/blogdafeira.com.br\/home\/2021\/11\/04\/carreta-do-sertao-prestara-assistencia-medica-e-odontologica-no-seminario-batista-do-nordeste-nesta-sexta-5\/","url_meta":{"origin":9031,"position":0},"title":"&#8216;Carreta do Sert\u00e3o&#8217; presta assist\u00eancia m\u00e9dica e odontol\u00f3gica no Semin\u00e1rio Batista do Nordeste nesta sexta (5)","author":"Blog da Feira","date":"04\/11\/2021","format":false,"excerpt":"A \"Carreta do Sert\u00e3o\", iniciativa da Junta de Miss\u00f5es Nacionais da Conven\u00e7\u00e3o Batista Brasileira, chega nesta sexta-feira (5) em Feira de Santana e prestar\u00e1 durante todo o dia atendimento m\u00e9dico e odontol\u00f3gico de maneira gratuita. A a\u00e7\u00e3o faz parte da campanha de \"Miss\u00f5es Nacionais\", promovida anualmente pela Conven\u00e7\u00e3o Batista Brasileira,\u2026","rel":"","context":"Em &quot;Cidade&quot;","block_context":{"text":"Cidade","link":"https:\/\/blogdafeira.com.br\/home\/categoria\/cidade\/"},"img":{"alt_text":"","src":"https:\/\/i0.wp.com\/blogdafeira.com.br\/home\/wp-content\/uploads\/2021\/11\/5047213092021183832.jpeg?resize=350%2C200&ssl=1","width":350,"height":200,"srcset":"https:\/\/i0.wp.com\/blogdafeira.com.br\/home\/wp-content\/uploads\/2021\/11\/5047213092021183832.jpeg?resize=350%2C200&ssl=1 1x, https:\/\/i0.wp.com\/blogdafeira.com.br\/home\/wp-content\/uploads\/2021\/11\/5047213092021183832.jpeg?resize=525%2C300&ssl=1 1.5x, https:\/\/i0.wp.com\/blogdafeira.com.br\/home\/wp-content\/uploads\/2021\/11\/5047213092021183832.jpeg?resize=700%2C400&ssl=1 2x"},"classes":[]},{"id":28696,"url":"https:\/\/blogdafeira.com.br\/home\/2017\/11\/29\/circulando-em-feira-de-santana-mais-uma-edicao-do-jornal-de-bairros-digai\/","url_meta":{"origin":9031,"position":1},"title":"Circulando em Feira de Santana mais uma edi\u00e7\u00e3o do jornal de bairros &#8216;Diga\u00ed&#8217;","author":"Blog da Feira","date":"29\/11\/2017","format":false,"excerpt":"J\u00e1 est\u00e1 circulando a terceira edi\u00e7\u00e3o do 'Diga\u00ed', jornal impresso de Feira de Santana agora focando dois bairros da cidade, o Feira VI e a Cidade Nova. Fundado e dirigido pelo fotojornalista Luiz Tito\u00a0 e com colabora\u00e7\u00e3o do jornalista\u00a0 Batista Cruz, os dois primeiros n\u00fameros do impresso focaram o Feira\u2026","rel":"","context":"Em &quot;Home&quot;","block_context":{"text":"Home","link":"https:\/\/blogdafeira.com.br\/home\/categoria\/raiz\/"},"img":{"alt_text":"img-20171129-wa0008","src":"https:\/\/i0.wp.com\/blogdafeira.com.br\/home\/wp-content\/uploads\/2017\/11\/IMG-20171129-WA0008-575x1024.jpg?resize=350%2C200","width":350,"height":200,"srcset":"https:\/\/i0.wp.com\/blogdafeira.com.br\/home\/wp-content\/uploads\/2017\/11\/IMG-20171129-WA0008-575x1024.jpg?resize=350%2C200 1x, https:\/\/i0.wp.com\/blogdafeira.com.br\/home\/wp-content\/uploads\/2017\/11\/IMG-20171129-WA0008-575x1024.jpg?resize=525%2C300 1.5x"},"classes":[]},{"id":2921,"url":"https:\/\/blogdafeira.com.br\/home\/2013\/06\/25\/sao-joao-em-feira-festa-do-paleto-e-tradicao-na-rua-nova\/","url_meta":{"origin":9031,"position":2},"title":"S\u00e3o Jo\u00e3o em Feira: Festa do Palet\u00f3 \u00e9 tradi\u00e7\u00e3o na Rua Nova","author":"Blog da Feira","date":"25\/06\/2013","format":false,"excerpt":"O S\u00e3o Jo\u00e3o no bairro da Rua Nova, em Feira de Santana, foi comemorado de modo bem peculiar. No in\u00edcio da noite desta segunda-feira (24), trio El\u00e9trico, samba e reggae tomaram conta das ruas bairro durante a 23\u00aa Festa do Palet\u00f3. Um evento que surgiu, segundo o fundador Agneli Batista,\u2026","rel":"","context":"Em &quot;Home&quot;","block_context":{"text":"Home","link":"https:\/\/blogdafeira.com.br\/home\/categoria\/raiz\/"},"img":{"alt_text":"Geilson_FestaDoPaleto (1)","src":"https:\/\/i0.wp.com\/blogdafeira.com.br\/home\/wp-content\/uploads\/2013\/06\/Geilson_FestaDoPaleto-1-170x129.jpg?resize=350%2C200","width":350,"height":200},"classes":[]},{"id":6400,"url":"https:\/\/blogdafeira.com.br\/home\/2013\/11\/25\/medico-cubano-volta-ao-trabalho-e-vira-idolo-dos-moradores-do-aviario-em-feira\/","url_meta":{"origin":9031,"position":3},"title":"M\u00e9dico cubano volta ao trabalho e vira &#8216;\u00eddolo&#8217; dos moradores do Viveiros em Feira","author":"Blog da Feira","date":"25\/11\/2013","format":false,"excerpt":"O m\u00e9dico cubano Isoel Gom\u00e9z Molina, que foi afastado do Posto de Sa\u00fade da Fam\u00edlia do bairro Viveiros, em Feira de Santana, retornou hoje (25) \u00e0s atividades em \u2018grande estilo\u2019.Ele foi recepcionado com cartazes de boas-vindas e muitos abra\u00e7os. Uma \u2018denuncia\u2019 de um vereador governista na C\u00e2mara dos Vereadores apontando\u2026","rel":"","context":"Em &quot;Home&quot;","block_context":{"text":"Home","link":"https:\/\/blogdafeira.com.br\/home\/categoria\/raiz\/"},"img":{"alt_text":"","src":"","width":0,"height":0},"classes":[]},{"id":48476,"url":"https:\/\/blogdafeira.com.br\/home\/2021\/11\/17\/unicred-do-nordeste-firma-convenio-com-unimed\/","url_meta":{"origin":9031,"position":4},"title":"Unicred do Nordeste firma conv\u00eanio com a Central Nacional Unimed","author":"Blog da Feira","date":"17\/11\/2021","format":false,"excerpt":"Um conv\u00eanio de intercooperac\u00e3o acaba de ser firmado pela Unicred do Nordeste, uma das principais cooperativas de cr\u00e9dito da Regi\u00e3o, com a Central Nacional Unimed (CNU), a maior cooperativa de sa\u00fade do Brasil. Com sede em Feira de Santana, v\u00e1rias unidades espalhadas pela Bahia e presente em cinco estados, a\u2026","rel":"","context":"Em &quot;Geral&quot;","block_context":{"text":"Geral","link":"https:\/\/blogdafeira.com.br\/home\/categoria\/geral\/"},"img":{"alt_text":"","src":"https:\/\/i0.wp.com\/blogdafeira.com.br\/home\/wp-content\/uploads\/2021\/11\/Screenshot_20211116-1927442.png?resize=350%2C200&ssl=1","width":350,"height":200,"srcset":"https:\/\/i0.wp.com\/blogdafeira.com.br\/home\/wp-content\/uploads\/2021\/11\/Screenshot_20211116-1927442.png?resize=350%2C200&ssl=1 1x, https:\/\/i0.wp.com\/blogdafeira.com.br\/home\/wp-content\/uploads\/2021\/11\/Screenshot_20211116-1927442.png?resize=525%2C300&ssl=1 1.5x, https:\/\/i0.wp.com\/blogdafeira.com.br\/home\/wp-content\/uploads\/2021\/11\/Screenshot_20211116-1927442.png?resize=700%2C400&ssl=1 2x"},"classes":[]},{"id":3725,"url":"https:\/\/blogdafeira.com.br\/home\/2013\/07\/22\/novos-bairros-prefeito-conversa-com-representantes-dos-distritos\/","url_meta":{"origin":9031,"position":5},"title":"Novos bairros: Prefeito conversa com representantes dos distritos","author":"Blog da Feira","date":"22\/07\/2013","format":false,"excerpt":"O prefeito de Feira de Santana, Jos\u00e9 Ronaldo de Carvalho e o secret\u00e1rio de Agricultura e Recursos H\u00eddricos, Ozeny Moraes, participaram de uma reuni\u00e3o com os agentes e administradores distritais na manh\u00e3 desta segunda-feira, 22, no audit\u00f3rio Dr. Jo\u00e3o Batista Cerqueira, da Secretaria Municipal de Sa\u00fade. Quando se referiu \u00e0\u2026","rel":"","context":"Em &quot;Home&quot;","block_context":{"text":"Home","link":"https:\/\/blogdafeira.com.br\/home\/categoria\/raiz\/"},"img":{"alt_text":"","src":"","width":0,"height":0},"classes":[]}],"_links":{"self":[{"href":"https:\/\/blogdafeira.com.br\/home\/wp-json\/wp\/v2\/posts\/9031","targetHints":{"allow":["GET"]}}],"collection":[{"href":"https:\/\/blogdafeira.com.br\/home\/wp-json\/wp\/v2\/posts"}],"about":[{"href":"https:\/\/blogdafeira.com.br\/home\/wp-json\/wp\/v2\/types\/post"}],"author":[{"embeddable":true,"href":"https:\/\/blogdafeira.com.br\/home\/wp-json\/wp\/v2\/users\/1"}],"replies":[{"embeddable":true,"href":"https:\/\/blogdafeira.com.br\/home\/wp-json\/wp\/v2\/comments?post=9031"}],"version-history":[{"count":3,"href":"https:\/\/blogdafeira.com.br\/home\/wp-json\/wp\/v2\/posts\/9031\/revisions"}],"predecessor-version":[{"id":9039,"href":"https:\/\/blogdafeira.com.br\/home\/wp-json\/wp\/v2\/posts\/9031\/revisions\/9039"}],"wp:attachment":[{"href":"https:\/\/blogdafeira.com.br\/home\/wp-json\/wp\/v2\/media?parent=9031"}],"wp:term":[{"taxonomy":"category","embeddable":true,"href":"https:\/\/blogdafeira.com.br\/home\/wp-json\/wp\/v2\/categories?post=9031"},{"taxonomy":"post_tag","embeddable":true,"href":"https:\/\/blogdafeira.com.br\/home\/wp-json\/wp\/v2\/tags?post=9031"}],"curies":[{"name":"wp","href":"https:\/\/api.w.org\/{rel}","templated":true}]}}