{"id":9430,"date":"2014-03-05T08:46:33","date_gmt":"2014-03-05T11:46:33","guid":{"rendered":"http:\/\/blogdafeira.com.br\/home\/?p=9430"},"modified":"2014-03-05T08:46:33","modified_gmt":"2014-03-05T11:46:33","slug":"prefeitura-de-feira-estimula-plantio-de-umbu-na-zona-rural","status":"publish","type":"post","link":"https:\/\/blogdafeira.com.br\/home\/2014\/03\/05\/prefeitura-de-feira-estimula-plantio-de-umbu-na-zona-rural\/","title":{"rendered":"Prefeitura de Feira estimula plantio de umbu na zona rural"},"content":{"rendered":"<div id=\"blogd-3650570369\" class=\"blogd-fim-do-post-mobile blogd-entity-placement\" style=\"margin-left: auto;margin-right: auto;text-align: center;\"><a href=\"https:\/\/www.sefaz.feiradesantana.ba.gov.br\/\" target=\"_blank\" aria-label=\"728&#215;90 (6)\"><img loading=\"lazy\" decoding=\"async\" src=\"https:\/\/blogdafeira.com.br\/home\/wp-content\/uploads\/2026\/03\/728x90-6.gif\" alt=\"\"  class=\"no-lazyload\" width=\"728\" height=\"90\"  style=\"display: inline-block;\" \/><\/a><\/div><p>As propriedades onde existam esp\u00e9cies de umbus nativos na zona rural<img loading=\"lazy\" decoding=\"async\" class=\"alignright size-medium wp-image-9431\" alt=\"umbuzeiro\" src=\"http:\/\/blogdafeira.com.br\/home\/wp-content\/uploads\/2014\/03\/umbuzeiro-346x194.jpg\" width=\"346\" height=\"194\" srcset=\"https:\/\/blogdafeira.com.br\/home\/wp-content\/uploads\/2014\/03\/umbuzeiro-346x194.jpg 346w, https:\/\/blogdafeira.com.br\/home\/wp-content\/uploads\/2014\/03\/umbuzeiro-170x95.jpg 170w, https:\/\/blogdafeira.com.br\/home\/wp-content\/uploads\/2014\/03\/umbuzeiro.jpg 500w\" sizes=\"auto, (max-width: 346px) 100vw, 346px\" \/> de Feira de Santana ser\u00e3o identificadas para que das plantas sejam produzidas mudas de umbu geneticamente melhorados para fomentar a cultura frut\u00edfera nos distritos do munic\u00edpio.<\/p><div id=\"blogd-2551043231\" class=\"blogd-conteudo-2-mobile blogd-entity-placement\"><a href=\"https:\/\/feirenses.com.br\/\" target=\"_blank\" aria-label=\"feirenses\"><img loading=\"lazy\" decoding=\"async\" src=\"https:\/\/blogdafeira.com.br\/home\/wp-content\/uploads\/2026\/04\/feirenses.png\" alt=\"\"  srcset=\"https:\/\/blogdafeira.com.br\/home\/wp-content\/uploads\/2026\/04\/feirenses.png 300w, https:\/\/blogdafeira.com.br\/home\/wp-content\/uploads\/2026\/04\/feirenses-170x45.png 170w, https:\/\/blogdafeira.com.br\/home\/wp-content\/uploads\/2026\/04\/feirenses-280x74.png 280w\" sizes=\"(max-width: 300px) 100vw, 300px\" class=\"no-lazyload\" width=\"300\" height=\"79\"  style=\"display: inline-block;\" \/><\/a><\/div>\n<p>O trabalho ser\u00e1 feito atrav\u00e9s do Programa de Desenvolvimento Rural, da Prefeitura de Feira de Santana e a identifica\u00e7\u00e3o das propriedades ser\u00e1 feita \u00a0pelos administradores distritais.<\/p>\n<div id=\"blogd-180619750\" class=\"blogd-final-post blogd-entity-placement\"><a href=\"https:\/\/www.feiradesantana.ba.leg.br\/\" target=\"_blank\" aria-label=\"BANNER-SITE-ENTREGADECHEQUE-CAMARADEFEIRA\"><img loading=\"lazy\" decoding=\"async\" src=\"https:\/\/blogdafeira.com.br\/home\/wp-content\/uploads\/2026\/03\/BANNER-SITE-ENTREGADECHEQUE-CAMARADEFEIRA.gif\" alt=\"\"  class=\"no-lazyload\" width=\"728\" height=\"90\"   \/><\/a><\/div><p>A id\u00e9ia \u00e9 coletar cinco mil sementes de umbu dos umbuzeiros nativos para serem redistribu\u00eddas com agricultores, estimulando assim a cultura dessa fruta nativa da caatinga nordestina.<\/p>\n","protected":false},"excerpt":{"rendered":"<p>As propriedades onde existam esp\u00e9cies de umbus nativos na zona rural de Feira de Santana ser\u00e3o identificadas para que das plantas sejam produzidas mudas de umbu geneticamente melhorados para fomentar a cultura frut\u00edfera nos distritos do munic\u00edpio. O trabalho ser\u00e1 feito atrav\u00e9s do Programa de Desenvolvimento Rural, da Prefeitura de Feira de Santana e a<\/p>\n","protected":false},"author":1,"featured_media":0,"comment_status":"closed","ping_status":"closed","sticky":false,"template":"","format":"standard","meta":{"jetpack_post_was_ever_published":false,"cybocfi_hide_featured_image":"","_jetpack_newsletter_access":"","_jetpack_dont_email_post_to_subs":false,"_jetpack_newsletter_tier_id":0,"_jetpack_memberships_contains_paywalled_content":false,"_jetpack_memberships_contains_paid_content":false,"footnotes":"","jetpack_publicize_message":"","jetpack_publicize_feature_enabled":true,"jetpack_social_post_already_shared":true,"jetpack_social_options":{"image_generator_settings":{"template":"highway","default_image_id":0,"font":"","enabled":false},"version":2}},"categories":[1],"tags":[],"class_list":["post-9430","post","type-post","status-publish","format-standard","hentry","category-raiz"],"jetpack_publicize_connections":[],"jetpack_featured_media_url":"","jetpack_shortlink":"https:\/\/wp.me\/p3niVf-2s6","jetpack_sharing_enabled":true,"jetpack-related-posts":[{"id":18074,"url":"https:\/\/blogdafeira.com.br\/home\/2015\/12\/02\/cerveja-de-umbu-e-destaque-da-feira-de-agricultura-familiar-em-salvador\/","url_meta":{"origin":9430,"position":0},"title":"Cerveja de umbu \u00e9 destaque da Feira de Agricultura Familiar em Salvador","author":"Blog da Feira","date":"02\/12\/2015","format":false,"excerpt":"Voc\u00ea j\u00e1 experimentou cerveja de umbu? Caso, n\u00e3o, voc\u00ea tem que visitar a VI Feira Baiana da Agricultura Familiar e Economia Solid\u00e1ria (FEBAFES), que acontece, em paralelo \u00e0 Fenagro, at\u00e9 o pr\u00f3ximo domingo (06), no Parque de Exposi\u00e7\u00f5es de Salvador, onde encontrar\u00e1 isso e muito mais. A fruta nativa da\u2026","rel":"","context":"Em &quot;Home&quot;","block_context":{"text":"Home","link":"https:\/\/blogdafeira.com.br\/home\/categoria\/raiz\/"},"img":{"alt_text":"cerveja-saison-umbu-gravetero-experimentobeer-foto-alta","src":"https:\/\/i0.wp.com\/blogdafeira.com.br\/home\/wp-content\/uploads\/2015\/12\/cerveja-saison-umbu-gravetero-experimentobeer-foto-alta.jpg?resize=350%2C200","width":350,"height":200,"srcset":"https:\/\/i0.wp.com\/blogdafeira.com.br\/home\/wp-content\/uploads\/2015\/12\/cerveja-saison-umbu-gravetero-experimentobeer-foto-alta.jpg?resize=350%2C200 1x, https:\/\/i0.wp.com\/blogdafeira.com.br\/home\/wp-content\/uploads\/2015\/12\/cerveja-saison-umbu-gravetero-experimentobeer-foto-alta.jpg?resize=525%2C300 1.5x"},"classes":[]},{"id":40424,"url":"https:\/\/blogdafeira.com.br\/home\/2020\/09\/14\/bahia-produz-quase-seis-mil-toneladas-de-umbu-por-ano\/","url_meta":{"origin":9430,"position":1},"title":"Bahia produz quase seis mil toneladas de umbu por ano","author":"Blog da Feira","date":"14\/09\/2020","format":false,"excerpt":"No s\u00e1bado passado (12), o Rural Produtivo, da TVE, falou sobre a \u00e1rvore sagrada do sert\u00e3o, o umbuzeiro, e suas curiosidades. O programa mostrou o cultivo do umbu e seus derivados como geleias, cervejas e picol\u00e9s, que movimentam a economia do estado. E a receita da semana\u00a0 foi\u00a0 a famosa\u2026","rel":"","context":"Em &quot;Bahia&quot;","block_context":{"text":"Bahia","link":"https:\/\/blogdafeira.com.br\/home\/categoria\/bahia\/"},"img":{"alt_text":"","src":"https:\/\/i0.wp.com\/blogdafeira.com.br\/home\/wp-content\/uploads\/2020\/09\/Umbuzeiro-2.jpg?resize=350%2C200&ssl=1","width":350,"height":200,"srcset":"https:\/\/i0.wp.com\/blogdafeira.com.br\/home\/wp-content\/uploads\/2020\/09\/Umbuzeiro-2.jpg?resize=350%2C200&ssl=1 1x, https:\/\/i0.wp.com\/blogdafeira.com.br\/home\/wp-content\/uploads\/2020\/09\/Umbuzeiro-2.jpg?resize=525%2C300&ssl=1 1.5x, https:\/\/i0.wp.com\/blogdafeira.com.br\/home\/wp-content\/uploads\/2020\/09\/Umbuzeiro-2.jpg?resize=700%2C400&ssl=1 2x"},"classes":[]},{"id":61376,"url":"https:\/\/blogdafeira.com.br\/home\/2024\/03\/01\/geleias-compotas-cervejas-e-licores-do-semiarido-no-festival-do-umbu-em-uaua\/","url_meta":{"origin":9430,"position":2},"title":"Geleias, compotas, cervejas e licores do semi\u00e1rido no Festival do Umbu em Uau\u00e1","author":"Blog da Feira","date":"01\/03\/2024","format":false,"excerpt":"Come\u00e7ou, no munic\u00edpio de Uau\u00e1, na quinta-feira e vai at\u00e9 este s\u00e1bado,2,\u00a0 o 11\u00b0 Festival do Umbu, uma iniciativa da Cooperativa Agropecu\u00e1ria Familiar de Canudos, Uau\u00e1 e Cura\u00e7\u00e1 (Coopercuc), realizada em parceria com o Governo do Estado para celebrar e valorizar a safra do umbu, considerado fruto da \u00e1rvore sagrada\u2026","rel":"","context":"Em &quot;Cidade&quot;","block_context":{"text":"Cidade","link":"https:\/\/blogdafeira.com.br\/home\/categoria\/cidade\/"},"img":{"alt_text":"","src":"https:\/\/i0.wp.com\/blogdafeira.com.br\/home\/wp-content\/uploads\/2024\/03\/WhatsApp-Image-2024-02-29-at-19.12.45-1-scaled.jpeg?resize=350%2C200&ssl=1","width":350,"height":200,"srcset":"https:\/\/i0.wp.com\/blogdafeira.com.br\/home\/wp-content\/uploads\/2024\/03\/WhatsApp-Image-2024-02-29-at-19.12.45-1-scaled.jpeg?resize=350%2C200&ssl=1 1x, https:\/\/i0.wp.com\/blogdafeira.com.br\/home\/wp-content\/uploads\/2024\/03\/WhatsApp-Image-2024-02-29-at-19.12.45-1-scaled.jpeg?resize=525%2C300&ssl=1 1.5x, https:\/\/i0.wp.com\/blogdafeira.com.br\/home\/wp-content\/uploads\/2024\/03\/WhatsApp-Image-2024-02-29-at-19.12.45-1-scaled.jpeg?resize=700%2C400&ssl=1 2x, https:\/\/i0.wp.com\/blogdafeira.com.br\/home\/wp-content\/uploads\/2024\/03\/WhatsApp-Image-2024-02-29-at-19.12.45-1-scaled.jpeg?resize=1050%2C600&ssl=1 3x, https:\/\/i0.wp.com\/blogdafeira.com.br\/home\/wp-content\/uploads\/2024\/03\/WhatsApp-Image-2024-02-29-at-19.12.45-1-scaled.jpeg?resize=1400%2C800&ssl=1 4x"},"classes":[]},{"id":50517,"url":"https:\/\/blogdafeira.com.br\/home\/2022\/02\/03\/umbu-da-bahia-e-vendido-no-nordeste-nos-supermercdos-carrefour\/","url_meta":{"origin":9430,"position":3},"title":"Umbu da Bahia \u00e9 vendido no Nordeste nos supermercdos Carrefour","author":"Blog da Feira","date":"03\/02\/2022","format":false,"excerpt":"Da Caatinga baiana para todo o Brasil, o umbu\u00a0in natura,\u00a0cultivado por agricultores familiares da Cooperativa Agropecu\u00e1ria Familiar de Canudos, Uau\u00e1 e Cura\u00e7\u00e1 (Coopercuc), localizada no munic\u00edpio de Uau\u00e1, do Territ\u00f3rio Sert\u00e3o do S\u00e3o Francisco, chegou \u00e0 rede de supermercados Carrefour. A primeira remessa de 2.300 quilos da fruta foi entregue,\u2026","rel":"","context":"Em &quot;Bahia&quot;","block_context":{"text":"Bahia","link":"https:\/\/blogdafeira.com.br\/home\/categoria\/bahia\/"},"img":{"alt_text":"","src":"https:\/\/i0.wp.com\/blogdafeira.com.br\/home\/wp-content\/uploads\/2022\/02\/WhatsApp-Image-2022-02-03-at-17.34.07.jpeg?resize=350%2C200&ssl=1","width":350,"height":200,"srcset":"https:\/\/i0.wp.com\/blogdafeira.com.br\/home\/wp-content\/uploads\/2022\/02\/WhatsApp-Image-2022-02-03-at-17.34.07.jpeg?resize=350%2C200&ssl=1 1x, https:\/\/i0.wp.com\/blogdafeira.com.br\/home\/wp-content\/uploads\/2022\/02\/WhatsApp-Image-2022-02-03-at-17.34.07.jpeg?resize=525%2C300&ssl=1 1.5x, https:\/\/i0.wp.com\/blogdafeira.com.br\/home\/wp-content\/uploads\/2022\/02\/WhatsApp-Image-2022-02-03-at-17.34.07.jpeg?resize=700%2C400&ssl=1 2x, https:\/\/i0.wp.com\/blogdafeira.com.br\/home\/wp-content\/uploads\/2022\/02\/WhatsApp-Image-2022-02-03-at-17.34.07.jpeg?resize=1050%2C600&ssl=1 3x"},"classes":[]},{"id":45850,"url":"https:\/\/blogdafeira.com.br\/home\/2021\/06\/15\/urbanizacao-dos-distritos-rurais-da-feira-caso-da-matinha\/","url_meta":{"origin":9430,"position":4},"title":"Urbaniza\u00e7\u00e3o dos distritos rurais da Feira, caso da Matinha","author":"J\u00e2nio R\u00eago","date":"15\/06\/2021","format":false,"excerpt":"H\u00e1 oito anos (2013) a \u00a0Prefeitura de Feira de Santana\u00a0 ampliou mais uma vez os limites urbanos da sede do munic\u00edpio\u00a0 e criou ent\u00e3o mais seis bairros na cidade: Vale do Jacuipe, Pedra Ferrada, CIS Norte, Mantiba, Registro e Chaparral. Para a oficializa\u00e7\u00e3o dos bairros diminuiu o territ\u00f3rio rural do\u2026","rel":"","context":"Em &quot;Colunistas&quot;","block_context":{"text":"Colunistas","link":"https:\/\/blogdafeira.com.br\/home\/categoria\/colunistas\/"},"img":{"alt_text":"","src":"https:\/\/i0.wp.com\/blogdafeira.com.br\/home\/wp-content\/uploads\/2021\/06\/IMG_20210613_154050_554-scaled.jpg?resize=350%2C200&ssl=1","width":350,"height":200,"srcset":"https:\/\/i0.wp.com\/blogdafeira.com.br\/home\/wp-content\/uploads\/2021\/06\/IMG_20210613_154050_554-scaled.jpg?resize=350%2C200&ssl=1 1x, https:\/\/i0.wp.com\/blogdafeira.com.br\/home\/wp-content\/uploads\/2021\/06\/IMG_20210613_154050_554-scaled.jpg?resize=525%2C300&ssl=1 1.5x, https:\/\/i0.wp.com\/blogdafeira.com.br\/home\/wp-content\/uploads\/2021\/06\/IMG_20210613_154050_554-scaled.jpg?resize=700%2C400&ssl=1 2x, https:\/\/i0.wp.com\/blogdafeira.com.br\/home\/wp-content\/uploads\/2021\/06\/IMG_20210613_154050_554-scaled.jpg?resize=1050%2C600&ssl=1 3x, https:\/\/i0.wp.com\/blogdafeira.com.br\/home\/wp-content\/uploads\/2021\/06\/IMG_20210613_154050_554-scaled.jpg?resize=1400%2C800&ssl=1 4x"},"classes":[]},{"id":39072,"url":"https:\/\/blogdafeira.com.br\/home\/2020\/07\/18\/nova-cesta-do-povo-em-salvador-vende-produtos-da-agricultura-familiar\/","url_meta":{"origin":9430,"position":5},"title":"Nova Cesta do Povo em Salvador vende produtos da agricultura familiar","author":"Blog da Feira","date":"18\/07\/2020","format":false,"excerpt":"Iogurtes nos sabores umbu, caf\u00e9, abacaxi, licuri, morango, coco, entre outros sabores, al\u00e9m de bebidas l\u00e1cteas, queijo e manteiga, s\u00e3o produtos da agricultura familiar da Bahia que poder\u00e3o ser adquiridos pela popula\u00e7\u00e3o soteropolitana, na nova loja da Cesta do Povo, inaugurada na Av. Sete Portas (antiga Esta\u00e7\u00e3o Rodovi\u00e1ria), neste s\u00e1bado\u2026","rel":"","context":"Em &quot;Bahia&quot;","block_context":{"text":"Bahia","link":"https:\/\/blogdafeira.com.br\/home\/categoria\/bahia\/"},"img":{"alt_text":"","src":"https:\/\/i0.wp.com\/blogdafeira.com.br\/home\/wp-content\/uploads\/2020\/07\/normal_1595077800AscomSDR2.jpeg?resize=350%2C200&ssl=1","width":350,"height":200},"classes":[]}],"_links":{"self":[{"href":"https:\/\/blogdafeira.com.br\/home\/wp-json\/wp\/v2\/posts\/9430","targetHints":{"allow":["GET"]}}],"collection":[{"href":"https:\/\/blogdafeira.com.br\/home\/wp-json\/wp\/v2\/posts"}],"about":[{"href":"https:\/\/blogdafeira.com.br\/home\/wp-json\/wp\/v2\/types\/post"}],"author":[{"embeddable":true,"href":"https:\/\/blogdafeira.com.br\/home\/wp-json\/wp\/v2\/users\/1"}],"replies":[{"embeddable":true,"href":"https:\/\/blogdafeira.com.br\/home\/wp-json\/wp\/v2\/comments?post=9430"}],"version-history":[{"count":1,"href":"https:\/\/blogdafeira.com.br\/home\/wp-json\/wp\/v2\/posts\/9430\/revisions"}],"predecessor-version":[{"id":9432,"href":"https:\/\/blogdafeira.com.br\/home\/wp-json\/wp\/v2\/posts\/9430\/revisions\/9432"}],"wp:attachment":[{"href":"https:\/\/blogdafeira.com.br\/home\/wp-json\/wp\/v2\/media?parent=9430"}],"wp:term":[{"taxonomy":"category","embeddable":true,"href":"https:\/\/blogdafeira.com.br\/home\/wp-json\/wp\/v2\/categories?post=9430"},{"taxonomy":"post_tag","embeddable":true,"href":"https:\/\/blogdafeira.com.br\/home\/wp-json\/wp\/v2\/tags?post=9430"}],"curies":[{"name":"wp","href":"https:\/\/api.w.org\/{rel}","templated":true}]}}