{"id":9459,"date":"2014-03-06T09:16:57","date_gmt":"2014-03-06T12:16:57","guid":{"rendered":"http:\/\/blogdafeira.com.br\/home\/?p=9459"},"modified":"2014-03-06T09:16:57","modified_gmt":"2014-03-06T12:16:57","slug":"lagoa-do-prato-raso-renasce-com-chuvas-e-complica-obras-de-aterramento","status":"publish","type":"post","link":"https:\/\/blogdafeira.com.br\/home\/2014\/03\/06\/lagoa-do-prato-raso-renasce-com-chuvas-e-complica-obras-de-aterramento\/","title":{"rendered":"Lagoa do Prato Raso &#8216;renasce&#8217; com chuvas e complica obras de aterramento"},"content":{"rendered":"<div id=\"blogd-240461368\" class=\"blogd-fim-do-post-mobile blogd-entity-placement\" style=\"margin-left: auto;margin-right: auto;text-align: center;\"><a href=\"https:\/\/www.sefaz.feiradesantana.ba.gov.br\/\" target=\"_blank\" aria-label=\"728&#215;90 (6)\"><img loading=\"lazy\" decoding=\"async\" src=\"https:\/\/blogdafeira.com.br\/home\/wp-content\/uploads\/2026\/03\/728x90-6.gif\" alt=\"\"  class=\"no-lazyload\" width=\"728\" height=\"90\"  style=\"display: inline-block;\" \/><\/a><\/div><p><img loading=\"lazy\" decoding=\"async\" class=\"aligncenter size-full wp-image-9460\" alt=\"LAGOA DO PRATO RASO\" src=\"http:\/\/blogdafeira.com.br\/home\/wp-content\/uploads\/2014\/03\/LAGOA-DO-PRATO-RASO.jpg\" width=\"640\" height=\"480\" srcset=\"https:\/\/blogdafeira.com.br\/home\/wp-content\/uploads\/2014\/03\/LAGOA-DO-PRATO-RASO.jpg 640w, https:\/\/blogdafeira.com.br\/home\/wp-content\/uploads\/2014\/03\/LAGOA-DO-PRATO-RASO-170x127.jpg 170w, https:\/\/blogdafeira.com.br\/home\/wp-content\/uploads\/2014\/03\/LAGOA-DO-PRATO-RASO-346x259.jpg 346w\" sizes=\"auto, (max-width: 640px) 100vw, 640px\" \/>Em junho do ano ano passado, \u00a0quando come\u00e7aram as obras de terraplanagem e aterramento de parte da Lagoa Prato Raso, uma &#8216;nascente&#8217; brotou e complicou as obras de constru\u00e7\u00e3o de um galp\u00e3o de empresa privada de Feira de Santana.<\/p><div id=\"blogd-1535612694\" class=\"blogd-conteudo-2-mobile blogd-entity-placement\"><a href=\"https:\/\/feirenses.com.br\/\" target=\"_blank\" aria-label=\"feirenses\"><img loading=\"lazy\" decoding=\"async\" src=\"https:\/\/blogdafeira.com.br\/home\/wp-content\/uploads\/2026\/04\/feirenses.png\" alt=\"\"  srcset=\"https:\/\/blogdafeira.com.br\/home\/wp-content\/uploads\/2026\/04\/feirenses.png 300w, https:\/\/blogdafeira.com.br\/home\/wp-content\/uploads\/2026\/04\/feirenses-170x45.png 170w, https:\/\/blogdafeira.com.br\/home\/wp-content\/uploads\/2026\/04\/feirenses-280x74.png 280w\" sizes=\"(max-width: 300px) 100vw, 300px\" class=\"no-lazyload\" width=\"300\" height=\"79\"  style=\"display: inline-block;\" \/><\/a><\/div>\n<p>O radialista e jornalista Carlos Lima registrou o fato no site dele:\u00a0<a href=\"http:\/\/www.cljornal.com.br\/editorias\/feira\/a-lagoa-do-prato-raso-insiste-em-ser-lagoa\" target=\"_blank\">A Lagoa do Prato Raso insiste em ser lagoa<\/a>.<\/p>\n<p>Pois o &#8216;fen\u00f4meno&#8217; voltou a acontecer quase um ano depois. Com as chuvas dos \u00faltimos dias em Feira, o local onde brotou o olho d&#8217;\u00e1gua voltou a ficar alagado e mais uma vez complica as obras para a constru\u00e7\u00e3o de um galp\u00e3o de uma tradicional empresa de Feira de Santana.<\/p>\n<div id=\"blogd-3417984716\" class=\"blogd-final-post blogd-entity-placement\"><a href=\"https:\/\/www.feiradesantana.ba.leg.br\/\" target=\"_blank\" aria-label=\"BANNER-SITE-ENTREGADECHEQUE-CAMARADEFEIRA\"><img loading=\"lazy\" decoding=\"async\" src=\"https:\/\/blogdafeira.com.br\/home\/wp-content\/uploads\/2026\/03\/BANNER-SITE-ENTREGADECHEQUE-CAMARADEFEIRA.gif\" alt=\"\"  class=\"no-lazyload\" width=\"728\" height=\"90\"   \/><\/a><\/div><p>A Lagoa do Prato Raso resiste.<\/p>\n","protected":false},"excerpt":{"rendered":"<p>Em junho do ano ano passado, \u00a0quando come\u00e7aram as obras de terraplanagem e aterramento de parte da Lagoa Prato Raso, uma &#8216;nascente&#8217; brotou e complicou as obras de constru\u00e7\u00e3o de um galp\u00e3o de empresa privada de Feira de Santana. O radialista e jornalista Carlos Lima registrou o fato no site dele:\u00a0A Lagoa do Prato Raso<\/p>\n","protected":false},"author":1,"featured_media":0,"comment_status":"closed","ping_status":"closed","sticky":false,"template":"","format":"standard","meta":{"jetpack_post_was_ever_published":false,"cybocfi_hide_featured_image":"","_jetpack_newsletter_access":"","_jetpack_dont_email_post_to_subs":false,"_jetpack_newsletter_tier_id":0,"_jetpack_memberships_contains_paywalled_content":false,"_jetpack_memberships_contains_paid_content":false,"footnotes":"","jetpack_publicize_message":"","jetpack_publicize_feature_enabled":true,"jetpack_social_post_already_shared":true,"jetpack_social_options":{"image_generator_settings":{"template":"highway","default_image_id":0,"font":"","enabled":false},"version":2}},"categories":[1],"tags":[],"class_list":["post-9459","post","type-post","status-publish","format-standard","hentry","category-raiz"],"jetpack_publicize_connections":[],"jetpack_featured_media_url":"","jetpack_shortlink":"https:\/\/wp.me\/p3niVf-2sz","jetpack_sharing_enabled":true,"jetpack-related-posts":[{"id":9478,"url":"https:\/\/blogdafeira.com.br\/home\/2014\/03\/06\/audiencias-publicas-sobre-zoneamento-ecologico-da-bahia-comecam-por-feira\/","url_meta":{"origin":9459,"position":0},"title":"Audi\u00eancias p\u00fablicas sobre Zoneamento Ecol\u00f3gico da Bahia come\u00e7am por Feira","author":"Blog da Feira","date":"06\/03\/2014","format":false,"excerpt":"Uma audi\u00eancia p\u00fablica para elabora\u00e7\u00e3o do Zoneamento Ecol\u00f3gico-Econ\u00f4mico da Bahia (ZEE), na pr\u00f3xima segunda-feira, no Centro de Cultura \u2018Am\u00e9lio Amorim\u201d, \u00a0em Feira de Santana, abre o ciclo de mais 5 encontros deste tipo em diferentes cidades da Bahia, encerrando em Paulo Afonso. O Zoneamento vai detectar quais as \u00e1reas que\u2026","rel":"","context":"Em &quot;Home&quot;","block_context":{"text":"Home","link":"https:\/\/blogdafeira.com.br\/home\/categoria\/raiz\/"},"img":{"alt_text":"jose-sergio-gabrielli","src":"https:\/\/i0.wp.com\/blogdafeira.com.br\/home\/wp-content\/uploads\/2014\/03\/jose-sergio-gabrielli-170x115.jpg?resize=350%2C200","width":350,"height":200},"classes":[]},{"id":9074,"url":"https:\/\/blogdafeira.com.br\/home\/2014\/02\/11\/governador-jacques-wagner-salve-a-lagoa-salgada\/","url_meta":{"origin":9459,"position":1},"title":"Governador Jacques Wagner, salve a Lagoa Salgada!","author":"Blog da Feira","date":"11\/02\/2014","format":false,"excerpt":"A Lagoa Grande, que antigamente abasteceu d'\u00e1gua a cidade de Feira de Santana, est\u00e1 praticamente 'salva' com as obras de urbaniza\u00e7\u00e3o projetada que finalmente est\u00e3o sendo feitas no entorno dela. Mas a Lagoa Salgada, Governador, est\u00e1 \u00e0 merc\u00ea da natural gan\u00e2ncia por espa\u00e7os, terras e patrim\u00f4nios que o bicho homem\u2026","rel":"","context":"Em &quot;Home&quot;","block_context":{"text":"Home","link":"https:\/\/blogdafeira.com.br\/home\/categoria\/raiz\/"},"img":{"alt_text":"DSC00639","src":"https:\/\/i0.wp.com\/blogdafeira.com.br\/home\/wp-content\/uploads\/2014\/02\/DSC00639.jpg?resize=350%2C200","width":350,"height":200,"srcset":"https:\/\/i0.wp.com\/blogdafeira.com.br\/home\/wp-content\/uploads\/2014\/02\/DSC00639.jpg?resize=350%2C200 1x, https:\/\/i0.wp.com\/blogdafeira.com.br\/home\/wp-content\/uploads\/2014\/02\/DSC00639.jpg?resize=525%2C300 1.5x"},"classes":[]},{"id":24129,"url":"https:\/\/blogdafeira.com.br\/home\/2016\/11\/05\/lagoa-salgada-esta-sendo-asfixiada-por-causa-da-noide-cerqueira-em-feira\/","url_meta":{"origin":9459,"position":2},"title":"Lagoa Salgada est\u00e1 sendo &#8216;asfixiada&#8217; por causa da Noide Cerqueira em Feira","author":"Blog da Feira","date":"05\/11\/2016","format":false,"excerpt":"Enquanto a cidade se expande acompanhando o tra\u00e7ado da avenida Noide Cerqueira at\u00e9 a BR-324, a Lagoa Salgada, um dos patrim\u00f4nios h\u00eddricos de Feira de Santana, come\u00e7a a ser comprimida, 'asfixiada' da mesma\u00a0maneira como aconteceu com a Lagoa do Prato Raso pr\u00f3xima ao centro urbano-comercial da cidade. Na Lagoa do\u2026","rel":"","context":"Em &quot;Home&quot;","block_context":{"text":"Home","link":"https:\/\/blogdafeira.com.br\/home\/categoria\/raiz\/"},"img":{"alt_text":"img_20161104_104317908","src":"https:\/\/i0.wp.com\/blogdafeira.com.br\/home\/wp-content\/uploads\/2016\/11\/IMG_20161104_104317908-1024x576.jpg?resize=350%2C200","width":350,"height":200,"srcset":"https:\/\/i0.wp.com\/blogdafeira.com.br\/home\/wp-content\/uploads\/2016\/11\/IMG_20161104_104317908-1024x576.jpg?resize=350%2C200 1x, https:\/\/i0.wp.com\/blogdafeira.com.br\/home\/wp-content\/uploads\/2016\/11\/IMG_20161104_104317908-1024x576.jpg?resize=525%2C300 1.5x, https:\/\/i0.wp.com\/blogdafeira.com.br\/home\/wp-content\/uploads\/2016\/11\/IMG_20161104_104317908-1024x576.jpg?resize=700%2C400 2x"},"classes":[]},{"id":5792,"url":"https:\/\/blogdafeira.com.br\/home\/2013\/10\/29\/nova-avenida-de-feira-e-uma-ameaca-ambiental-a-lagoa-salgada\/","url_meta":{"origin":9459,"position":3},"title":"Nova avenida de Feira \u00e9 uma amea\u00e7a ambiental \u00e0 Lagoa Salgada","author":"Blog da Feira","date":"29\/10\/2013","format":false,"excerpt":"A Lagoa Suba\u00e9\/Salgada est\u00e1 entre as maiores de Feira de Santana que j\u00e1 possuiu no seu entorno mais de 60 lagoas, muitas hoje afetadas ou extintas pela degrada\u00e7\u00e3o ambiental. A nova avenida N\u00f3ide Cerqueira, que est\u00e1 em constru\u00e7\u00e3o e vai criar uma nova liga\u00e7\u00e3o vi\u00e1ria do centro da cidade com\u2026","rel":"","context":"Em &quot;Home&quot;","block_context":{"text":"Home","link":"https:\/\/blogdafeira.com.br\/home\/categoria\/raiz\/"},"img":{"alt_text":"DSC09372","src":"https:\/\/i0.wp.com\/blogdafeira.com.br\/home\/wp-content\/uploads\/2013\/10\/DSC09372.jpg?resize=350%2C200","width":350,"height":200,"srcset":"https:\/\/i0.wp.com\/blogdafeira.com.br\/home\/wp-content\/uploads\/2013\/10\/DSC09372.jpg?resize=350%2C200 1x, https:\/\/i0.wp.com\/blogdafeira.com.br\/home\/wp-content\/uploads\/2013\/10\/DSC09372.jpg?resize=525%2C300 1.5x"},"classes":[]},{"id":62010,"url":"https:\/\/blogdafeira.com.br\/home\/2024\/04\/30\/lagoas-de-feira-de-santana-passam-por-analise-preliminar-de-qualidade-da-agua\/","url_meta":{"origin":9459,"position":4},"title":"Lagoas de Feira de Santana passam por an\u00e1lise preliminar de qualidade da \u00e1gua","author":"Blog da Feira","date":"30\/04\/2024","format":false,"excerpt":"As lagoas do Prato Raso, Grande, Suba\u00e9 e Salgada passaram por uma an\u00e1lise preliminar de qualidade da \u00e1gua, onde os par\u00e2metros f\u00edsico, qu\u00edmico e microbiol\u00f3gico foram observados. Em mar\u00e7o, amostras de \u00e1gua das lagoas foram coletadas e enviadas para um laborat\u00f3rio especializado. A iniciativa \u00e9 da Secretaria Municipal de Meio\u2026","rel":"","context":"Em &quot;Cidade&quot;","block_context":{"text":"Cidade","link":"https:\/\/blogdafeira.com.br\/home\/categoria\/cidade\/"},"img":{"alt_text":"","src":"https:\/\/i0.wp.com\/blogdafeira.com.br\/home\/wp-content\/uploads\/2024\/04\/30042024162944.jpg?resize=350%2C200&ssl=1","width":350,"height":200,"srcset":"https:\/\/i0.wp.com\/blogdafeira.com.br\/home\/wp-content\/uploads\/2024\/04\/30042024162944.jpg?resize=350%2C200&ssl=1 1x, https:\/\/i0.wp.com\/blogdafeira.com.br\/home\/wp-content\/uploads\/2024\/04\/30042024162944.jpg?resize=525%2C300&ssl=1 1.5x, https:\/\/i0.wp.com\/blogdafeira.com.br\/home\/wp-content\/uploads\/2024\/04\/30042024162944.jpg?resize=700%2C400&ssl=1 2x, https:\/\/i0.wp.com\/blogdafeira.com.br\/home\/wp-content\/uploads\/2024\/04\/30042024162944.jpg?resize=1050%2C600&ssl=1 3x"},"classes":[]},{"id":6031,"url":"https:\/\/blogdafeira.com.br\/home\/2013\/11\/12\/parque-da-lagoa-grande-e-uma-obra-complicada-e-cheia-de-problemas\/","url_meta":{"origin":9459,"position":5},"title":"Lagoa Grande \u00e9 uma obra complicada e cheia de problemas em Feira","author":"Blog da Feira","date":"12\/11\/2013","format":false,"excerpt":"As obras da Lagoa Grande, em Feira de Santana, \u00a0n\u00e3o est\u00e3o apenas lentas, quase parando, elas est\u00e3o complicadas sob o ponto de vista t\u00e9cnico que \u00a0por sua vez, complica as opera\u00e7\u00f5es de trabalho e pagamentos contratuais entre o Governo da Bahia e empresas de engenharia. A urbaniza\u00e7\u00e3o e aterro em\u2026","rel":"","context":"Em &quot;Home&quot;","block_context":{"text":"Home","link":"https:\/\/blogdafeira.com.br\/home\/categoria\/raiz\/"},"img":{"alt_text":"LAGOA GRANDE","src":"https:\/\/i0.wp.com\/blogdafeira.com.br\/home\/wp-content\/uploads\/2013\/11\/LAGOA-GRANDE.jpg?resize=350%2C200","width":350,"height":200,"srcset":"https:\/\/i0.wp.com\/blogdafeira.com.br\/home\/wp-content\/uploads\/2013\/11\/LAGOA-GRANDE.jpg?resize=350%2C200 1x, https:\/\/i0.wp.com\/blogdafeira.com.br\/home\/wp-content\/uploads\/2013\/11\/LAGOA-GRANDE.jpg?resize=525%2C300 1.5x"},"classes":[]}],"_links":{"self":[{"href":"https:\/\/blogdafeira.com.br\/home\/wp-json\/wp\/v2\/posts\/9459","targetHints":{"allow":["GET"]}}],"collection":[{"href":"https:\/\/blogdafeira.com.br\/home\/wp-json\/wp\/v2\/posts"}],"about":[{"href":"https:\/\/blogdafeira.com.br\/home\/wp-json\/wp\/v2\/types\/post"}],"author":[{"embeddable":true,"href":"https:\/\/blogdafeira.com.br\/home\/wp-json\/wp\/v2\/users\/1"}],"replies":[{"embeddable":true,"href":"https:\/\/blogdafeira.com.br\/home\/wp-json\/wp\/v2\/comments?post=9459"}],"version-history":[{"count":1,"href":"https:\/\/blogdafeira.com.br\/home\/wp-json\/wp\/v2\/posts\/9459\/revisions"}],"predecessor-version":[{"id":9461,"href":"https:\/\/blogdafeira.com.br\/home\/wp-json\/wp\/v2\/posts\/9459\/revisions\/9461"}],"wp:attachment":[{"href":"https:\/\/blogdafeira.com.br\/home\/wp-json\/wp\/v2\/media?parent=9459"}],"wp:term":[{"taxonomy":"category","embeddable":true,"href":"https:\/\/blogdafeira.com.br\/home\/wp-json\/wp\/v2\/categories?post=9459"},{"taxonomy":"post_tag","embeddable":true,"href":"https:\/\/blogdafeira.com.br\/home\/wp-json\/wp\/v2\/tags?post=9459"}],"curies":[{"name":"wp","href":"https:\/\/api.w.org\/{rel}","templated":true}]}}