{"id":9703,"date":"2014-03-19T07:54:39","date_gmt":"2014-03-19T10:54:39","guid":{"rendered":"http:\/\/blogdafeira.com.br\/home\/?p=9703"},"modified":"2014-03-19T07:54:39","modified_gmt":"2014-03-19T10:54:39","slug":"o-momento-da-policia-militar-da-bahia","status":"publish","type":"post","link":"https:\/\/blogdafeira.com.br\/home\/2014\/03\/19\/o-momento-da-policia-militar-da-bahia\/","title":{"rendered":"O momento da Pol\u00edcia Militar da Bahia"},"content":{"rendered":"<p><iframe loading=\"lazy\" width=\"480\" height=\"360\" src=\"\/\/www.youtube.com\/embed\/yOwp3hdwlls\" frameborder=\"0\" allowfullscreen><\/iframe><\/p>\n<div id=\"blogd-4162542011\" class=\"blogd-fim-do-post-mobile blogd-entity-placement\" style=\"margin-left: auto;margin-right: auto;text-align: center;\"><a href=\"https:\/\/www.sefaz.feiradesantana.ba.gov.br\/\" target=\"_blank\" aria-label=\"728&#215;90 (6)\"><img loading=\"lazy\" decoding=\"async\" src=\"https:\/\/blogdafeira.com.br\/home\/wp-content\/uploads\/2026\/03\/728x90-6.gif\" alt=\"\"  class=\"no-lazyload\" width=\"728\" height=\"90\"  style=\"display: inline-block;\" \/><\/a><\/div><p>Como <a title=\"Governo tem chance de modernizar a PMBA\" href=\"http:\/\/abordagempolicial.com\/2014\/01\/governo-da-bahia-tem-chance-de-modernizar-pmba\/\" target=\"_blank\">j\u00e1 dissemos<\/a> <a title=\"Entrevista com presidente da AOPM-BA\" href=\"http:\/\/abordagempolicial.com\/2014\/02\/entrevista-com-o-presidente-da-associacao-dos-oficiais-pmba\/\" target=\"_blank\">neste blog<\/a> <a title=\"Governador se re\u00fane com Associa\u00e7\u00f5es\" href=\"http:\/\/abordagempolicial.com\/2014\/02\/governador-se-reune-amanha-com-associacoes-pmba\/\" target=\"_blank\">em oportunidades recentes<\/a>, a Pol\u00edcia Militar da Bahia vive um momento hist\u00f3rico, em que foi amplamente discutida a estrutura da institui\u00e7\u00e3o, com foco nos pressupostos de valoriza\u00e7\u00e3o dos policiais militares, que sofrem de um d\u00e9ficit significativo em virtude do descaso de sucessivos governos.<\/p><div id=\"blogd-1469975333\" class=\"blogd-conteudo-2-mobile blogd-entity-placement\"><a href=\"https:\/\/feirenses.com.br\/\" target=\"_blank\" aria-label=\"feirenses\"><img loading=\"lazy\" decoding=\"async\" src=\"https:\/\/blogdafeira.com.br\/home\/wp-content\/uploads\/2026\/04\/feirenses.png\" alt=\"\"  srcset=\"https:\/\/blogdafeira.com.br\/home\/wp-content\/uploads\/2026\/04\/feirenses.png 300w, https:\/\/blogdafeira.com.br\/home\/wp-content\/uploads\/2026\/04\/feirenses-170x45.png 170w, https:\/\/blogdafeira.com.br\/home\/wp-content\/uploads\/2026\/04\/feirenses-280x74.png 280w\" sizes=\"(max-width: 300px) 100vw, 300px\" class=\"no-lazyload\" width=\"300\" height=\"79\"  style=\"display: inline-block;\" \/><\/a><\/div>\n<p>A novidade \u00e9 que, pela primeira vez na hist\u00f3ria da corpora\u00e7\u00e3o, atrav\u00e9s da Comiss\u00e3o de Moderniza\u00e7\u00e3o da PM, fomos ouvidos com a oportunidade de expor raz\u00f5es t\u00e9cnicas, motivacionais e legais. Agora, surgem as expectativas: de tudo o proposto, o que ser\u00e1 realidade?<\/p>\n<p>Seria um grande erro estrat\u00e9gico do Governo tomar a iniciativa de formar uma Comiss\u00e3o com o car\u00e1ter propositor e ignorar as inten\u00e7\u00f5es dessa mesma Comiss\u00e3o por ele formada, com a participa\u00e7\u00e3o, inclusive, de membros do pr\u00f3prio Governo. Essa \u00e9 uma das raz\u00f5es pelas quais vale a pena estar atento ao que est\u00e1 ocorrendo, e, por parte dos representantes diretamente envolvidos, marcar posi\u00e7\u00f5es visando uma negocia\u00e7\u00e3o que chegue aos interesses coletivos.<\/p>\n<p>Mesmo com a pouca experi\u00eancia que n\u00f3s, militares, temos com as lutas sindicais, consequ\u00eancia da proibi\u00e7\u00e3o legal a que estamos submetidos \u2013 em 5o anos a PMBA n\u00e3o realizou sequer 10 movimentos reivindicat\u00f3rios \u2013 n\u00e3o podemos correr o risco de perder a atual oportunidade. Nesse sentido, o conceito t\u00e3o conhecido de Uso Progressivo da For\u00e7a \u00e9 did\u00e1tico para entendermos como nos comportar em momentos como esse.<\/p>\n<p>\u00c9 bom n\u00e3o louvar a radicaliza\u00e7\u00e3o pela radicaliza\u00e7\u00e3o, para n\u00e3o correr o risco da antipatia da sociedade nem a realiza\u00e7\u00e3o de um movimento reivindicat\u00f3rio ca\u00f3tico que acaba por gerar preju\u00edzo gerais \u00e0 categoria e espec\u00edficos \u00e0queles que \u201ccolocam o pesco\u00e7o na forca\u201d, servindo de bodes expiat\u00f3rios, como a hist\u00f3ria mostra.<\/p>\n<p>Por outro lado, \u00e9 preciso que seja mantido o respeito aos posicionamentos e \u00e0s posturas reivindicat\u00f3rias dos representantes da categoria, como tem ocorrido at\u00e9 aqui. Atitudes repudi\u00e1veis como a tomada pela Rede Record, que censurou o v\u00eddeo publicit\u00e1rio que as Associa\u00e7\u00f5es tentaram anunciar na emissora tratando do atual momento s\u00e3o contraproducentes e antidemocr\u00e1ticas. Mesmo porque o v\u00eddeo n\u00e3o exibe nada de \u201cexplosivo\u201d, pelo contr\u00e1rio.(veja o v\u00eddeo acima).<\/p>\n<p>Fruto do momento de uni\u00e3o vivido pelos policiais militares baianos, no pr\u00f3ximo dia 21 de mar\u00e7o, sexta-feira, \u00e0s 15h, as Associa\u00e7\u00f5es representativas realizar\u00e3o uma Assembleia hist\u00f3rica, onde pra\u00e7as e oficiais estar\u00e3o juntos no Wet\u2019n Wild, em Salvador, para tratar das propostas apresentadas ao governo e rumo das reivindica\u00e7\u00f5es.<\/p>\n<p>Todos devem estar atentos aos acontecimentos, pois certamente teremos momentos hist\u00f3ricos na Corpora\u00e7\u00e3o nas pr\u00f3ximas semanas.<\/p>\n<div id=\"blogd-1736488161\" class=\"blogd-final-post blogd-entity-placement\"><a href=\"https:\/\/www.feiradesantana.ba.leg.br\/\" target=\"_blank\" aria-label=\"BANNER-SITE-ENTREGADECHEQUE-CAMARADEFEIRA\"><img loading=\"lazy\" decoding=\"async\" src=\"https:\/\/blogdafeira.com.br\/home\/wp-content\/uploads\/2026\/03\/BANNER-SITE-ENTREGADECHEQUE-CAMARADEFEIRA.gif\" alt=\"\"  class=\"no-lazyload\" width=\"728\" height=\"90\"   \/><\/a><\/div><p><a href=\"http:\/\/abordagempolicial.com\/\" target=\"_blank\"><strong>Danillo Ferreira\/<\/strong> Abordagem Policial<\/a><\/p>\n","protected":false},"excerpt":{"rendered":"<p>Como j\u00e1 dissemos neste blog em oportunidades recentes, a Pol\u00edcia Militar da Bahia vive um momento hist\u00f3rico, em que foi amplamente discutida a estrutura da institui\u00e7\u00e3o, com foco nos pressupostos de valoriza\u00e7\u00e3o dos policiais militares, que sofrem de um d\u00e9ficit significativo em virtude do descaso de sucessivos governos. A novidade \u00e9 que, pela primeira vez<\/p>\n","protected":false},"author":1,"featured_media":0,"comment_status":"closed","ping_status":"closed","sticky":false,"template":"","format":"standard","meta":{"jetpack_post_was_ever_published":false,"cybocfi_hide_featured_image":"","_jetpack_newsletter_access":"","_jetpack_dont_email_post_to_subs":false,"_jetpack_newsletter_tier_id":0,"_jetpack_memberships_contains_paywalled_content":false,"_jetpack_memberships_contains_paid_content":false,"footnotes":"","jetpack_publicize_message":"","jetpack_publicize_feature_enabled":true,"jetpack_social_post_already_shared":true,"jetpack_social_options":{"image_generator_settings":{"template":"highway","default_image_id":0,"font":"","enabled":false},"version":2}},"categories":[1],"tags":[],"class_list":["post-9703","post","type-post","status-publish","format-standard","hentry","category-raiz"],"jetpack_publicize_connections":[],"jetpack_featured_media_url":"","jetpack_shortlink":"https:\/\/wp.me\/p3niVf-2wv","jetpack_sharing_enabled":true,"jetpack-related-posts":[{"id":9174,"url":"https:\/\/blogdafeira.com.br\/home\/2014\/02\/17\/entrevista-com-o-presidente-da-associacao-dos-oficiais-pmba\/","url_meta":{"origin":9703,"position":0},"title":"Entrevista com o Presidente da Associa\u00e7\u00e3o dos Oficiais PMBA","author":"Blog da Feira","date":"17\/02\/2014","format":false,"excerpt":"Na pr\u00f3xima sexta, 21 de fevereiro, pouco mais de dois anos ap\u00f3s o movimento grevista que chamou a aten\u00e7\u00e3o do pa\u00eds, chega o momento do Governador Jaques Wagner (PT-BA) se manifestar a respeito das propostas remetidas a sua equipe pela comiss\u00e3o de moderniza\u00e7\u00e3o da Pol\u00edcia Militar da Bahia, composta por\u2026","rel":"","context":"Em &quot;Home&quot;","block_context":{"text":"Home","link":"https:\/\/blogdafeira.com.br\/home\/categoria\/raiz\/"},"img":{"alt_text":"POLICIA MILTIAR","src":"https:\/\/i0.wp.com\/blogdafeira.com.br\/home\/wp-content\/uploads\/2014\/02\/POLICIA-MILTIAR.jpg?resize=350%2C200","width":350,"height":200,"srcset":"https:\/\/i0.wp.com\/blogdafeira.com.br\/home\/wp-content\/uploads\/2014\/02\/POLICIA-MILTIAR.jpg?resize=350%2C200 1x, https:\/\/i0.wp.com\/blogdafeira.com.br\/home\/wp-content\/uploads\/2014\/02\/POLICIA-MILTIAR.jpg?resize=525%2C300 1.5x"},"classes":[]},{"id":71253,"url":"https:\/\/blogdafeira.com.br\/home\/2026\/02\/05\/coronel-ivana-tem-56-anos-e-dentista-e-esta-ha-32-na-policia-militar-da-bahia\/","url_meta":{"origin":9703,"position":1},"title":"Coronel Ivana tem 56 anos, \u00e9 dentista e est\u00e1 h\u00e1 32 na Pol\u00edcia Militar da Bahia","author":"Blog da Feira","date":"05\/02\/2026","format":false,"excerpt":"A tenente-coronel PM Ivana Teixeira Andrade, 56 anos, graduada em Odontologia , foi promovida a a coronel \u2013 o mais alto posto da Pol\u00edcia Militar da Bahia (PMBA). Representa um marco hist\u00f3rico na corpora\u00e7\u00e3o que completou 200 anos de existencia . A primeira coronel da PM baiana tem uma trajet\u00f3ria\u2026","rel":"","context":"Em &quot;Destaques&quot;","block_context":{"text":"Destaques","link":"https:\/\/blogdafeira.com.br\/home\/categoria\/destaques\/"},"img":{"alt_text":"","src":"https:\/\/i0.wp.com\/blogdafeira.com.br\/home\/wp-content\/uploads\/2026\/02\/Foto-Sgt-RRC-MagnoPMBA.jpeg?resize=350%2C200&ssl=1","width":350,"height":200,"srcset":"https:\/\/i0.wp.com\/blogdafeira.com.br\/home\/wp-content\/uploads\/2026\/02\/Foto-Sgt-RRC-MagnoPMBA.jpeg?resize=350%2C200&ssl=1 1x, https:\/\/i0.wp.com\/blogdafeira.com.br\/home\/wp-content\/uploads\/2026\/02\/Foto-Sgt-RRC-MagnoPMBA.jpeg?resize=525%2C300&ssl=1 1.5x, https:\/\/i0.wp.com\/blogdafeira.com.br\/home\/wp-content\/uploads\/2026\/02\/Foto-Sgt-RRC-MagnoPMBA.jpeg?resize=700%2C400&ssl=1 2x, https:\/\/i0.wp.com\/blogdafeira.com.br\/home\/wp-content\/uploads\/2026\/02\/Foto-Sgt-RRC-MagnoPMBA.jpeg?resize=1050%2C600&ssl=1 3x, https:\/\/i0.wp.com\/blogdafeira.com.br\/home\/wp-content\/uploads\/2026\/02\/Foto-Sgt-RRC-MagnoPMBA.jpeg?resize=1400%2C800&ssl=1 4x"},"classes":[]},{"id":57038,"url":"https:\/\/blogdafeira.com.br\/home\/2023\/03\/27\/justica-proibe-policia-militar-de-investigar-homicidios-de-pms-contra-civis\/","url_meta":{"origin":9703,"position":2},"title":"Justi\u00e7a pro\u00edbe Pol\u00edcia Militar de investigar homic\u00eddios de PMs contra civis","author":"Blog da Feira","date":"27\/03\/2023","format":false,"excerpt":"O Plen\u00e1rio do Tribunal de Justi\u00e7a da Bahia decidiu, na semana passada, que a Pol\u00edcia Militar n\u00e3o pode investigar criminalmente os homic\u00eddios dolosos praticados por seus agentes contra civis. A decis\u00e3o declarou inconstitucionais seis artigos da Instru\u00e7\u00e3o Normativa Conjunta da Secretaria de Seguran\u00e7a P\u00fablica, Pol\u00edcia Militar, Corpo de Bombeiros Militar,\u2026","rel":"","context":"Em &quot;Geral&quot;","block_context":{"text":"Geral","link":"https:\/\/blogdafeira.com.br\/home\/categoria\/geral\/"},"img":{"alt_text":"","src":"https:\/\/i0.wp.com\/blogdafeira.com.br\/home\/wp-content\/uploads\/2023\/03\/previsto-para-o-segundo-semestre-concurso-da-policia-civil-da-bahia-1280-86c00fd8.jpg?resize=350%2C200&ssl=1","width":350,"height":200,"srcset":"https:\/\/i0.wp.com\/blogdafeira.com.br\/home\/wp-content\/uploads\/2023\/03\/previsto-para-o-segundo-semestre-concurso-da-policia-civil-da-bahia-1280-86c00fd8.jpg?resize=350%2C200&ssl=1 1x, https:\/\/i0.wp.com\/blogdafeira.com.br\/home\/wp-content\/uploads\/2023\/03\/previsto-para-o-segundo-semestre-concurso-da-policia-civil-da-bahia-1280-86c00fd8.jpg?resize=525%2C300&ssl=1 1.5x, https:\/\/i0.wp.com\/blogdafeira.com.br\/home\/wp-content\/uploads\/2023\/03\/previsto-para-o-segundo-semestre-concurso-da-policia-civil-da-bahia-1280-86c00fd8.jpg?resize=700%2C400&ssl=1 2x, https:\/\/i0.wp.com\/blogdafeira.com.br\/home\/wp-content\/uploads\/2023\/03\/previsto-para-o-segundo-semestre-concurso-da-policia-civil-da-bahia-1280-86c00fd8.jpg?resize=1050%2C600&ssl=1 3x"},"classes":[]},{"id":10187,"url":"https:\/\/blogdafeira.com.br\/home\/2014\/04\/10\/policia-militar-da-bahia-forma-mais-de-600-novos-sargentos\/","url_meta":{"origin":9703,"position":3},"title":"Pol\u00edcia Militar da Bahia forma mais de 600 novos sargentos","author":"Blog da Feira","date":"10\/04\/2014","format":false,"excerpt":"A Pol\u00edcia Militar inicia nesta sexta-feira (11), \u00e0s 9h, a realiza\u00e7\u00e3o das Solenidades C\u00edvico Militar para a formatura dos novos 667 Sargentos do Curso Especial de Forma\u00e7\u00e3o de Sargentos (CEFS), em todo o Estado . Em Salvador, a cerim\u00f4nia ter\u00e1 168 formandos e acontece na Vila da Pol\u00edcia Militar (VPM),\u2026","rel":"","context":"Em &quot;Home&quot;","block_context":{"text":"Home","link":"https:\/\/blogdafeira.com.br\/home\/categoria\/raiz\/"},"img":{"alt_text":"","src":"","width":0,"height":0},"classes":[]},{"id":66629,"url":"https:\/\/blogdafeira.com.br\/home\/2025\/04\/08\/felipe-freitas-em-feira-nesta-quarta-feira-palestra-no-workshop-de-equoterapia-da-pm\/","url_meta":{"origin":9703,"position":4},"title":"Felipe Freitas em Feira nesta quarta-feira palestra no Workshop de Equoterapia da PM","author":"Blog da Feira","date":"08\/04\/2025","format":false,"excerpt":"Secret\u00e1rio de Justi\u00e7a e Direitos Humanos da Bahia, Prof.\u00ba Dr. Felipe Freitas, ir\u00e1 proferir a palestra de abertura do \"Primeiro Workshop de Equoterapia da PMBA\" onde abordar\u00e1 o tema \"O cuidado com as pessoas com defici\u00eancia e as pol\u00edticas de direitos humanos\". O evento ocorrer\u00e1 nesta quarta-feira (9), \u00e0s 08h00,\u2026","rel":"","context":"Em &quot;Geral&quot;","block_context":{"text":"Geral","link":"https:\/\/blogdafeira.com.br\/home\/categoria\/geral\/"},"img":{"alt_text":"","src":"https:\/\/i0.wp.com\/blogdafeira.com.br\/home\/wp-content\/uploads\/2025\/04\/Screenshot_20250408-111759.png?resize=350%2C200&ssl=1","width":350,"height":200,"srcset":"https:\/\/i0.wp.com\/blogdafeira.com.br\/home\/wp-content\/uploads\/2025\/04\/Screenshot_20250408-111759.png?resize=350%2C200&ssl=1 1x, https:\/\/i0.wp.com\/blogdafeira.com.br\/home\/wp-content\/uploads\/2025\/04\/Screenshot_20250408-111759.png?resize=525%2C300&ssl=1 1.5x, https:\/\/i0.wp.com\/blogdafeira.com.br\/home\/wp-content\/uploads\/2025\/04\/Screenshot_20250408-111759.png?resize=700%2C400&ssl=1 2x"},"classes":[]},{"id":12204,"url":"https:\/\/blogdafeira.com.br\/home\/2014\/08\/28\/policia-militar-da-bahia-no-cinema-nacional-trampolim-do-forte\/","url_meta":{"origin":9703,"position":5},"title":"Pol\u00edcia Militar da Bahia no cinema nacional: &#8216;Trampolim do Forte&#8217;","author":"Blog da Feira","date":"28\/08\/2014","format":false,"excerpt":"A Pol\u00edcia Militar da Bahia volta \u00e0s telas dos cinemas em mais um filme. H\u00e1 alguns anos foi retratada no cl\u00e1ssico \u201c\u00d3 pa\u00ed, \u00f3\u201d como institui\u00e7\u00e3o composta por homens que s\u00e3o \u201ccomo papel higi\u00eanico: quando n\u00e3o est\u00e3o enrolados, est\u00e3o na m\u2026\u201d, nas palavras de um personagem. O roteiro apresentava um\u2026","rel":"","context":"Em &quot;Home&quot;","block_context":{"text":"Home","link":"https:\/\/blogdafeira.com.br\/home\/categoria\/raiz\/"},"img":{"alt_text":"trampolim-do-forte","src":"https:\/\/i0.wp.com\/blogdafeira.com.br\/home\/wp-content\/uploads\/2014\/08\/trampolim-do-forte.jpg?resize=350%2C200","width":350,"height":200,"srcset":"https:\/\/i0.wp.com\/blogdafeira.com.br\/home\/wp-content\/uploads\/2014\/08\/trampolim-do-forte.jpg?resize=350%2C200 1x, https:\/\/i0.wp.com\/blogdafeira.com.br\/home\/wp-content\/uploads\/2014\/08\/trampolim-do-forte.jpg?resize=525%2C300 1.5x"},"classes":[]}],"_links":{"self":[{"href":"https:\/\/blogdafeira.com.br\/home\/wp-json\/wp\/v2\/posts\/9703","targetHints":{"allow":["GET"]}}],"collection":[{"href":"https:\/\/blogdafeira.com.br\/home\/wp-json\/wp\/v2\/posts"}],"about":[{"href":"https:\/\/blogdafeira.com.br\/home\/wp-json\/wp\/v2\/types\/post"}],"author":[{"embeddable":true,"href":"https:\/\/blogdafeira.com.br\/home\/wp-json\/wp\/v2\/users\/1"}],"replies":[{"embeddable":true,"href":"https:\/\/blogdafeira.com.br\/home\/wp-json\/wp\/v2\/comments?post=9703"}],"version-history":[{"count":2,"href":"https:\/\/blogdafeira.com.br\/home\/wp-json\/wp\/v2\/posts\/9703\/revisions"}],"predecessor-version":[{"id":9705,"href":"https:\/\/blogdafeira.com.br\/home\/wp-json\/wp\/v2\/posts\/9703\/revisions\/9705"}],"wp:attachment":[{"href":"https:\/\/blogdafeira.com.br\/home\/wp-json\/wp\/v2\/media?parent=9703"}],"wp:term":[{"taxonomy":"category","embeddable":true,"href":"https:\/\/blogdafeira.com.br\/home\/wp-json\/wp\/v2\/categories?post=9703"},{"taxonomy":"post_tag","embeddable":true,"href":"https:\/\/blogdafeira.com.br\/home\/wp-json\/wp\/v2\/tags?post=9703"}],"curies":[{"name":"wp","href":"https:\/\/api.w.org\/{rel}","templated":true}]}}