{"id":25,"name":"Traz\u00edbulo Henrique","url":"","description":"Nascido em Feira de Santana, na safra de 1957, equilibra-se bem entre a matem\u00e1tica, de que \u00e9 professor, e a poesia, \u00e0 qual oferece dedica\u00e7\u00e3o diferenciada e apoio integral. Ativista liter\u00e1rio, participou das revistas Atos e Salamandra, ambas de poesia, e O Lixo, de contos. \u00c9 tamb\u00e9m co-diretor da revista Hera, a mais longeva publica\u00e7\u00e3o de poesia no Brasil, desde 1985. Al\u00e9m de textos avulsos em revistas, Traz\u00edbulo Casas publicou dois livros de poesia: Explica\u00e7\u00f5es \u00e0 Minha Bota Furada (1983) e Noite Verde (2000).","link":"https:\/\/blogdafeira.com.br\/home\/author\/thenrique\/","slug":"thenrique","avatar_urls":{"24":"https:\/\/blogdafeira.com.br\/home\/wp-content\/uploads\/2020\/04\/traz\u00edbulo-24x24.png","48":"https:\/\/blogdafeira.com.br\/home\/wp-content\/uploads\/2020\/04\/traz\u00edbulo-48x48.png","96":"https:\/\/blogdafeira.com.br\/home\/wp-content\/uploads\/2020\/04\/traz\u00edbulo-96x96.png"},"meta":{"jetpack_donation_warning_dismissed":false},"simple_local_avatar":{"media_id":37302,"full":"https:\/\/blogdafeira.com.br\/home\/wp-content\/uploads\/2020\/04\/traz\u00edbulo.png","blog_id":1,"64":"https:\/\/blogdafeira.com.br\/home\/wp-content\/uploads\/2020\/04\/traz\u00edbulo-64x64.png","32":"https:\/\/blogdafeira.com.br\/home\/wp-content\/uploads\/2020\/04\/traz\u00edbulo-32x32.png","500":"https:\/\/blogdafeira.com.br\/home\/wp-content\/uploads\/2020\/04\/traz\u00edbulo.png","250":"https:\/\/blogdafeira.com.br\/home\/wp-content\/uploads\/2020\/04\/traz\u00edbulo-250x250.png","92":"https:\/\/blogdafeira.com.br\/home\/wp-content\/uploads\/2020\/04\/traz\u00edbulo-92x92.png","46":"https:\/\/blogdafeira.com.br\/home\/wp-content\/uploads\/2020\/04\/traz\u00edbulo-46x46.png","200":"https:\/\/blogdafeira.com.br\/home\/wp-content\/uploads\/2020\/04\/traz\u00edbulo-200x200.png","24":"https:\/\/blogdafeira.com.br\/home\/wp-content\/uploads\/2020\/04\/traz\u00edbulo-24x24.png","48":"https:\/\/blogdafeira.com.br\/home\/wp-content\/uploads\/2020\/04\/traz\u00edbulo-48x48.png","96":"https:\/\/blogdafeira.com.br\/home\/wp-content\/uploads\/2020\/04\/traz\u00edbulo-96x96.png"},"_links":{"self":[{"href":"https:\/\/blogdafeira.com.br\/home\/wp-json\/wp\/v2\/users\/25","targetHints":{"allow":["GET"]}}],"collection":[{"href":"https:\/\/blogdafeira.com.br\/home\/wp-json\/wp\/v2\/users"}]}}